{"id":21815,"date":"2025-04-13T09:14:42","date_gmt":"2025-04-13T09:14:42","guid":{"rendered":"https:\/\/www.europesays.com\/fr\/21815\/"},"modified":"2025-04-13T09:14:42","modified_gmt":"2025-04-13T09:14:42","slug":"coralie-et-bruno-maries-au-premier-regard-devoilent-des-photos-inedites-de-leur-voyage-de-noces","status":"publish","type":"post","link":"https:\/\/www.europesays.com\/fr\/21815\/","title":{"rendered":"Coralie et Bruno (Mari\u00e9s au premier regard) d\u00e9voilent des photos in\u00e9dites de leur voyage de noces"},"content":{"rendered":"<p class=\"articleContent-meta\">\n        Hier \u00e0 09:00 &#8211; par             Sophie Bongart<\/p>\n<p>                    Tweeter<\/p>\n<p>                    Partager sur Facebook<\/p>\n<p>                        <img decoding=\"async\" src=\"https:\/\/www.europesays.com\/fr\/wp-content\/uploads\/2025\/04\/1744535682_852_la-famille-de-clemence-rencontre-celle-de-son-potentiel-futur-epoux-dans-maries-au-premier-regard.jp.jpeg\" alt=\"Player Video\" class=\"player-applyRatio poster exclude-seedtag\"\/><\/p>\n<p>Bruno et Coralie, r\u00e9v\u00e9l\u00e9s dans la neuvi\u00e8me saison de Mari\u00e9s au premier regard, ont surpris leur communaut\u00e9 en d\u00e9voilant une facette plus l\u00e9g\u00e8re et complice de leur relation. Une vid\u00e9o in\u00e9dite de leur soir\u00e9e a conquis les internautes !<\/p>\n<p>Dans la saison 9 de Mari\u00e9s au premier regard, <a href=\"https:\/\/www.programme.tv\/news\/tele-realite\/240692-coralie-maries-au-premier-regard-toujours-mariee-a-bruno-elle-partage-un-tendre-message-qui-en-dit-long\/\" target=\"_blank\" rel=\"noopener\">Bruno et Coralie<\/a> ont tent\u00e9 une exp\u00e9rience in\u00e9dite : se marier \u00e0 l&rsquo;aveugle. Si leur premi\u00e8re rencontre a \u00e9t\u00e9 pleine d\u2019\u00e9motion, le conte de f\u00e9es a rapidement perdu de sa magie. D\u00e8s la nuit de noces, Coralie a \u00e9t\u00e9 d\u00e9\u00e7ue par le manque d\u2019effort de Bruno, et les premiers jours de leur lune de miel ont \u00e9t\u00e9 marqu\u00e9s par des tensions, notamment \u00e0 cause de l&rsquo;attitude jug\u00e9e trop autoritaire de son mari. Malgr\u00e9 ce d\u00e9but difficile, le couple a d\u00e9cid\u00e9 de s\u2019accorder un moment loin des cam\u00e9ras pour souffler. Ce t\u00eate-\u00e0-t\u00eate leur a permis de rel\u00e2cher la pression, et <a href=\"https:\/\/www.programme.tv\/news\/tele-realite\/240586-j-ai-senti-l-homme-coralie-maries-au-premier-regard-livre-des-details-croustillants-sur-sa-nuit-de-noces-avec-bruno\/\" target=\"_blank\" rel=\"noopener\">Coralie a v\u00e9cu un vrai moment d\u2019intimit\u00e9 avec Bruno<\/a>, qu&rsquo;elle a d\u00e9couvert plus d\u00e9tendu. Lors d\u2019une balade \u00e0 Mijas, l&rsquo;infirmi\u00e8re de 37 ans a d\u00e9cid\u00e9 d\u2019exprimer ses doutes : <a href=\"https:\/\/www.programme.tv\/news\/tele-realite\/240646-on-peut-divorcer-bruno-maries-au-premier-regard-lasse-des-reproches-de-coralie-il-se-braque-dans-le-dernier-episode\/\" target=\"_blank\" rel=\"noopener\">elle peine \u00e0 cerner la vraie personnalit\u00e9 de Bruno<\/a>, tant il semble diff\u00e9rent en priv\u00e9 et en public.<\/p>\n<p>Bruno et Coralie s&rsquo;affichent plus complices que jamais en off<\/p>\n<p>Au lendemain de la diffusion des derniers \u00e9pisodes de Mari\u00e9s au premier regard, Bruno a pris la parole sur Instagram. En l\u00e9gende d\u2019une photo prise avec Coralie, il a admis ne pas avoir aim\u00e9 l\u2019image qu\u2019il avait renvoy\u00e9e \u00e0 l\u2019\u00e9cran, se trouvant parfois \u00ab\u00a0insupportable\u00a0\u00bb. Il a d\u00e9crit l\u2019aventure comme une \u00ab\u00a0vraie th\u00e9rapie\u00a0\u00bb qui l\u2019a pouss\u00e9 \u00e0 se remettre en question. Ce jeudi 10 avril,<b> les jeunes mari\u00e9s ont publi\u00e9 une vid\u00e9o in\u00e9dite de leur <\/b><b>\u00ab\u00a0soir\u00e9e hors cam\u00e9ra\u00a0\u00bb <\/b><b>pendant leur voyage de noces.<\/b> On y voit Bruno et Coralie tr\u00e8s complices, encha\u00eenant les fous rires. Une parenth\u00e8se qui a s\u00e9duit les internautes, nombreux \u00e0 commenter : \u00ab\u00a0Vous \u00eates trop mignons, vous rayonnez le bonheur tous les deux\u00a0\u00bb, \u00ab\u00a0Comment ne pas \u00eatre sous le charme. Ces moments off vous appartiennent\u00a0\u00bb, \u00ab\u00a0On valide fort\u00a0\u00bb, ou encore \u00ab\u00a0Un bin\u00f4me incroyable.\u00a0\u00bb Une vid\u00e9o qui contraste avec les tensions vues \u00e0 l\u2019\u00e9cran, et qui relance l\u2019espoir des fans quant \u00e0 la suite de leur histoire.<\/p>\n<p>                                    Coralie agac\u00e9e par le comportement de Bruno ?<\/p>\n<p>Dans l\u2019\u00e9pisode diffus\u00e9 le 31 mars de Mari\u00e9s au premier regard, Coralie a d\u00e9cid\u00e9 d\u2019ouvrir son c\u0153ur \u00e0 Bruno, d\u00e9stabilis\u00e9e par son comportement. Si elle avait \u00e9t\u00e9 s\u00e9duite au d\u00e9part par ses attentions, elle a rapidement \u00e9t\u00e9 agac\u00e9e par son c\u00f4t\u00e9 trop contr\u00f4lant. Lors d\u2019une balade \u00e0 Mijas, elle lui a exprim\u00e9 ses doutes : \u00ab\u00a0Il y a une diff\u00e9rence entre l&rsquo;homme que j&rsquo;ai vu hier soir quand on \u00e9tait seuls et celui que je c\u00f4toie pendant la journ\u00e9e.\u00a0\u00bb Avant de poursuivre : \u00ab\u00a0Je n\u2019arrive pas \u00e0 te ressentir. [&#8230;] Il fallait \u00e0 un moment donn\u00e9 que je le verbalise. Je ne te juge pas.\u00a0\u00bb Cette remise en question a profond\u00e9ment touch\u00e9 Bruno. Face cam\u00e9ra, il a avou\u00e9 : \u00ab\u00a0\u00c7a veut dire qu\u2019elle n\u2019a pas vraiment le d\u00e9clic. Je n\u2019ai pas aim\u00e9.\u00a0\u00bb M\u00eame si Coralie a pr\u00e9cis\u00e9 qu\u2019elle cherchait \u00ab\u00a0un juste milieu\u00a0\u00bb et qu\u2019elle le consid\u00e9rait comme \u00ab\u00a0un homme g\u00e9nial\u00a0\u00bb, ses propos ne l\u2019ont pas rassur\u00e9. Au contraire, une phrase en particulier l\u2019a bless\u00e9 : \u00ab\u00a0S\u2019il y a des choses qui ne correspondent pas, \u00e7a fera plaisir \u00e0 d\u2019autres, m\u00eame si ce n\u2019est pas le but.\u00a0\u00bb Bruno a confi\u00e9 l\u2019avoir interpr\u00e9t\u00e9e comme un signe de d\u00e9tachement : \u00ab\u00a0Je l\u2019ai ressenti comme : \u2018Ce n\u2019est pas grave, on peut divorcer et tu trouveras une autre personne\u2019.\u00a0\u00bb Leur compatibilit\u00e9 tiendra-t-elle face \u00e0 ces premi\u00e8res d\u00e9sillusions ?<\/p>\n<p>Article \u00e9crit avec la collaboration de 6Medias<\/p>\n<p>Rejoignez-nous sur Google News !<\/p>\n<p class=\"articleContent-pushTagline\">Abonnez-vous \u00e0 <a href=\"https:\/\/news.google.com\/publications\/CAAiEJwr-IZFXDFoZD1ePbkC_VcqFAgKIhCcK_iGRVwxaGQ9Xj25Av1X\" target=\"_blank\" rel=\"noopener\">T\u00e9l\u00e9 2 semaines sur Google News<\/a> pour ne manquer aucune info !<\/p>\n","protected":false},"excerpt":{"rendered":"Hier \u00e0 09:00 &#8211; par Sophie Bongart Tweeter Partager sur Facebook Bruno et Coralie, r\u00e9v\u00e9l\u00e9s dans la neuvi\u00e8me&hellip;\n","protected":false},"author":2,"featured_media":21816,"comment_status":"","ping_status":"","sticky":false,"template":"","format":"standard","meta":{"footnotes":""},"categories":[1356],"tags":[58,59,1011,27,5214,252,3604,1364,1630],"class_list":{"0":"post-21815","1":"post","2":"type-post","3":"status-publish","4":"format-standard","5":"has-post-thumbnail","7":"category-television","8":"tag-divertissement","9":"tag-entertainment","10":"tag-fr","11":"tag-france","12":"tag-mariu00e9s-au-premier-regard","13":"tag-television","14":"tag-tu00e9lu00e9-ru00e9alitu00e9","15":"tag-tv","16":"tag-zapping"},"share_on_mastodon":{"url":"https:\/\/pubeurope.com\/@fr\/114329895755962445","error":""},"_links":{"self":[{"href":"https:\/\/www.europesays.com\/fr\/wp-json\/wp\/v2\/posts\/21815","targetHints":{"allow":["GET"]}}],"collection":[{"href":"https:\/\/www.europesays.com\/fr\/wp-json\/wp\/v2\/posts"}],"about":[{"href":"https:\/\/www.europesays.com\/fr\/wp-json\/wp\/v2\/types\/post"}],"author":[{"embeddable":true,"href":"https:\/\/www.europesays.com\/fr\/wp-json\/wp\/v2\/users\/2"}],"replies":[{"embeddable":true,"href":"https:\/\/www.europesays.com\/fr\/wp-json\/wp\/v2\/comments?post=21815"}],"version-history":[{"count":0,"href":"https:\/\/www.europesays.com\/fr\/wp-json\/wp\/v2\/posts\/21815\/revisions"}],"wp:featuredmedia":[{"embeddable":true,"href":"https:\/\/www.europesays.com\/fr\/wp-json\/wp\/v2\/media\/21816"}],"wp:attachment":[{"href":"https:\/\/www.europesays.com\/fr\/wp-json\/wp\/v2\/media?parent=21815"}],"wp:term":[{"taxonomy":"category","embeddable":true,"href":"https:\/\/www.europesays.com\/fr\/wp-json\/wp\/v2\/categories?post=21815"},{"taxonomy":"post_tag","embeddable":true,"href":"https:\/\/www.europesays.com\/fr\/wp-json\/wp\/v2\/tags?post=21815"}],"curies":[{"name":"wp","href":"https:\/\/api.w.org\/{rel}","templated":true}]}}