{"id":218160,"date":"2025-07-01T12:41:11","date_gmt":"2025-07-01T12:41:11","guid":{"rendered":"https:\/\/www.europesays.com\/fr\/218160\/"},"modified":"2025-07-01T12:41:11","modified_gmt":"2025-07-01T12:41:11","slug":"allemagne-legere-hausse-du-nombre-de-chomeurs-en-juin-boursorama","status":"publish","type":"post","link":"https:\/\/www.europesays.com\/fr\/218160\/","title":{"rendered":"Allemagne: l\u00e9g\u00e8re hausse du nombre de ch\u00f4meurs en juin &#8211; Boursorama"},"content":{"rendered":"<ol>\n<li><a href=\"https:\/\/news.google.com\/rss\/articles\/CBMiywFBVV95cUxNY2dheWhjaFlSZmhPdE1RTGpVR2xfdkdtbTNHb0Z4YV9sWG9hd1dvOWNZN0ZScTk3YU1Cb2lsQjN0bkM3T2R1OWljLW03c0szNXAxUG5YbERLczBPV2VQQUY5Q3otNWJYMEE2a1FwcVItUWlhS0tXMXp2Tk1rcjlodkNUQ3dSRjUtcHc0ekhRYVgyckQ3dkRwQXNoakU2VUpHelo1TE5RcWtmQXhnZjRvMWprUmhwMWlyNElQMjhLdDR2ZkFMS3VLSGFfd9IB0AFBVV95cUxPTUhJandJdWx5cUFjemNIWVN4dTRHdFBfeGhVTDIyRWNlUHl6M1pQS2FVdGJQbFkyYXkyQndxc29CcXpFQzU0cUQ2bGN6NWZQZ1ZxRjZlc1B6NmdjYTNxV1VnRHNKLW12TFpJRmFSM0c3MDl4ZG1FZmE4cTFTdmppMWlPQjNibkxrTXFWU09sQ3NRUW52aU1XSzhLVDA0SzV5VkNPMDdTMWNrZ3dxS3RhRklMTEFIVWZFLW5HVEZnMUJLLUVBSTVwSDdHWjVfYTFN?oc=5\" target=\"_blank\" rel=\"nofollow noopener\">Allemagne: l\u00e9g\u00e8re hausse du nombre de ch\u00f4meurs en juin<\/a>&nbsp;&nbsp;Boursorama<\/li>\n<li><a href=\"https:\/\/news.google.com\/rss\/articles\/CBMinAFBVV95cUxQS2M3UWNfTFB0STh3UktXZFlGUnZoaFVvLW1fb3AtMGlKakhuZVRMeHNPR1pqZFQwdTVSQ3VjbE5rbm5FXzduNDk5d2tJdk9Mam1kUm5od2h5YUk2VHNIcU12SHBMYjdmZGhKYVR1Uzl3LVBDYnJwV2hHcnZrUGZwT1MwOW1PVkc2cWlUWldHYm13WWMtOV9Zbk5NSS3SAaIBQVVfeXFMUG9uejlDNFpqa05xcm5OUzFRb2hNR2JTSW1GUWROM2JmWWVFUXVqeEhTMkdQcm9LNzBtNGlMVm9ON0J3Wkd5cWJmdXRaSHNOeUE2RWNXXzRpNGc4Mi0xaHRCU0hqdjY2Q1RIWGlRRlNHZXNKdVJHYXdPZGYxandkQXRUTnpZWkozOUtERFRCTGFYdmJPVDZNLXVYR0kwRVRBLTRR?oc=5\" target=\"_blank\" rel=\"nofollow noopener\">Allemagne : stabilisation du taux de ch\u00f4mage en juin&#8230;<\/a>&nbsp;&nbsp;Fortuneo<\/li>\n<li><a href=\"https:\/\/news.google.com\/rss\/articles\/CBMinwFBVV95cUxQU2VyLXBadnBqNDVvRkp0WFZaLTJXN3ZiT1kwQUhsVzFpR2x1WTk3M003SWRCTjZwOE1UU1JNSjMwOWtzMnA5dWlYZEZQN3d4dzZqeVhueVhyY1ktMTFVMnNhWVZwR0VZT0hSUTBQQWtHODRFVW82SmhiRmV3VnlGWHJjQzVEVVF3MTJYeWxtY1pxSm9rLXp2TkoxSHRNQWM?oc=5\" target=\"_blank\" rel=\"nofollow noopener\">Allemagne: le march\u00e9 de l&#8217;emploi toujours morose en juin<\/a>&nbsp;&nbsp;Le Figaro<\/li>\n<li><a href=\"https:\/\/news.google.com\/rss\/articles\/CBMiwwFBVV95cUxOdEx4MEx1dUs2ZlhYaXpGSEp5ZVpBWW91UlRTS0hMS1NTc0JsMmZKRERQNHRHZk9nanZMTFFzd2puSUJFaVBpWUxxQUlYSWVTaWtnM1hnUTdzYWw3d2p2NEhic0V1Vnd4OWZfQldsUVNJM3VfbG1zWTI3bnY1djNQS0w4aVhmQXRwd0J3VE9TajY5WHlmcmdZNDN5eGw0aXhwaWprZ0hMWHdQb01yNzlTT0dLeld1Zm1FY2hNaFdPRnM0b28?oc=5\" target=\"_blank\" rel=\"nofollow noopener\">Allemagne : Le ch\u00f4mage augmente moins que pr\u00e9vu en juin<\/a>&nbsp;&nbsp;Les Echos<\/li>\n<li><a href=\"https:\/\/news.google.com\/rss\/articles\/CBMiqAFBVV95cUxQNTM2R2JlbzdfZEdJQ1V4RFlNRHhhdVVSRTQxSHVoa3JndUczNGliam9JanhzUW1Kcmw2M3BRU25GYWx2Y1JKU21qcXNiUTBVQkwzZXBfSWhaX3pjbkp4TnU1U05Nc1pOd25wVzNncUN2aEdTcnFhNXhRTEJqdGJtQlQwcGJpSzl6aTZUX1hEZ0tScTJSRXlSZFZPdExaQW5zT1VGZEozNGs?oc=5\" target=\"_blank\" rel=\"nofollow noopener\">Le ch\u00f4mage allemand augmente moins que pr\u00e9vu en juin<\/a>&nbsp;&nbsp;Zonebourse Suisse<\/li>\n<\/ol>\n","protected":false},"excerpt":{"rendered":"Allemagne: l\u00e9g\u00e8re hausse du nombre de ch\u00f4meurs en juin&nbsp;&nbsp;Boursorama Allemagne : stabilisation du taux de ch\u00f4mage en juin&#8230;&nbsp;&nbsp;Fortuneo&hellip;\n","protected":false},"author":2,"featured_media":2554,"comment_status":"","ping_status":"","sticky":false,"template":"","format":"standard","meta":{"footnotes":""},"categories":[1587],"tags":[400,11,672,398,408,1804,405,1805,1803,1777,674,1801,403,402,399,404,12,1802,401,406,407],"class_list":{"0":"post-218160","1":"post","2":"type-post","3":"status-publish","4":"format-standard","5":"has-post-thumbnail","7":"category-allemagne","8":"tag-action-cac-40","9":"tag-actualites","10":"tag-allemagne","11":"tag-bourse-de-paris","12":"tag-boursorama","13":"tag-bundesrepublik-deutschland","14":"tag-cotations","15":"tag-de","16":"tag-deutschland","17":"tag-eu","18":"tag-europe","19":"tag-germany","20":"tag-indices-devises","21":"tag-investir","22":"tag-investissement","23":"tag-marche-boursier","24":"tag-news","25":"tag-republique-federale-dallemagne","26":"tag-sicav","27":"tag-trackers","28":"tag-warrants"},"share_on_mastodon":{"url":"https:\/\/pubeurope.com\/@fr\/114778032369845572","error":""},"_links":{"self":[{"href":"https:\/\/www.europesays.com\/fr\/wp-json\/wp\/v2\/posts\/218160","targetHints":{"allow":["GET"]}}],"collection":[{"href":"https:\/\/www.europesays.com\/fr\/wp-json\/wp\/v2\/posts"}],"about":[{"href":"https:\/\/www.europesays.com\/fr\/wp-json\/wp\/v2\/types\/post"}],"author":[{"embeddable":true,"href":"https:\/\/www.europesays.com\/fr\/wp-json\/wp\/v2\/users\/2"}],"replies":[{"embeddable":true,"href":"https:\/\/www.europesays.com\/fr\/wp-json\/wp\/v2\/comments?post=218160"}],"version-history":[{"count":0,"href":"https:\/\/www.europesays.com\/fr\/wp-json\/wp\/v2\/posts\/218160\/revisions"}],"wp:featuredmedia":[{"embeddable":true,"href":"https:\/\/www.europesays.com\/fr\/wp-json\/wp\/v2\/media\/2554"}],"wp:attachment":[{"href":"https:\/\/www.europesays.com\/fr\/wp-json\/wp\/v2\/media?parent=218160"}],"wp:term":[{"taxonomy":"category","embeddable":true,"href":"https:\/\/www.europesays.com\/fr\/wp-json\/wp\/v2\/categories?post=218160"},{"taxonomy":"post_tag","embeddable":true,"href":"https:\/\/www.europesays.com\/fr\/wp-json\/wp\/v2\/tags?post=218160"}],"curies":[{"name":"wp","href":"https:\/\/api.w.org\/{rel}","templated":true}]}}