{"id":218165,"date":"2025-07-01T12:44:09","date_gmt":"2025-07-01T12:44:09","guid":{"rendered":"https:\/\/www.europesays.com\/fr\/218165\/"},"modified":"2025-07-01T12:44:09","modified_gmt":"2025-07-01T12:44:09","slug":"il-a-definitivement-seduit-le-staff-des-bleus","status":"publish","type":"post","link":"https:\/\/www.europesays.com\/fr\/218165\/","title":{"rendered":"il a d\u00e9finitivement s\u00e9duit le staff des Bleus"},"content":{"rendered":"<p>            Par<br \/>\n        <strong><br \/>\n            <a href=\"https:\/\/actu.fr\/auteur\/thomas-corbet-actu-fr\" title=\"Consulter tous les articles de Thomas Corbet\" rel=\"nofollow noopener\" target=\"_blank\">Thomas Corbet<\/a><br \/>\n        <\/strong><\/p>\n<p>        Publi\u00e9 le<\/p>\n<p>            1 juil. 2025 \u00e0 11h49        <\/p>\n<p>Alors que le <a href=\"https:\/\/actu.fr\/rugby\/xv-de-france\" rel=\"nofollow noopener\" target=\"_blank\">XV de France<\/a> se pr\u00e9pare \u00e0 affronter les All Blacks lors du premier des trois tests estivaux, Laurent Semp\u00e9r\u00e9 s\u2019est \u00e9tendu sur le cas d\u2019un joueur convoqu\u00e9 sur <a href=\"https:\/\/actu.fr\/sports\/rugby\/pro\/xv-de-france-avec-tom-spring-et-tyler-duguid-la-liste-des-bleus-pour-la-tournee-en-nouvelle-zelande_62816199.html\" rel=\"nofollow noopener\" target=\"_blank\">la liste des Bleus<\/a>. Un \u00e9l\u00e9ment qui a <strong>largement s\u00e9duit le staff tricolore<\/strong> par son activit\u00e9, sa polyvalence mais aussi \u00ab\u00a0un <strong>QI rugby hors norme<\/strong>\u00ab\u00a0.\u00a0<\/p>\n<p>XV de France : Micka\u00ebl Guillard s\u00e9duit le staff<\/p>\n<p class=\" wall-content\">En bleu comme un poisson dans l\u2019eau ! Micka\u00ebl Guillard s\u2019est si rapidement fondu dans le collectif du XV de France qu\u2019on aurait presque l\u2019impression qu\u2019il y navigue depuis plusieurs saisons.\u00a0<\/p>\n<p class=\" wall-content\">Les secrets de son aisance, Laurent Semp\u00e9r\u00e9 est revenu dessus alors que les Tricolores pr\u00e9parent assidument leur premi\u00e8re rencontre de l\u2019\u00e9t\u00e9 contre la Nouvelle-Z\u00e9lande, pr\u00e9vue ce samedi 5 juillet \u00e0 9h05 (heure fran\u00e7aise).<\/p>\n<p class=\" wall-content\">\u00ab\u00a0Il a un QI rugby hors norme et un potentiel physique tr\u00e8s int\u00e9ressant. Il a une densit\u00e9 physique notable mais aussi une capacit\u00e9 \u00e0 se d\u00e9placer tr\u00e8s importante pour un num\u00e9ro 5. Et comme c\u2019est un 8 de formation, il a des acquis sur les placements et ce qu\u2019on peut attendre de lui \u00e0 ce poste-l\u00e0. Ce qui l\u2019aide en 5, c\u2019est cette capacit\u00e9 \u00e0 jouer\u00a0\u00bb, salue l\u2019entraineur adjoint du XV de France.<\/p>\n<p class=\" wall-content\">Il poursuit : \u00ab\u00a0Dans notre 5 de derri\u00e8re, la 2e ligne et la 3e ligne, on a des joueurs capables de jouer \u00e0 plusieurs postes et on leur demande quasiment les m\u00eames choses \u00e0 part les t\u00e2ches sp\u00e9cifiques.\u00a0\u00bb<\/p>\n<p>Un pur polyvalent<\/p>\n<p class=\" wall-content\">Pour les supporters de Lyon, la pr\u00e9sence de Micka\u00ebl Guillard dans les rangs du XV de France depuis pr\u00e8s de 12 mois sonne comme une \u00e9vidence. Pour d\u2019autres, il a fallu attendre le dernier Tournoi des 6 Nations pour voir exploser le ph\u00e9nom\u00e8ne pass\u00e9 par Massy.\u00a0<\/p>\n<p>Vid\u00e9os : en ce moment sur Actu<\/p>\n<p class=\" wall-content\">\u00c9poustouflant dans la cage lorsqu\u2019il a form\u00e9 un attelage prometteur avec Thibaud Flament lors des trois derni\u00e8res rencontres du 6 Nations, Micka\u00ebl Guillard l\u2019a presque tout autant \u00e9t\u00e9 au couloir contre l\u2019Angleterre \u00e0 Twickenham le 21 juin dernier. \u00c0 ce rythme, il devrait rapidement cimenter sa place dans ce groupe France.<\/p>\n<p class=\" wall-content\">\u00ab\u00a0Micka, on l\u2019a d\u00e9couvert en Argentine l\u2019ann\u00e9e derni\u00e8re, il fait partie des joueurs qui se sont r\u00e9v\u00e9l\u00e9s pendant cette tourn\u00e9e d\u2019\u00e9t\u00e9. Vous avez vu pendant le Tournoi ce dont il a \u00e9t\u00e9 capable au poste de num\u00e9ro 5, mais c\u2019est sa polyvalence qui est un atout incroyable. C\u2019est \u00e7a aussi le rugby moderne, des athl\u00e8tes capables de jouer \u00e0 plusieurs positions. Il joue indiff\u00e9remment 4, 5 , 8, il peut se positionner \u00e0 ces trois postes et nous apporter un rendement int\u00e9ressant, comme on l\u2019a vu lors de sa premi\u00e8re sortie en 8 \u00e0 Twickenham. C\u2019est un poste qu\u2019il peut ma\u00eetriser sans probl\u00e8me\u00a0\u00bb, avoue Laurent Semp\u00e9r\u00e9 presque admiratif.<\/p>\n<p class=\" wall-content\">On saura jeudi dans la matin\u00e9e quel poste le Lyonnais occupera lors du premier test, annonce de la composition des Bleus pr\u00e9vue aux alentours de 11h.\u00a0<\/p>\n<p class=\" wall-content\">Suivez toute l\u2019actualit\u00e9 de vos villes et m\u00e9dias favoris en vous inscrivant \u00e0 <a href=\"https:\/\/moncompte.actu.fr\" title=\"D\u00e9couvez Mon Actu\" rel=\"nofollow noopener\" data-trk=\"{&quot;cta&quot;:{&quot;action&quot;:&quot;https:\\\/\\\/moncompte.actu.fr&quot;,&quot;category&quot;:&quot;mon compte&quot;,&quot;from&quot;:&quot;article footer&quot;,&quot;name&quot;:&quot;Mon actu&quot;,&quot;type&quot;:&quot;cta&quot;}}\" target=\"_blank\">Mon Actu<\/a>.<\/p>\n","protected":false},"excerpt":{"rendered":"Par Thomas Corbet Publi\u00e9 le 1 juil. 2025 \u00e0 11h49 Alors que le XV de France se pr\u00e9pare&hellip;\n","protected":false},"author":2,"featured_media":218166,"comment_status":"","ping_status":"","sticky":false,"template":"","format":"standard","meta":{"footnotes":""},"categories":[2],"tags":[11,1011,27,12,3788,25,479,60,513],"class_list":{"0":"post-218165","1":"post","2":"type-post","3":"status-publish","4":"format-standard","5":"has-post-thumbnail","7":"category-actualites","8":"tag-actualites","9":"tag-fr","10":"tag-france","11":"tag-news","12":"tag-pro","13":"tag-republique-francaise","14":"tag-rugby","15":"tag-sports","16":"tag-xv-de-france"},"share_on_mastodon":{"url":"https:\/\/pubeurope.com\/@fr\/114778044303235866","error":""},"_links":{"self":[{"href":"https:\/\/www.europesays.com\/fr\/wp-json\/wp\/v2\/posts\/218165","targetHints":{"allow":["GET"]}}],"collection":[{"href":"https:\/\/www.europesays.com\/fr\/wp-json\/wp\/v2\/posts"}],"about":[{"href":"https:\/\/www.europesays.com\/fr\/wp-json\/wp\/v2\/types\/post"}],"author":[{"embeddable":true,"href":"https:\/\/www.europesays.com\/fr\/wp-json\/wp\/v2\/users\/2"}],"replies":[{"embeddable":true,"href":"https:\/\/www.europesays.com\/fr\/wp-json\/wp\/v2\/comments?post=218165"}],"version-history":[{"count":0,"href":"https:\/\/www.europesays.com\/fr\/wp-json\/wp\/v2\/posts\/218165\/revisions"}],"wp:featuredmedia":[{"embeddable":true,"href":"https:\/\/www.europesays.com\/fr\/wp-json\/wp\/v2\/media\/218166"}],"wp:attachment":[{"href":"https:\/\/www.europesays.com\/fr\/wp-json\/wp\/v2\/media?parent=218165"}],"wp:term":[{"taxonomy":"category","embeddable":true,"href":"https:\/\/www.europesays.com\/fr\/wp-json\/wp\/v2\/categories?post=218165"},{"taxonomy":"post_tag","embeddable":true,"href":"https:\/\/www.europesays.com\/fr\/wp-json\/wp\/v2\/tags?post=218165"}],"curies":[{"name":"wp","href":"https:\/\/api.w.org\/{rel}","templated":true}]}}