{"id":218167,"date":"2025-07-01T12:45:12","date_gmt":"2025-07-01T12:45:12","guid":{"rendered":"https:\/\/www.europesays.com\/fr\/218167\/"},"modified":"2025-07-01T12:45:12","modified_gmt":"2025-07-01T12:45:12","slug":"le-prix-des-consultations-chez-le-medecin-augmente-de-nouveau-au-1er-juillet","status":"publish","type":"post","link":"https:\/\/www.europesays.com\/fr\/218167\/","title":{"rendered":"le prix des consultations chez le m\u00e9decin augmente de nouveau au 1er juillet"},"content":{"rendered":"<p>    Le prix des consultations chez le m\u00e9decin augmente de nouveau au 1er juillet<br \/>\n                ursule \/ stock.adobe.com<\/p>\n<p>D\u00e8s le 1er juillet 2025, les patients doivent d\u00e9sormais d\u00e9bourser entre 1 \u20ac et 7 \u20ac de plus qu\u2019auparavant pour consulter certains sp\u00e9cialistes.<\/p>\n<p class=\"fig-paragraph\">Apr\u00e8s une premi\u00e8re vague de hausses fin d\u00e9cembre 2024, le prix des consultations m\u00e9dicales augmentera pour certains sp\u00e9cialistes au 1er juillet 2025. Selon l\u2019Assurance maladie, l\u2019objectif est de rendre la m\u00e9decine de ville plus attractive pour les g\u00e9n\u00e9ralistes et les sp\u00e9cialistes et ainsi redynamiser l\u2019installation de cabinets.<\/p>\n<p>Une hausse des prix des consultations obligatoires de l\u2019enfant<\/p>\n<p class=\"fig-paragraph\">D\u00e9sormais, les passages chez le p\u00e9diatre co\u00fbtent 40\u20ac pour les 0-2 ans (contre 39 \u20ac avant le 1er juillet 2025). Quant aux visites obligatoires pour les plus jeunes, leur prix est revaloris\u00e9 au 1er juillet \u00e0 hauteur de 60\u20ac, tout comme la nouvelle consultation d\u2019expertise p\u00e9diatrique pour les enfants de 0 \u00e0 16 ans.\u00a0<\/p>\n<p>Alors que la sant\u00e9 mentale des 12-25 ans s\u2019est d\u00e9grad\u00e9e depuis la crise sanitaire, les consultations en p\u00e9dopsychiatrie sont renforc\u00e9es et valoris\u00e9es de 67\u20ac \u00e0 75\u20ac. Elles concerneront les jeunes jusqu\u2019\u00e0 25 ans et plus seulement 16 ans. Les consultations dites \u00ab complexes\u00a0\u00bb, impliquant la pr\u00e9sence de la famille pour un enfant pr\u00e9sentant une pathologie psychiatrique grave, sont \u00e9galement revaloris\u00e9es, pour encourager un suivi adapt\u00e9 des situations d\u00e9licates.<\/p>\n<p>Revalorisation des tarifs m\u00e9dicaux pour les personnes \u00e2g\u00e9es<\/p>\n<p class=\"fig-paragraph\">Sp\u00e9cialistes du suivi des personnes \u00e2g\u00e9es et des pathologies sp\u00e9cifiques li\u00e9es au vieillissement, les m\u00e9decins g\u00e9riatres voient leurs consultations revaloris\u00e9es \u00e0 42\u20ac au 1er juillet 2025 (37\u20ac au 22 d\u00e9cembre 2024, et 31,5\u20ac aujourd\u2019hui).\u00a0<\/p>\n<p>\u00c0 partir de janvier 2026, les patients de plus de 80 ans b\u00e9n\u00e9ficieront d\u2019une consultation longue d\u2019un montant de 60 \u20ac avec leur m\u00e9decin traitant dans certaines situations qui n\u00e9cessitent qu\u2019il leur consacre davantage de temps.\u00a0<br \/>Pour soutenir la prise en charge des patients \u00e2g\u00e9s, souffrant souvent de plusieurs pathologies et n\u00e9cessitant une coordination des soins et des interventions entre les diff\u00e9rents professionnels de sant\u00e9, la convention m\u00e9dicale pr\u00e9voit une r\u00e9mun\u00e9ration am\u00e9lior\u00e9e du m\u00e9decin traitant\u00a0: ainsi, le forfait m\u00e9decin traitant pr\u00e9voit d\u00e9sormais un montant de 100\u20ac par an, pour le suivi d\u2019un patient de plus de 80 ans et en affection de longue dur\u00e9e.<\/p>\n","protected":false},"excerpt":{"rendered":"Le prix des consultations chez le m\u00e9decin augmente de nouveau au 1er juillet ursule \/ stock.adobe.com D\u00e8s le&hellip;\n","protected":false},"author":2,"featured_media":218168,"comment_status":"","ping_status":"","sticky":false,"template":"","format":"standard","meta":{"footnotes":""},"categories":[2],"tags":[11,732,1011,27,6339,224,35750,225,12,35751,35336,25,35752,8062,35749,21927,227],"class_list":{"0":"post-218167","1":"post","2":"type-post","3":"status-publish","4":"format-standard","5":"has-post-thumbnail","7":"category-actualites","8":"tag-actualites","9":"tag-assurance-maladie","10":"tag-fr","11":"tag-france","12":"tag-medecin","13":"tag-medecine","14":"tag-medecine-douce","15":"tag-medicament","16":"tag-news","17":"tag-prendre-soin-de-sa-sante","18":"tag-remede","19":"tag-republique-francaise","20":"tag-se-soigner","21":"tag-soigner","22":"tag-soin","23":"tag-therapies","24":"tag-traitement"},"share_on_mastodon":{"url":"https:\/\/pubeurope.com\/@fr\/114778048056768998","error":""},"_links":{"self":[{"href":"https:\/\/www.europesays.com\/fr\/wp-json\/wp\/v2\/posts\/218167","targetHints":{"allow":["GET"]}}],"collection":[{"href":"https:\/\/www.europesays.com\/fr\/wp-json\/wp\/v2\/posts"}],"about":[{"href":"https:\/\/www.europesays.com\/fr\/wp-json\/wp\/v2\/types\/post"}],"author":[{"embeddable":true,"href":"https:\/\/www.europesays.com\/fr\/wp-json\/wp\/v2\/users\/2"}],"replies":[{"embeddable":true,"href":"https:\/\/www.europesays.com\/fr\/wp-json\/wp\/v2\/comments?post=218167"}],"version-history":[{"count":0,"href":"https:\/\/www.europesays.com\/fr\/wp-json\/wp\/v2\/posts\/218167\/revisions"}],"wp:featuredmedia":[{"embeddable":true,"href":"https:\/\/www.europesays.com\/fr\/wp-json\/wp\/v2\/media\/218168"}],"wp:attachment":[{"href":"https:\/\/www.europesays.com\/fr\/wp-json\/wp\/v2\/media?parent=218167"}],"wp:term":[{"taxonomy":"category","embeddable":true,"href":"https:\/\/www.europesays.com\/fr\/wp-json\/wp\/v2\/categories?post=218167"},{"taxonomy":"post_tag","embeddable":true,"href":"https:\/\/www.europesays.com\/fr\/wp-json\/wp\/v2\/tags?post=218167"}],"curies":[{"name":"wp","href":"https:\/\/api.w.org\/{rel}","templated":true}]}}