{"id":21817,"date":"2025-04-13T09:15:14","date_gmt":"2025-04-13T09:15:14","guid":{"rendered":"https:\/\/www.europesays.com\/fr\/21817\/"},"modified":"2025-04-13T09:15:14","modified_gmt":"2025-04-13T09:15:14","slug":"celine-dion-bientot-de-retour-la-chanteuse-aurait-passe-un-moment-en-studio-avec-jean-jacques-goldman","status":"publish","type":"post","link":"https:\/\/www.europesays.com\/fr\/21817\/","title":{"rendered":"C\u00e9line Dion bient\u00f4t de retour\u00a0? La chanteuse aurait pass\u00e9 un moment en studio avec Jean-Jacques Goldman"},"content":{"rendered":"<p class=\"ap-StoryElement ap-StoryElement--mb ap-StoryText\">C\u00e9line Dion est sans aucun doute l&rsquo;une des plus grandes voix de notre \u00e9poque. La carri\u00e8re de la diva canadienne a explos\u00e9 dans les ann\u00e9es 80, et son influence dans le monde de la musique est toujours bien pr\u00e9sente, si l&rsquo;on en croit les nombreux artistes qui la citent en exemple. H\u00e9las, l&rsquo;interpr\u00e8te de My Heart Will Go On a d\u00fb mettre ses activit\u00e9s musicales en pause, \u00e0 cause de ses soucis de sant\u00e9.<\/p>\n<p class=\"ap-StoryElement ap-StoryElement--mb ap-StoryText\">Depuis plusieurs ann\u00e9es, C\u00e9line Dion souffre en effet du syndrome de la personne raide, qui a notamment affect\u00e9 ses cordes vocales, et donc sa capacit\u00e9 \u00e0 chanter. L&rsquo;\u00e9t\u00e9 dernier, la chanteuse a cr\u00e9\u00e9 la surprise en faisant un retour tr\u00e8s remarqu\u00e9 (et attendu) sur le devant de la sc\u00e8ne, lorsqu&rsquo;elle a particip\u00e9 \u00e0 la c\u00e9r\u00e9monie d&rsquo;ouverture des JO de Paris. Son interpr\u00e9tation de l&rsquo;Hymne \u00e0 l&rsquo;amour a conquis ses fans ainsi que tous les spectateurs. Apr\u00e8s cette prestation, nombreux sont ceux \u00e0 avoir cru \u00e0 un retour en force de C\u00e9line. Et cela ne devrait plus tarder.<\/p>\n","protected":false},"excerpt":{"rendered":"C\u00e9line Dion est sans aucun doute l&rsquo;une des plus grandes voix de notre \u00e9poque. La carri\u00e8re de la&hellip;\n","protected":false},"author":2,"featured_media":21818,"comment_status":"","ping_status":"","sticky":false,"template":"","format":"standard","meta":{"footnotes":""},"categories":[1355],"tags":[7043,2935,2765,58,59,1011,27,7195,1361,873,8133],"class_list":{"0":"post-21817","1":"post","2":"type-post","3":"status-publish","4":"format-standard","5":"has-post-thumbnail","7":"category-musique","8":"tag-celine-dion","9":"tag-chansons","10":"tag-collaboration","11":"tag-divertissement","12":"tag-entertainment","13":"tag-fr","14":"tag-france","15":"tag-jean-jacques-goldman","16":"tag-music","17":"tag-musique","18":"tag-retour"},"share_on_mastodon":{"url":"https:\/\/pubeurope.com\/@fr\/114329900150405661","error":""},"_links":{"self":[{"href":"https:\/\/www.europesays.com\/fr\/wp-json\/wp\/v2\/posts\/21817","targetHints":{"allow":["GET"]}}],"collection":[{"href":"https:\/\/www.europesays.com\/fr\/wp-json\/wp\/v2\/posts"}],"about":[{"href":"https:\/\/www.europesays.com\/fr\/wp-json\/wp\/v2\/types\/post"}],"author":[{"embeddable":true,"href":"https:\/\/www.europesays.com\/fr\/wp-json\/wp\/v2\/users\/2"}],"replies":[{"embeddable":true,"href":"https:\/\/www.europesays.com\/fr\/wp-json\/wp\/v2\/comments?post=21817"}],"version-history":[{"count":0,"href":"https:\/\/www.europesays.com\/fr\/wp-json\/wp\/v2\/posts\/21817\/revisions"}],"wp:featuredmedia":[{"embeddable":true,"href":"https:\/\/www.europesays.com\/fr\/wp-json\/wp\/v2\/media\/21818"}],"wp:attachment":[{"href":"https:\/\/www.europesays.com\/fr\/wp-json\/wp\/v2\/media?parent=21817"}],"wp:term":[{"taxonomy":"category","embeddable":true,"href":"https:\/\/www.europesays.com\/fr\/wp-json\/wp\/v2\/categories?post=21817"},{"taxonomy":"post_tag","embeddable":true,"href":"https:\/\/www.europesays.com\/fr\/wp-json\/wp\/v2\/tags?post=21817"}],"curies":[{"name":"wp","href":"https:\/\/api.w.org\/{rel}","templated":true}]}}