{"id":218171,"date":"2025-07-01T12:47:09","date_gmt":"2025-07-01T12:47:09","guid":{"rendered":"https:\/\/www.europesays.com\/fr\/218171\/"},"modified":"2025-07-01T12:47:09","modified_gmt":"2025-07-01T12:47:09","slug":"lequipe-de-golf-amateur-brille-et-monte-en-division-superieure","status":"publish","type":"post","link":"https:\/\/www.europesays.com\/fr\/218171\/","title":{"rendered":"l\u2019\u00e9quipe de golf amateur brille et monte en division sup\u00e9rieure"},"content":{"rendered":"<p>\u00c0 l\u2019issue des deux premiers tours en stroke play, sur un parcours de qualit\u00e9 et par une temp\u00e9rature avoisinant les 35 degr\u00e9s, l\u2019\u00e9quipe se positionne \u00e0 la premi\u00e8re place et affiche clairement ses ambitions, mais rien n\u2019est encore fait.<\/p>\n<p>Le lendemain, l\u2019\u00e9quipe joue en match-play contre l\u2019\u00e9quipe class\u00e9e 8e et s\u2019impose. Le second match-play se dispute le quatri\u00e8me jour, il est synonyme de mont\u00e9e en 3e division en cas de victoire.<\/p>\n<p>Bien soutenus et encourag\u00e9s par leurs camarades, les locaux se surpassent et l\u2019emportent 5 &#8211; 2. L\u2019objectif est atteint.<\/p>\n","protected":false},"excerpt":{"rendered":"\u00c0 l\u2019issue des deux premiers tours en stroke play, sur un parcours de qualit\u00e9 et par une temp\u00e9rature&hellip;\n","protected":false},"author":2,"featured_media":218172,"comment_status":"","ping_status":"","sticky":false,"template":"","format":"standard","meta":{"footnotes":""},"categories":[1418],"tags":[1011,27,1472,60],"class_list":{"0":"post-218171","1":"post","2":"type-post","3":"status-publish","4":"format-standard","5":"has-post-thumbnail","7":"category-golf","8":"tag-fr","9":"tag-france","10":"tag-golf","11":"tag-sports"},"share_on_mastodon":{"url":"https:\/\/pubeurope.com\/@fr\/114778055772351927","error":""},"_links":{"self":[{"href":"https:\/\/www.europesays.com\/fr\/wp-json\/wp\/v2\/posts\/218171","targetHints":{"allow":["GET"]}}],"collection":[{"href":"https:\/\/www.europesays.com\/fr\/wp-json\/wp\/v2\/posts"}],"about":[{"href":"https:\/\/www.europesays.com\/fr\/wp-json\/wp\/v2\/types\/post"}],"author":[{"embeddable":true,"href":"https:\/\/www.europesays.com\/fr\/wp-json\/wp\/v2\/users\/2"}],"replies":[{"embeddable":true,"href":"https:\/\/www.europesays.com\/fr\/wp-json\/wp\/v2\/comments?post=218171"}],"version-history":[{"count":0,"href":"https:\/\/www.europesays.com\/fr\/wp-json\/wp\/v2\/posts\/218171\/revisions"}],"wp:featuredmedia":[{"embeddable":true,"href":"https:\/\/www.europesays.com\/fr\/wp-json\/wp\/v2\/media\/218172"}],"wp:attachment":[{"href":"https:\/\/www.europesays.com\/fr\/wp-json\/wp\/v2\/media?parent=218171"}],"wp:term":[{"taxonomy":"category","embeddable":true,"href":"https:\/\/www.europesays.com\/fr\/wp-json\/wp\/v2\/categories?post=218171"},{"taxonomy":"post_tag","embeddable":true,"href":"https:\/\/www.europesays.com\/fr\/wp-json\/wp\/v2\/tags?post=218171"}],"curies":[{"name":"wp","href":"https:\/\/api.w.org\/{rel}","templated":true}]}}