{"id":218182,"date":"2025-07-01T12:55:11","date_gmt":"2025-07-01T12:55:11","guid":{"rendered":"https:\/\/www.europesays.com\/fr\/218182\/"},"modified":"2025-07-01T12:55:11","modified_gmt":"2025-07-01T12:55:11","slug":"mercato-un-attaquant-vendu-par-le-fc-metz-jallow-rebondit-a-letranger","status":"publish","type":"post","link":"https:\/\/www.europesays.com\/fr\/218182\/","title":{"rendered":"Mercato &#8211; Un attaquant vendu par le FC Metz, Jallow rebondit \u00e0 l&rsquo;\u00e9tranger"},"content":{"rendered":"<p style=\"text-align: justify;\"><strong>Benjamin Tetteh<\/strong> et le FC <strong>Metz<\/strong>, c\u2019est fini pour de bon ! Celui qui n\u2019a pas fait partie de l\u2019aventure de la remont\u00e9e en\u00a0<strong>Ligue 1<\/strong> ne retrouvera pas l\u2019\u00e9lite fran\u00e7ais cette saison. Pr\u00eat\u00e9 cette saison \u00e0 <strong>Maribor<\/strong>, o\u00f9 il aura marqu\u00e9 11 buts et d\u00e9livr\u00e9 6 passes d\u00e9cisives en 19 apparitions en championnat, l\u2019avant-centre ghann\u00e9en va rester en Slov\u00e9nie alors que son club a officialis\u00e9 le transfert d\u00e9finitif cette semaine.<\/p>\n<p>\u00c0 lire aussi &gt;&gt;\u00a0<a href=\"https:\/\/maligue2.fr\/2025\/06\/22\/metz-le-partenariat-avec-generation-foot-remis-en-question\/\" target=\"_blank\" rel=\"noopener\">Metz \u2013 Le partenariat avec G\u00e9n\u00e9ration Foot remis en question ?<\/a><\/p>\n<blockquote class=\"twitter-tweet\">\n<p dir=\"ltr\" lang=\"fr\">[ \u2119 ]<\/p>\n<p>   quitte le <a href=\"https:\/\/twitter.com\/hashtag\/FCMetz?src=hash&amp;ref_src=twsrc%5Etfw\" target=\"_blank\" rel=\"noopener\">#FCMetz<\/a>.<\/p>\n<p>L\u2019international ghann\u00e9en s\u2019engage avec <a href=\"https:\/\/twitter.com\/nkmaribor?ref_src=twsrc%5Etfw\" target=\"_blank\" rel=\"noopener\">@nkmaribor<\/a>  \u270d\ufe0f<\/p>\n<p>\u2014 FC Metz \u2628 (@FCMetz) <a href=\"https:\/\/twitter.com\/FCMetz\/status\/1939977473883775323?ref_src=twsrc%5Etfw\" target=\"_blank\" rel=\"noopener\">July 1, 2025<\/a><\/p>\n<\/blockquote>\n<p style=\"text-align: justify;\">De son c\u00f4t\u00e9, <strong>Ablie Jallow<\/strong> aurait d\u00e9j\u00e0 sign\u00e9 au <strong>Servette FC<\/strong> en Suisse, apr\u00e8s la fin de sa longue aventure messine, conclue par une mont\u00e9e et l\u2019expiration de son contrat avec les Grenats, selon le journal L\u2019\u00c9quipe. Il jouera donc les tours pr\u00e9liminaires de la Ligue des Champions, le deuxi\u00e8me (sur quatre) se d\u00e9roulant contre le Viktoria Plzen (R\u00e9p. Tch\u00e8que).<\/p>\n<p>Source : <a href=\"https:\/\/www.lequipe.fr\/Football\/Actualites\/Mercato-laisse-libre-par-le-fc-metz-ablie-jallow-rebondit-au-servette-fc\/1574377\" target=\"_blank\" rel=\"noopener\">lequipe.fr<\/a><\/p>\n<p>Photo Christophe Saidi\/FEP\/Icon Sport<\/p>\n<p>\t\t<script async src=\"https:\/\/platform.twitter.com\/widgets.js\" charset=\"utf-8\"><\/script><\/p>\n","protected":false},"excerpt":{"rendered":"Benjamin Tetteh et le FC Metz, c\u2019est fini pour de bon ! Celui qui n\u2019a pas fait partie&hellip;\n","protected":false},"author":2,"featured_media":218183,"comment_status":"","ping_status":"","sticky":false,"template":"","format":"standard","meta":{"footnotes":""},"categories":[1410],"tags":[35753,35754,63,1011,27,6212,60],"class_list":{"0":"post-218182","1":"post","2":"type-post","3":"status-publish","4":"format-standard","5":"has-post-thumbnail","7":"category-football","8":"tag-abdoulie-jallow","9":"tag-benjamin-tetteh","10":"tag-football","11":"tag-fr","12":"tag-france","13":"tag-metz","14":"tag-sports"},"share_on_mastodon":{"url":"https:\/\/pubeurope.com\/@fr\/114778087264880443","error":""},"_links":{"self":[{"href":"https:\/\/www.europesays.com\/fr\/wp-json\/wp\/v2\/posts\/218182","targetHints":{"allow":["GET"]}}],"collection":[{"href":"https:\/\/www.europesays.com\/fr\/wp-json\/wp\/v2\/posts"}],"about":[{"href":"https:\/\/www.europesays.com\/fr\/wp-json\/wp\/v2\/types\/post"}],"author":[{"embeddable":true,"href":"https:\/\/www.europesays.com\/fr\/wp-json\/wp\/v2\/users\/2"}],"replies":[{"embeddable":true,"href":"https:\/\/www.europesays.com\/fr\/wp-json\/wp\/v2\/comments?post=218182"}],"version-history":[{"count":0,"href":"https:\/\/www.europesays.com\/fr\/wp-json\/wp\/v2\/posts\/218182\/revisions"}],"wp:featuredmedia":[{"embeddable":true,"href":"https:\/\/www.europesays.com\/fr\/wp-json\/wp\/v2\/media\/218183"}],"wp:attachment":[{"href":"https:\/\/www.europesays.com\/fr\/wp-json\/wp\/v2\/media?parent=218182"}],"wp:term":[{"taxonomy":"category","embeddable":true,"href":"https:\/\/www.europesays.com\/fr\/wp-json\/wp\/v2\/categories?post=218182"},{"taxonomy":"post_tag","embeddable":true,"href":"https:\/\/www.europesays.com\/fr\/wp-json\/wp\/v2\/tags?post=218182"}],"curies":[{"name":"wp","href":"https:\/\/api.w.org\/{rel}","templated":true}]}}