{"id":218184,"date":"2025-07-01T12:56:17","date_gmt":"2025-07-01T12:56:17","guid":{"rendered":"https:\/\/www.europesays.com\/fr\/218184\/"},"modified":"2025-07-01T12:56:17","modified_gmt":"2025-07-01T12:56:17","slug":"samuel-etienne-evoque-sa-situation-financiere-assuree-par-twitch-apres-la-fin-de-questions-pour-un-champion-en-semaine","status":"publish","type":"post","link":"https:\/\/www.europesays.com\/fr\/218184\/","title":{"rendered":"Samuel Etienne \u00e9voque sa situation financi\u00e8re assur\u00e9e par Twitch apr\u00e8s la fin de Questions pour un champion en semaine"},"content":{"rendered":"<p>En live sur Twitch ce 1er juillet, Samuel \u00c9tienne est revenu sur la d\u00e9programmation de Questions pour un Champion et sur les cons\u00e9quences de cette d\u00e9cision sur sa situation financi\u00e8re. <\/p>\n<p>Il y a quelques jours, l&rsquo;information est tomb\u00e9e, le jeu culte de France 3 <a href=\"https:\/\/www.programme-tv.net\/news\/tv\/382178-deprogrammation-de-questions-pour-un-champion-samuel-etienne-partage-ses-inquietudes-pour-l-avenir-du-jeu-de-france-3\/\" data-api-deeplink=\"teleloisirs:\/\/news\/382178\" target=\"_blank\" rel=\"noopener\">Questions pour un Champion<\/a> va \u00eatre d\u00e9programm\u00e9 et ne sera diffus\u00e9 que le week-end. Un changement majeur pour l&rsquo;une des plus vieilles \u00e9missions du PAF, mais aussi pour le pr\u00e9sentateur du jeu, <a href=\"https:\/\/www.programme-tv.net\/news\/tv\/382156-questions-pour-un-champion-le-jeu-de-france-3-deprogramme-en-semaine-des-la-rentree-samuel-etienne-reagit-a-cette-annonce\/\" data-api-deeplink=\"teleloisirs:\/\/news\/382156\" target=\"_blank\" rel=\"noopener\">Samuel \u00c9tienne<\/a>. Tr\u00e8s pr\u00e9sent sur Twitch depuis de nombreuses ann\u00e9es, le p\u00e8re de famille a partag\u00e9 son avis sur ce changement et notamment au niveau financier et la s\u00e9curit\u00e9 dont il b\u00e9n\u00e9ficie avec Twitch.<\/p>\n<p>Samuel \u00c9tienne \u00e9voque sa situation financi\u00e8re assur\u00e9e par Twitch<\/p>\n<p>Ca mardi 1er juillet, Samuel \u00c9tienne \u00e9tait en live pour sa revue de presse quotidienne. Juste avant de commencer, celui qui partage la vie d&rsquo;<a href=\"https:\/\/www.programme-tv.net\/news\/tv\/381619-je-la-preserve-de-tout-ca-comment-samuel-etienne-protege-sa-femme-helen-et-ses-enfants-de-son-nouveau-metier-sur-twitch\/\" data-api-deeplink=\"teleloisirs:\/\/news\/381619\" target=\"_blank\" rel=\"noopener\">Helen<\/a> a d\u00e9cid\u00e9 de r\u00e9pondre aux questions de ses viewers et notamment autour du financier. En effet, avec cette d\u00e9programmation, <a href=\"https:\/\/www.programme-tv.net\/news\/tv\/382101-cest-le-dernier-rendez-vous-samuel-etienne-fait-une-grande-annonce-pour-sa-fin-de-saison-sur-twitch\/\" data-api-deeplink=\"teleloisirs:\/\/news\/382101\" target=\"_blank\" rel=\"noopener\">Samuel \u00c9tienne<\/a> pr\u00e9sentera moins d&rsquo;\u00e9missions et donc devrait gagner moins d&rsquo;argent. \u00ab\u00a0J&rsquo;ai deux enfants, j&rsquo;ai un cr\u00e9dit immobilier comme tout le monde. Il faut que j&rsquo;aie des sous tous les mois pour payer tout \u00e7a. J&rsquo;ai confiance en ma capacit\u00e9 de travail, je suis un tar\u00e9 du travail, donc je vais bosser\u00a0\u00bb, explique Samuel \u00c9tienne. Ce dernier reconna\u00eet aussi la chance qu&rsquo;il a d&rsquo;\u00eatre tr\u00e8s suivi sur Twitch. \u00ab\u00a0J&rsquo;ai une chance folle d&rsquo;avoir Twitch, d&rsquo;avoir ce sentiment de libert\u00e9 au quotidien et d&rsquo;avoir aussi ce mod\u00e8le \u00e9conomique qui fait que \u00e7a me s\u00e9curise. Ce qui me stresserait, c&rsquo;est de ne plus pouvoir subvenir aux besoins de ma famille, mais j&rsquo;ai cette chance que beaucoup de coll\u00e8gues n&rsquo;ont pas avec Twitch\u00a0\u00bb, pr\u00e9cise le cr\u00e9ateur de contenu. \u00c0 voir donc si Samuel \u00c9tienne sera amen\u00e9 \u00e0 aller vers d&rsquo;autres projets \u00e0 l&rsquo;avenir.<\/p>\n<p>                        Samuel \u00c9tienne n&rsquo;a pas pr\u00e9vu un retour \u00e0 la t\u00e9l\u00e9vision<\/p>\n<p>Avant que <a href=\"https:\/\/www.programme-tv.net\/news\/tv\/382216-cela-prevoit-une-mort-certaine-du-jeu-etoiles-denonce-la-deprogrammation-de-questions-pour-un-champion-sur-france-3\/\" data-api-deeplink=\"teleloisirs:\/\/news\/382216\" target=\"_blank\" rel=\"noopener\">Questions pour un Champion<\/a> ne soit d\u00e9programm\u00e9, Samuel \u00c9tienne s&rsquo;\u00e9tait exprim\u00e9 il y a plusieurs semaines concernant une participation \u00e0 d&rsquo;autres \u00e9missions \u00e0 la t\u00e9l\u00e9vision. \u00ab\u00a0Non, je n&rsquo;en ferai pas plus, car tout simplement, je ne suis jamais parti. Je suis tous les jours dans Questions pour un champion\u00a0\u00bb, avait r\u00e9pondu le streamer \u00e0 un de ses viewers. M\u00eame si la situation a chang\u00e9, <a href=\"https:\/\/www.programme-tv.net\/news\/tv\/381719-ce-n-est-pas-une-opinion-c-est-un-delit-samuel-etienne-monte-au-creneau-apres-une-violente-critique-sur-questions-pour-un-champion\/\" data-api-deeplink=\"teleloisirs:\/\/news\/381719\" target=\"_blank\" rel=\"noopener\">Samuel \u00c9tienne<\/a> semble \u00eatre cat\u00e9gorique concernant un retour plus marqu\u00e9 \u00e0 la t\u00e9l\u00e9vision. \u00ab\u00a0Qu\u2019est-ce que tu veux que j\u2019aille m\u2019enquiquiner ? Je ne reviendrai pas \u00e0 la t\u00e9l\u00e9vision tout simplement, car je ne suis jamais parti. J\u2019anime d\u00e9j\u00e0 le plus beau jeu au monde\u00a0\u00bb, avait d\u00e9clar\u00e9 le p\u00e8re de 2 enfants.<\/p>\n","protected":false},"excerpt":{"rendered":"En live sur Twitch ce 1er juillet, Samuel \u00c9tienne est revenu sur la d\u00e9programmation de Questions pour un&hellip;\n","protected":false},"author":2,"featured_media":218185,"comment_status":"","ping_status":"","sticky":false,"template":"","format":"standard","meta":{"footnotes":""},"categories":[1359],"tags":[244,58,59,1011,27,973,11012,11013,6569,1749],"class_list":{"0":"post-218184","1":"post","2":"type-post","3":"status-publish","4":"format-standard","5":"has-post-thumbnail","7":"category-people","8":"tag-commentaire","9":"tag-divertissement","10":"tag-entertainment","11":"tag-fr","12":"tag-france","13":"tag-people","14":"tag-questions-pour-un-champion","15":"tag-samuel-etienne","16":"tag-streamers","17":"tag-twitch"},"share_on_mastodon":{"url":"https:\/\/pubeurope.com\/@fr\/114778091249537685","error":""},"_links":{"self":[{"href":"https:\/\/www.europesays.com\/fr\/wp-json\/wp\/v2\/posts\/218184","targetHints":{"allow":["GET"]}}],"collection":[{"href":"https:\/\/www.europesays.com\/fr\/wp-json\/wp\/v2\/posts"}],"about":[{"href":"https:\/\/www.europesays.com\/fr\/wp-json\/wp\/v2\/types\/post"}],"author":[{"embeddable":true,"href":"https:\/\/www.europesays.com\/fr\/wp-json\/wp\/v2\/users\/2"}],"replies":[{"embeddable":true,"href":"https:\/\/www.europesays.com\/fr\/wp-json\/wp\/v2\/comments?post=218184"}],"version-history":[{"count":0,"href":"https:\/\/www.europesays.com\/fr\/wp-json\/wp\/v2\/posts\/218184\/revisions"}],"wp:featuredmedia":[{"embeddable":true,"href":"https:\/\/www.europesays.com\/fr\/wp-json\/wp\/v2\/media\/218185"}],"wp:attachment":[{"href":"https:\/\/www.europesays.com\/fr\/wp-json\/wp\/v2\/media?parent=218184"}],"wp:term":[{"taxonomy":"category","embeddable":true,"href":"https:\/\/www.europesays.com\/fr\/wp-json\/wp\/v2\/categories?post=218184"},{"taxonomy":"post_tag","embeddable":true,"href":"https:\/\/www.europesays.com\/fr\/wp-json\/wp\/v2\/tags?post=218184"}],"curies":[{"name":"wp","href":"https:\/\/api.w.org\/{rel}","templated":true}]}}