{"id":218186,"date":"2025-07-01T12:57:12","date_gmt":"2025-07-01T12:57:12","guid":{"rendered":"https:\/\/www.europesays.com\/fr\/218186\/"},"modified":"2025-07-01T12:57:12","modified_gmt":"2025-07-01T12:57:12","slug":"blaye-les-mines-latelier-renvier-toujours-sur-le-pont","status":"publish","type":"post","link":"https:\/\/www.europesays.com\/fr\/218186\/","title":{"rendered":"Blaye-les-Mines. L\u2019atelier Renvier toujours sur le pont"},"content":{"rendered":"<p>L\u2019atelier Renvier, situ\u00e9 dans les locaux de l\u2019ancienne mairie \u00e0 Blaye village, a chang\u00e9 d\u2019\u00e9quipe ainsi que l\u2019organisation de ses locaux, lors de son assembl\u00e9e g\u00e9n\u00e9rale, au cours de laquelle Mme Monique Villien Massol a \u00e9t\u00e9 \u00e9lue pr\u00e9sidente, Elisabeth Saunal secr\u00e9taire et Jacquie Chabbert tr\u00e9sori\u00e8re. \u00ab\u00a0Le r\u00e9am\u00e9nagement des locaux a pour objectif de recevoir, d\u2019autres peintres amateurs qui aimeraient se lancer dans l\u2019aventure de la cr\u00e9ation\u00a0\u00bb, explique la pr\u00e9sidente. Il reste des places. L\u2019atelier est ouvert le mardi et le jeudi de 14 heures \u00e0 18 heures, avec un cours mensuel d\u2019une journ\u00e9e compl\u00e8te et trois stages avec th\u00e9matique prodigu\u00e9s par notre professeur, Fabienne Le Bourgeois Benettez. Et la pr\u00e9sidente de poursuivre : \u00ab\u00a0comme depuis 21 ans, nous proposons une exposition annuelle. En 2025, elle aura lieu du 26 septembre au 5 octobre, salle Guy Pierre Fabre de Blaye village. Cette ann\u00e9e encore, l\u2019exposition, qui offre aux visiteurs l\u2019opportunit\u00e9 de d\u00e9couvrir le travail des artistes de l\u2019atelier, est aussi ouverte aux peintres ext\u00e9rieurs, qui souhaitent faire d\u00e9couvrir leurs \u0153uvres.\u00a0\u00bb<\/p>\n<p>On pourra admirer des \u0153uvres telles que, huile, acrylique, pastel etc. L\u2019invit\u00e9e d\u2019honneur 2025 sera Carine Eg\u00e9a, peintre autodidacte qui travaille actuellement davantage sur la composition de visages beaucoup plus que sur de l\u2019abstrait. Carine cr\u00e9\u00e9e ses toiles en fonction de ses \u00e9motions et de ses inspirations. le souhait de l\u2019atelier Renvier est de faire conna\u00eetre et de mettre en avant le travail d\u2019une jeune artiste locale.\u00a0\u00bb<\/p>\n<p>Les inscriptions en vue de l\u2019exposition sont sur demande avant le 15 septembre 2025. Vernissage le vendredi 26 septembre \u00e0 18h30 salle Guy Pierre Fabre Blaye village.<\/p>\n<p>Contact : Monique Villien Massol : 06 41 93 09 53 ou <a href=\"https:\/\/www.ladepeche.fr\/2025\/07\/01\/mailto:monique.villien@laposte.net\" rel=\"nofollow noopener\" target=\"_blank\">monique.villien@laposte.net<\/a><\/p>\n","protected":false},"excerpt":{"rendered":"L\u2019atelier Renvier, situ\u00e9 dans les locaux de l\u2019ancienne mairie \u00e0 Blaye village, a chang\u00e9 d\u2019\u00e9quipe ainsi que l\u2019organisation&hellip;\n","protected":false},"author":2,"featured_media":218187,"comment_status":"","ping_status":"","sticky":false,"template":"","format":"standard","meta":{"footnotes":""},"categories":[1358],"tags":[1348,1384,1385,1386,58,59,1011,27],"class_list":{"0":"post-218186","1":"post","2":"type-post","3":"status-publish","4":"format-standard","5":"has-post-thumbnail","7":"category-arts-et-design","8":"tag-arts","9":"tag-arts-and-design","10":"tag-arts-et-design","11":"tag-design","12":"tag-divertissement","13":"tag-entertainment","14":"tag-fr","15":"tag-france"},"share_on_mastodon":{"url":"https:\/\/pubeurope.com\/@fr\/114778095107915356","error":""},"_links":{"self":[{"href":"https:\/\/www.europesays.com\/fr\/wp-json\/wp\/v2\/posts\/218186","targetHints":{"allow":["GET"]}}],"collection":[{"href":"https:\/\/www.europesays.com\/fr\/wp-json\/wp\/v2\/posts"}],"about":[{"href":"https:\/\/www.europesays.com\/fr\/wp-json\/wp\/v2\/types\/post"}],"author":[{"embeddable":true,"href":"https:\/\/www.europesays.com\/fr\/wp-json\/wp\/v2\/users\/2"}],"replies":[{"embeddable":true,"href":"https:\/\/www.europesays.com\/fr\/wp-json\/wp\/v2\/comments?post=218186"}],"version-history":[{"count":0,"href":"https:\/\/www.europesays.com\/fr\/wp-json\/wp\/v2\/posts\/218186\/revisions"}],"wp:featuredmedia":[{"embeddable":true,"href":"https:\/\/www.europesays.com\/fr\/wp-json\/wp\/v2\/media\/218187"}],"wp:attachment":[{"href":"https:\/\/www.europesays.com\/fr\/wp-json\/wp\/v2\/media?parent=218186"}],"wp:term":[{"taxonomy":"category","embeddable":true,"href":"https:\/\/www.europesays.com\/fr\/wp-json\/wp\/v2\/categories?post=218186"},{"taxonomy":"post_tag","embeddable":true,"href":"https:\/\/www.europesays.com\/fr\/wp-json\/wp\/v2\/tags?post=218186"}],"curies":[{"name":"wp","href":"https:\/\/api.w.org\/{rel}","templated":true}]}}