{"id":218188,"date":"2025-07-01T12:58:12","date_gmt":"2025-07-01T12:58:12","guid":{"rendered":"https:\/\/www.europesays.com\/fr\/218188\/"},"modified":"2025-07-01T12:58:12","modified_gmt":"2025-07-01T12:58:12","slug":"dans-jamais-le-ciel-ni-les-rivages-douceur-et-violence-se-cotoient","status":"publish","type":"post","link":"https:\/\/www.europesays.com\/fr\/218188\/","title":{"rendered":"Dans \u00ab\u00a0Jamais le ciel ni les rivages\u00a0\u00bb\u00a0: douceur et violence se c\u00f4toient"},"content":{"rendered":"<p>Note : 4\/5<\/p>\n<p>Lazarus prend la fuite avec un enfant dans les bras. Un petit gar\u00e7on qui ne parle pas. Il lui a \u00e9t\u00e9 confi\u00e9 \u00e0 lui, cet homme qui a perdu sa raison de vivre, quelques ann\u00e9es plut\u00f4t. Cette mission le sort de sa torpeur et le force \u00e0 reprendre contact avec la r\u00e9alit\u00e9. Alors, il embarque dans sa voiture. Puis, passe de train en train \u00e0 travers l\u2019Europe. Progressivement, alors que c\u2019est le printemps, le froid \u00e9treint son p\u00e9riple. Une vague glaciale in\u00e9dite balaie le continent et ravage les cultures. Plus, il avance plus il se rapproche des guerres qui s\u00e9vissent et poussent les populations \u00e0 fuir.<\/p>\n<p><img decoding=\"async\" src=\"https:\/\/www.europesays.com\/fr\/wp-content\/uploads\/2025\/07\/6863d9f042495b66850ebe34.1.jpeg\" width=\"480\" height=\"300\" class=\"web_golden_m\" loading=\"lazy\" alt=\"\u00ab\u00a0Jamais le ciel ni les rivages\u00a0\u00bb est un roman dystopique.\"\/>\u00ab\u00a0Jamais le ciel ni les rivages\u00a0\u00bb est un roman dystopique. (Ga\u00efa \u00c9ditions)Climat anxiog\u00e8ne<\/p>\n<p>Dans ce climat anxiog\u00e8ne tr\u00e8s bien d\u00e9peint par l\u2019auteur, il reste la chaleur des relations humaines. Philippe Gerin pr\u00e9f\u00e8re faire pencher son r\u00e9cit du c\u00f4t\u00e9 de ceux qui combattent pour les droits humains plut\u00f4t que de ceux qui choisissent d\u2019ignorer la souffrance des autres. On ne conna\u00eet pas les raisons des conflits. Tout comme pour cette neige en plein printemps qui a cr\u00e9\u00e9 des catastrophes. En revanche, on devine la d\u00e9sillusion chez la jeune g\u00e9n\u00e9ration qui ne baisse pourtant pas les bras. Le style, po\u00e9tique, cueille le lecteur.<\/p>\n<p class=\"note\">Philippe Gerin. \u00ab Jamais le ciel ni les rivi\u00e8res. Ga\u00efa \u00e9ditions. 21,80 \u20ac. <\/p>\n","protected":false},"excerpt":{"rendered":"Note : 4\/5 Lazarus prend la fuite avec un enfant dans les bras. Un petit gar\u00e7on qui ne&hellip;\n","protected":false},"author":2,"featured_media":218189,"comment_status":"","ping_status":"","sticky":false,"template":"","format":"standard","meta":{"footnotes":""},"categories":[1357],"tags":[1379,251,872,58,59,1011,27,1351,1380],"class_list":{"0":"post-218188","1":"post","2":"type-post","3":"status-publish","4":"format-standard","5":"has-post-thumbnail","7":"category-livres","8":"tag-books","9":"tag-culture","10":"tag-culture-et-loisirs","11":"tag-divertissement","12":"tag-entertainment","13":"tag-fr","14":"tag-france","15":"tag-litterature","16":"tag-livres"},"share_on_mastodon":{"url":"https:\/\/pubeurope.com\/@fr\/114778099706305646","error":""},"_links":{"self":[{"href":"https:\/\/www.europesays.com\/fr\/wp-json\/wp\/v2\/posts\/218188","targetHints":{"allow":["GET"]}}],"collection":[{"href":"https:\/\/www.europesays.com\/fr\/wp-json\/wp\/v2\/posts"}],"about":[{"href":"https:\/\/www.europesays.com\/fr\/wp-json\/wp\/v2\/types\/post"}],"author":[{"embeddable":true,"href":"https:\/\/www.europesays.com\/fr\/wp-json\/wp\/v2\/users\/2"}],"replies":[{"embeddable":true,"href":"https:\/\/www.europesays.com\/fr\/wp-json\/wp\/v2\/comments?post=218188"}],"version-history":[{"count":0,"href":"https:\/\/www.europesays.com\/fr\/wp-json\/wp\/v2\/posts\/218188\/revisions"}],"wp:featuredmedia":[{"embeddable":true,"href":"https:\/\/www.europesays.com\/fr\/wp-json\/wp\/v2\/media\/218189"}],"wp:attachment":[{"href":"https:\/\/www.europesays.com\/fr\/wp-json\/wp\/v2\/media?parent=218188"}],"wp:term":[{"taxonomy":"category","embeddable":true,"href":"https:\/\/www.europesays.com\/fr\/wp-json\/wp\/v2\/categories?post=218188"},{"taxonomy":"post_tag","embeddable":true,"href":"https:\/\/www.europesays.com\/fr\/wp-json\/wp\/v2\/tags?post=218188"}],"curies":[{"name":"wp","href":"https:\/\/api.w.org\/{rel}","templated":true}]}}