{"id":218190,"date":"2025-07-01T12:59:20","date_gmt":"2025-07-01T12:59:20","guid":{"rendered":"https:\/\/www.europesays.com\/fr\/218190\/"},"modified":"2025-07-01T12:59:20","modified_gmt":"2025-07-01T12:59:20","slug":"valerie-damidot-tacle-la-serie-numero-2-de-netflix","status":"publish","type":"post","link":"https:\/\/www.europesays.com\/fr\/218190\/","title":{"rendered":"Val\u00e9rie Damidot tacle la s\u00e9rie num\u00e9ro 2 de Netflix"},"content":{"rendered":"<p>Fan absolue de s\u00e9ries et amatrice de s\u00e9ries espagnoles, Val\u00e9rie Damidot a saut\u00e9 sur la derni\u00e8re en date de Netflix, actuellement num\u00e9ro 2 des fictions les plus vues du moment.  Mais elle n\u2019a pas cach\u00e9 sa d\u00e9ception, au micro de Superstream, le podcast de T\u00e9l\u00e9-Loisirs sur le streaming. <\/p>\n<p>Alors que l\u2019\u00e9t\u00e9 s\u2019installe, l\u2019heure est d\u00e9j\u00e0 venue de dresser les traditionnels bilans de fin de saison audiovisuelle. Du c\u00f4t\u00e9 des plateformes de streaming, sur lesquelles l\u2019\u00e9quipe de T\u00e9l\u00e9-Loisirs vous recommande chaque jour de nombreux programmes \u00e0 d\u00e9couvrir, quels sont ceux qui nous ont le plus convaincus ou, au contraire, le plus d\u00e9\u00e7us ? C\u2019est l\u2019une des questions abord\u00e9es dans le dernier \u00e9pisode de <a href=\"https:\/\/podcasts.programme-tv.net\/prisma-media-toudoum\" target=\"_blank\" rel=\"noopener\">Superstream, le podcast de T\u00e9l\u00e9-Loisirs consacr\u00e9 au streaming.<\/a> Pour l\u2019occasion, l\u2019\u00e9quipe a accueilli une invit\u00e9e tr\u00e8s sp\u00e9ciale, quelqu\u2019un qui regarde \u00e0 peu pr\u00e8s toutes les s\u00e9ries qui sortent sur les plateformes, bien souvent le jour m\u00eame de leur sortie : l\u2019animatrice et com\u00e9dienne <a href=\"https:\/\/www.programme-tv.net\/news\/societe\/374849-merci-a-lio-valerie-damidot-et-de-nombreux-internautes-saluent-le-courage-de-la-chanteuse-dans-le-documentaire-netflix-sur-l-affaire-bertrand-cantat\/\" data-api-deeplink=\"teleloisirs:\/\/news\/374849\" target=\"_blank\" rel=\"noopener\">Val\u00e9rie Damidot <\/a>! L\u2019occasion pour elle de nous d\u00e9voiler sans langue de bois ses coups de c\u0153ur et coups de gueule de l\u2019ann\u00e9e. Et, c\u00f4t\u00e9 coup de gueule, Val\u00e9rie Damidot n\u2019a pas du tout aim\u00e9 la s\u00e9rie num\u00e9ro 2 du moment sur Netflix : <a href=\"https:\/\/www.programme-tv.net\/news\/series-tv\/381196-olympo-on-pensait-avoir-touche-le-fond-avec-elite-mais-netflix-creuse-encore\/\" data-api-deeplink=\"teleloisirs:\/\/news\/381196\" target=\"_blank\" rel=\"noopener\">Olympo<\/a> !<\/p>\n<p>                        \u00ab\u00a0Ils ont tout mis dans un shaker\u00a0\u00bb : pourquoi Val\u00e9rie Damidot a \u00e9t\u00e9 tr\u00e8s d\u00e9\u00e7ue par la s\u00e9rie Olympo sur Netflix<\/p>\n<p>Quelle est la plus grosse d\u00e9ception de la saison pour Val\u00e9rie Damidot ? \u00ab\u00a0Olympo, parce que j\u2019ai ador\u00e9 <a href=\"https:\/\/www.programme-tv.net\/news\/series-tv\/358049-vous-avez-lache-elite-en-cours-de-route-voici-3-series-bien-meilleures-a-voir-sur-netflix\/\" data-api-deeplink=\"teleloisirs:\/\/news\/358049\" target=\"_blank\" rel=\"noopener\">Elite<\/a>, donc je me disais, on va se marrer, c\u2019est une s\u00e9rie espagnole et moi j\u2019adore \u00e7a. Mais non, c\u2019est pas possible en fait ! Ils ont tout mis dans un shaker : \u2018Allez, on va mettre du sexe, du sport, des m\u00e9chants, des gentils, des gentils qui seront m\u00e9chants et des m\u00e9chants qui seront gentils\u2026 et puis, on va mettre \u00e7a dans une piscine !\u2019. Donc, bon, on s\u2019ennuie profond\u00e9ment !\u00a0\u00bb Val\u00e9rie Damidot n\u2019est pas la seule autour de la table du podcast de Superstream \u00e0 avoir \u00e9t\u00e9 tr\u00e8s d\u00e9\u00e7ue par Olympo. C\u2019est aussi le cas de notre journaliste <a href=\"https:\/\/www.programme-tv.net\/biographie\/291173-lopez-emilie\/\" data-link-people=\"22907e13-deb9-482e-9908-83de5c0360ae\" target=\"_blank\" rel=\"noopener\">Emilie Lopez<\/a> : \u00ab\u00a0J\u2019attendais beaucoup de cette s\u00e9rie parce que j\u2019avais beaucoup aim\u00e9 Elite, les deux voire trois premi\u00e8res saisons. Mais en fait, je me suis fait royalement chier, c\u2019est un enfer !\u00a0\u00bb<\/p>\n<p>            \u00ab\u00a0Pourquoi, \u00e0 part pour faire de l\u2019oseille ?\u00a0\u00bb : Val\u00e9rie Damidot ne m\u00e2che pas ses mots contre la saison 2 de Squid Game <\/p>\n<p>Mais ce n\u2019est pas non plus la seule d\u00e9ception de l\u2019ann\u00e9e pour l\u2019animatrice et com\u00e9dienne. Val\u00e9rie Damidot n\u2019a pas non plus \u00e9t\u00e9 tr\u00e8s tendre avec la saison 2 de<a href=\"https:\/\/www.programme-tv.net\/news\/series-tv\/382004-squid-game-une-saison-3-a-la-hauteur-on-a-vu-tous-les-episodes-et\/\" data-api-deeplink=\"teleloisirs:\/\/news\/382004\" target=\"_blank\" rel=\"noopener\"> Squid Game<\/a>. \u00ab\u00a0J\u2019avais ador\u00e9 la saison 1 et, la saison 2, je me suis dit \u2018Pourquoi ? Pourquoi, \u00e0 part pour faire de l\u2019oseille ?\u2019. C\u2019est mou, \u00e0 part le dernier \u00e9pisode o\u00f9, tout \u00e0 coup ils s\u2019entretuent dans ce d\u00e9cor surr\u00e9aliste d\u2019escalier qui m\u2019a fait chier au possible\u2026\u00a0\u00bb Elle a tout m\u00eame ajout\u00e9 qu\u2019elle regarderait la saison 3 pour savoir <a href=\"https:\/\/www.programme-tv.net\/news\/series-tv\/382020-squid-game-saison-3-qui-est-mort-et-qui-survit-voici-comment-se-termine-la-serie-numero-1-de-netflix\/\" data-api-deeplink=\"teleloisirs:\/\/news\/382020\" target=\"_blank\" rel=\"noopener\">comment se finit Squid Game ! <\/a><\/p>\n","protected":false},"excerpt":{"rendered":"Fan absolue de s\u00e9ries et amatrice de s\u00e9ries espagnoles, Val\u00e9rie Damidot a saut\u00e9 sur la derni\u00e8re en date&hellip;\n","protected":false},"author":2,"featured_media":218191,"comment_status":"","ping_status":"","sticky":false,"template":"","format":"standard","meta":{"footnotes":""},"categories":[1356],"tags":[244,58,59,1011,27,127,33753,3725,1722,1721,129,252,1364,35755],"class_list":{"0":"post-218190","1":"post","2":"type-post","3":"status-publish","4":"format-standard","5":"has-post-thumbnail","7":"category-television","8":"tag-commentaire","9":"tag-divertissement","10":"tag-entertainment","11":"tag-fr","12":"tag-france","13":"tag-netflix","14":"tag-olympo","15":"tag-podcast","16":"tag-pub-streaming-netflix","17":"tag-su00e9rie-netflix","18":"tag-svod","19":"tag-television","20":"tag-tv","21":"tag-valu00e9rie-damidot"},"share_on_mastodon":{"url":"https:\/\/pubeurope.com\/@fr\/114778103741761183","error":""},"_links":{"self":[{"href":"https:\/\/www.europesays.com\/fr\/wp-json\/wp\/v2\/posts\/218190","targetHints":{"allow":["GET"]}}],"collection":[{"href":"https:\/\/www.europesays.com\/fr\/wp-json\/wp\/v2\/posts"}],"about":[{"href":"https:\/\/www.europesays.com\/fr\/wp-json\/wp\/v2\/types\/post"}],"author":[{"embeddable":true,"href":"https:\/\/www.europesays.com\/fr\/wp-json\/wp\/v2\/users\/2"}],"replies":[{"embeddable":true,"href":"https:\/\/www.europesays.com\/fr\/wp-json\/wp\/v2\/comments?post=218190"}],"version-history":[{"count":0,"href":"https:\/\/www.europesays.com\/fr\/wp-json\/wp\/v2\/posts\/218190\/revisions"}],"wp:featuredmedia":[{"embeddable":true,"href":"https:\/\/www.europesays.com\/fr\/wp-json\/wp\/v2\/media\/218191"}],"wp:attachment":[{"href":"https:\/\/www.europesays.com\/fr\/wp-json\/wp\/v2\/media?parent=218190"}],"wp:term":[{"taxonomy":"category","embeddable":true,"href":"https:\/\/www.europesays.com\/fr\/wp-json\/wp\/v2\/categories?post=218190"},{"taxonomy":"post_tag","embeddable":true,"href":"https:\/\/www.europesays.com\/fr\/wp-json\/wp\/v2\/tags?post=218190"}],"curies":[{"name":"wp","href":"https:\/\/api.w.org\/{rel}","templated":true}]}}