{"id":218204,"date":"2025-07-01T13:06:09","date_gmt":"2025-07-01T13:06:09","guid":{"rendered":"https:\/\/www.europesays.com\/fr\/218204\/"},"modified":"2025-07-01T13:06:09","modified_gmt":"2025-07-01T13:06:09","slug":"la-querelle-trump-musk-relancee-le-patron-de-tesla-menace-de-creer-son-propre-parti","status":"publish","type":"post","link":"https:\/\/www.europesays.com\/fr\/218204\/","title":{"rendered":"La querelle Trump-Musk relanc\u00e9e, le patron de Tesla menace de cr\u00e9er son propre parti"},"content":{"rendered":"<p>Il est loin le temps o\u00f9 deux des personnalit\u00e9s les plus puissantes du globe faisaient ami ami. Las\u00a0! Le pr\u00e9sident am\u00e9ricain <a href=\"https:\/\/www.20minutes.fr\/monde\/etats-unis\/\" class=\"color-ultramarine c-link\" target=\"_blank\" rel=\"noopener\">Donald Trump <\/a>et le multimilliardaire <a href=\"https:\/\/www.20minutes.fr\/dossier\/elon_musk\" class=\"color-ultramarine c-link\" target=\"_blank\" rel=\"noopener\">Elon Musk<\/a>, jadis alli\u00e9s, <a href=\"https:\/\/www.20minutes.fr\/monde\/4158047-20250611-etats-unis-donald-trump-dit-reconnaissant-apres-excuses-elon-musk\" class=\"color-ultramarine c-link\" target=\"_blank\" rel=\"noopener\">n\u2019en sont plus aux congratulations<\/a>. Alors que le S\u00e9nat am\u00e9ricain examine le grand projet de loi budg\u00e9taire pouss\u00e9e par Trump, dont l\u2019issue du vote reste incertaine, le patron de Tesla s\u2019y oppose toujours vigoureusement. Et balance.<\/p>\n<p>\u00ab\u00a0Il est \u00e9vident, vu les d\u00e9penses ahurissantes du texte &#8211; qui augmente de mani\u00e8re record le plafond de la dette de 5.000\u00a0MILLIARDS DE DOLLARS \u2013, que nous vivons dans un pays au parti unique\u00a0: le parti des cochons qui se goinfrent\u00a0\u00bb, a d\u00e9nonc\u00e9 sur X lundi le patron de SpaceX et Tesla, anciennement charg\u00e9 de sabrer dans les d\u00e9penses de l\u2019Etat f\u00e9d\u00e9ral avec sa commission Doge.<\/p>\n<p>Trump critique les subventions re\u00e7ues par Musk<\/p>\n<p>L\u2019homme le plus riche de la plan\u00e8te a mis en garde\u00a0: si le texte est adopt\u00e9, il lancera un nouveau parti et financera la campagne aux primaires r\u00e9publicaines de candidats oppos\u00e9s aux parlementaires actuels.<\/p>\n<\/p>\n<p>Des remarques peu appr\u00e9ci\u00e9es du pr\u00e9sident r\u00e9publicain. Sur son r\u00e9seau social, Donald Trump a critiqu\u00e9 son ancien alli\u00e9 pour les subventions qu\u2019il touche de l\u2019Etat am\u00e9ricain, sans lesquelles, selon le pr\u00e9sident, \u00ab\u00a0il devrait fermer boutique et retourner chez lui en Afrique du Sud\u00a0\u00bb.<\/p>\n<p><a href=\"https:\/\/www.20minutes.fr\/monde\/4158047-20250611-etats-unis-donald-trump-dit-reconnaissant-apres-excuses-elon-musk\" class=\"c-link c-btn c-btn--primary\" target=\"_blank\" rel=\"noopener\">Notre dossier Etats-Unis<\/a><\/p>\n<p>Combien co\u00fbterait vraiment cette <a href=\"https:\/\/www.20minutes.fr\/monde\/etats-unis\/4155916-20250528-etats-unis-elon-musk-decu-grande-belle-loi-budgetaire-ami-donald-trump\" class=\"color-ultramarine c-link\" target=\"_blank\" rel=\"noopener\">\u00ab\u00a0grande et belle loi\u00a0\u00bb<\/a> que souhaite tant Donald Trump\u00a0? Selon le Bureau budg\u00e9taire du Congr\u00e8s, charg\u00e9 d\u2019\u00e9valuer de mani\u00e8re non partisane l\u2019impact des projets de loi sur les finances publiques, ce projet de loi augmenterait la dette publique am\u00e9ricaine de plus de 3.000\u00a0milliards de dollars d\u2019ici\u00a02034.<\/p>\n","protected":false},"excerpt":{"rendered":"Il est loin le temps o\u00f9 deux des personnalit\u00e9s les plus puissantes du globe faisaient ami ami. Las\u00a0!&hellip;\n","protected":false},"author":2,"featured_media":218205,"comment_status":"","ping_status":"","sticky":false,"template":"","format":"standard","meta":{"footnotes":""},"categories":[6],"tags":[47,5594,1003,35,34444,6327,7993,75,33,34,46,16309,73,1011,27,74,4919,4190,938,45,320,28259],"class_list":{"0":"post-218204","1":"post","2":"type-post","3":"status-publish","4":"format-standard","5":"has-post-thumbnail","7":"category-economie","8":"tag-actualite","9":"tag-afrique-du-sud","10":"tag-budget","11":"tag-business","12":"tag-crise-de-la-dette","13":"tag-dette","14":"tag-dette-publique","15":"tag-donald-trump","16":"tag-economie","17":"tag-economy","18":"tag-elon-musk","19":"tag-etat","20":"tag-etats-unis","21":"tag-fr","22":"tag-france","23":"tag-monde","24":"tag-president","25":"tag-reforme","26":"tag-reseaux-sociaux","27":"tag-spacex","28":"tag-tesla","29":"tag-twitter-x"},"share_on_mastodon":{"url":"https:\/\/pubeurope.com\/@fr\/114778130647275953","error":""},"_links":{"self":[{"href":"https:\/\/www.europesays.com\/fr\/wp-json\/wp\/v2\/posts\/218204","targetHints":{"allow":["GET"]}}],"collection":[{"href":"https:\/\/www.europesays.com\/fr\/wp-json\/wp\/v2\/posts"}],"about":[{"href":"https:\/\/www.europesays.com\/fr\/wp-json\/wp\/v2\/types\/post"}],"author":[{"embeddable":true,"href":"https:\/\/www.europesays.com\/fr\/wp-json\/wp\/v2\/users\/2"}],"replies":[{"embeddable":true,"href":"https:\/\/www.europesays.com\/fr\/wp-json\/wp\/v2\/comments?post=218204"}],"version-history":[{"count":0,"href":"https:\/\/www.europesays.com\/fr\/wp-json\/wp\/v2\/posts\/218204\/revisions"}],"wp:featuredmedia":[{"embeddable":true,"href":"https:\/\/www.europesays.com\/fr\/wp-json\/wp\/v2\/media\/218205"}],"wp:attachment":[{"href":"https:\/\/www.europesays.com\/fr\/wp-json\/wp\/v2\/media?parent=218204"}],"wp:term":[{"taxonomy":"category","embeddable":true,"href":"https:\/\/www.europesays.com\/fr\/wp-json\/wp\/v2\/categories?post=218204"},{"taxonomy":"post_tag","embeddable":true,"href":"https:\/\/www.europesays.com\/fr\/wp-json\/wp\/v2\/tags?post=218204"}],"curies":[{"name":"wp","href":"https:\/\/api.w.org\/{rel}","templated":true}]}}