{"id":218206,"date":"2025-07-01T13:07:10","date_gmt":"2025-07-01T13:07:10","guid":{"rendered":"https:\/\/www.europesays.com\/fr\/218206\/"},"modified":"2025-07-01T13:07:10","modified_gmt":"2025-07-01T13:07:10","slug":"au-moins-50-morts-palestiniens-dans-des-frappes-israeliennes","status":"publish","type":"post","link":"https:\/\/www.europesays.com\/fr\/218206\/","title":{"rendered":"au moins 50 morts palestiniens dans des frappes isra\u00e9liennes"},"content":{"rendered":"<p><strong>LE POINT SUR LA SITUATION &#8211; <\/strong>Les appels \u00e0 un cessez-le-feu se poursuivent. Ya\u00efr Lapid, chef de l\u2019opposition en Isra\u00ebl affirme que la guerre \u00abne fait que causer des dommages sur le plan s\u00e9curitaire, politique et \u00e9conomique\u00bb.<\/p>\n<p class=\"fig-paragraph\">Malgr\u00e9 des appels renouvel\u00e9s \u00e0 un cessez-le-feu \u00e0\u00a0<a href=\"http:\/\/www.lefigaro.fr\/international\/dossier\/attaque-du-hamas-contre-israel-le-point-sur-la-situation\" target=\"_blank\" data-fig-type=\"Topic\" rel=\"noopener\" data-gtm-custom-categorie=\"navigation\" data-gtm-custom-action=\"crossclick\" data-gtm-custom-label=\"Contextuel\" data-gtm-event=\"customEventSPE\" data-fig-domain=\"LEFIGARO\">Gaza<\/a>, les secouristes locaux ont fait \u00e9tat lundi 30 juin de 51 morts, dont 24 dans un caf\u00e9 internet, lors de plusieurs op\u00e9rations de l&rsquo;arm\u00e9e isra\u00e9lienne. La rapidit\u00e9 avec laquelle s&rsquo;est achev\u00e9e la guerre de 12 jours entre Isra\u00ebl et l&rsquo;Iran a raviv\u00e9 l&rsquo;espoir d&rsquo;un arr\u00eat des combats \u00e0 Gaza, \u00e9galement d\u00e9vast\u00e9e par une catastrophe humanitaire pour ses quelque deux millions d&rsquo;habitants.\u00a0<a href=\"http:\/\/www.lefigaro.fr\/flash-actu\/israel-benyamin-netanyahou-doit-partir-estime-son-predecesseur-naftali-bennett-20250628\" target=\"_blank\" data-fig-type=\"NewsFlash\" rel=\"noopener\" data-gtm-custom-categorie=\"navigation\" data-gtm-custom-action=\"crossclick\" data-gtm-custom-label=\"Contextuel\" data-gtm-event=\"customEventSPE\" data-fig-domain=\"LEFIGARO\">Benyamin Netanyahou<\/a>\u00a0se rendra \u00e0 la Maison-Blanche le 7 juillet. Le Figaro fait le point sur la situation \u00e0 Gaza.<\/p>\n<p><strong>Mort d\u2019un jeune Palestinien d\u00e9tenu en Isra\u00ebl<\/strong><\/p>\n<p class=\"fig-paragraph\">Les autorit\u00e9s palestiniennes ont annonc\u00e9 lundi la mort d\u2019un Palestinien de 22 ans d\u00e9tenu depuis plus d\u2019un an en Isra\u00ebl, o\u00f9 les prisonniers subissent selon elles des \u00abcrimes syst\u00e9miques\u00bb dans des conditions de d\u00e9tention dangereuses. Elles ne pr\u00e9cisent pas les circonstances de sa mort, mais soulignent que Lo\u2019ay Fai\u00e7al Nasrallah, emprisonn\u00e9 depuis mars 2024 sous le r\u00e9gime de la d\u00e9tention administrative, ne souffrait auparavant d\u2019aucun probl\u00e8me de sant\u00e9 selon sa famille.<\/p>\n<p class=\"fig-paragraph\">Lo\u2019ay Fai\u00e7al Nasrallah \u00e9tait incarc\u00e9r\u00e9 dans la prison du N\u00e9guev, dans le sud d\u2019Isra\u00ebl, connue comme un foyer de propagation de la gale. Sa mort porte \u00e0 73, selon le d\u00e9compte de deux entit\u00e9s palestiniennes, le nombre de Palestiniens morts en d\u00e9tention en Isra\u00ebl depuis le d\u00e9but de la guerre \u00e0 Gaza d\u00e9clench\u00e9e par l\u2019attaque sans pr\u00e9c\u00e9dent du mouvement islamiste palestinien Hamas sur le sol isra\u00e9lien le 7 octobre 2023.<\/p>\n<p>Frappes et dizaines de morts lundi<\/p>\n<p class=\"fig-paragraph\">Mais sur le terrain, Isra\u00ebl continue son offensive dans le but de d\u00e9truire le mouvement islamiste palestinien Hamas. Selon la D\u00e9fense civile gazaouie, une frappe a\u00e9rienne isra\u00e9lienne a fait \u00e0 elle seule 24 morts et des dizaines de bless\u00e9s lundi dans un \u00e9tablissement en bord de mer de la ville de Gaza, appel\u00e9 \u00abAl-Baqa\u00bb.<\/p>\n<p class=\"fig-paragraph\">\u00abIl y a toujours beaucoup de monde \u00e0 cet endroit, qui propose des boissons, des espaces pour les familles et un acc\u00e8s \u00e0 internet\u00bb, a racont\u00e9 \u00e0 l&rsquo;AFP Ahmed Al-Nayrab, 26 ans, qui se trouvait sur une plage \u00e0 proximit\u00e9 avec des amis lorsqu&rsquo;il a entendu une \u00ab\u00e9norme explosion\u00bb. \u00abC&rsquo;\u00e9tait un massacre\u00bb, a-t-il poursuivi. \u00abJ&rsquo;ai vu des morceaux de corps voler partout, des cadavres d\u00e9chiquet\u00e9s et br\u00fbl\u00e9s. Une sc\u00e8ne \u00e0 glacer le sang. Tout le monde criait. Les bless\u00e9s hurlaient \u00e0 l&rsquo;aide, les familles pleuraient leurs morts\u00bb.<\/p>\n<p class=\"fig-paragraph\">La D\u00e9fense civile avait annonc\u00e9 plus t\u00f4t dans la journ\u00e9e la mort de 27 personnes dans plusieurs frappes et tirs de l&rsquo;arm\u00e9e isra\u00e9lienne. Parmi elles, 11 ont \u00e9t\u00e9 \u00abtu\u00e9es pr\u00e8s de points de distribution d&rsquo;aide dans le centre et le sud du territoire\u00bb, a affirm\u00e9 \u00e0 l&rsquo;AFP Mahmoud Bassal, porte-parole de cette organisation de premiers secours.<\/p>\n<p>Appels \u00e0 un cessez-le-feu<\/p>\n<p class=\"fig-paragraph\">Les appels \u00e0 un\u00a0<a href=\"http:\/\/www.lefigaro.fr\/international\/guerre-a-gaza-au-moins-20-morts-dans-des-operations-israeliennes-20250625\" target=\"_blank\" data-fig-type=\"NewsFlash\" rel=\"noopener\" data-gtm-custom-categorie=\"navigation\" data-gtm-custom-action=\"crossclick\" data-gtm-custom-label=\"Contextuel\" data-gtm-event=\"customEventSPE\" data-fig-domain=\"LEFIGARO\">cessez-le-feu \u00e0 Gaza<\/a>\u00a0se poursuivent pourtant depuis la tr\u00eave du 24 juin dans la guerre de 12 jours entre Isra\u00ebl et l&rsquo;Iran. \u00abL&rsquo;\u00c9tat d&rsquo;Isra\u00ebl n&rsquo;a plus aucun int\u00e9r\u00eat \u00e0 poursuivre la guerre \u00e0 Gaza, elle ne fait que causer des dommages sur le plan s\u00e9curitaire, politique et \u00e9conomique\u00bb, a d\u00e9clar\u00e9 le chef de l&rsquo;opposition\u00a0<a href=\"http:\/\/www.lefigaro.fr\/international\/yair-lapid-apres-les-revirements-d-emmanuel-macron-sur-gaza-je-ne-doute-pas-de-son-soutien-pour-notre-pays-20231124\" target=\"_blank\" data-fig-type=\"Article\" rel=\"noopener\" data-gtm-custom-categorie=\"navigation\" data-gtm-custom-action=\"crossclick\" data-gtm-custom-label=\"Contextuel\" data-gtm-event=\"customEventSPE\" data-fig-domain=\"LEFIGARO\">Ya\u00efr Lapid<\/a>, affirmant que l&rsquo;arm\u00e9e partageait son point de vue.<\/p>\n<p class=\"fig-paragraph\">Le minist\u00e8re des Affaires \u00e9trang\u00e8res du Qatar, pays central dans les derniers pourparlers indirects entre le Hamas et Isra\u00ebl, a r\u00e9affirm\u00e9 que \u00ables conditions (\u00e9taient) r\u00e9unies pour aller de l&rsquo;avant et reprendre les n\u00e9gociations\u00bb. \u00abNous faisons d\u00e9sormais face \u00e0 l&rsquo;ach\u00e8vement de la campagne \u00e0 Gaza et \u00e0 la r\u00e9alisation de ses objectifs, au premier rang desquels la lib\u00e9ration de tous les otages et la d\u00e9faite du Hamas\u00bb, a dit le ministre isra\u00e9lien de la D\u00e9fense Isra\u00ebl Katz lors d&rsquo;une r\u00e9union avec le premier ministre Benyamin Netanyahou et l&rsquo;\u00e9tat-major de l&rsquo;arm\u00e9e.<\/p>\n<p class=\"fig-paragraph\">Alors que\u00a0<a href=\"http:\/\/www.lefigaro.fr\/international\/ukraine-gaza-inde-pakistan-trump-est-il-le-faiseur-de-paix-qu-il-reve-d-etre-ou-un-pompier-pyromane-20250517\" target=\"_blank\" data-fig-type=\"Article\" rel=\"noopener\" data-gtm-custom-categorie=\"navigation\" data-gtm-custom-action=\"crossclick\" data-gtm-custom-label=\"Contextuel\" data-gtm-event=\"customEventSPE\" data-fig-domain=\"LEFIGARO\">Donald Trump<\/a>\u00a0a assur\u00e9 vendredi qu&rsquo;un cessez-le-feu \u00e9tait \u00abproche\u00bb \u00e0 Gaza, le ministre isra\u00e9lien des Affaires strat\u00e9giques Ron Dermer se trouve \u00e0 Washington cette semaine pour des discussions avec des repr\u00e9sentants am\u00e9ricains. Or, Washington a annonc\u00e9 lundi la vente pour 510 millions de dollars \u00e0 Isra\u00ebl de kits de guidage de bombes.<\/p>\n","protected":false},"excerpt":{"rendered":"LE POINT SUR LA SITUATION &#8211; Les appels \u00e0 un cessez-le-feu se poursuivent. Ya\u00efr Lapid, chef de l\u2019opposition&hellip;\n","protected":false},"author":2,"featured_media":218207,"comment_status":"","ping_status":"","sticky":false,"template":"","format":"standard","meta":{"footnotes":""},"categories":[5],"tags":[259,11,260,3259,1011,27,665,1146,14,261,12,262,28],"class_list":{"0":"post-218206","1":"post","2":"type-post","3":"status-publish","4":"format-standard","5":"has-post-thumbnail","7":"category-international","8":"tag-actualite-internationale","9":"tag-actualites","10":"tag-affaires-etrangeres","11":"tag-conflit-israelo-palestinien","12":"tag-fr","13":"tag-france","14":"tag-gaza","15":"tag-guerre","16":"tag-international","17":"tag-ministere-des-affaires-etrangeres","18":"tag-news","19":"tag-politique-etrangere","20":"tag-world"},"share_on_mastodon":{"url":"https:\/\/pubeurope.com\/@fr\/114778134691630846","error":""},"_links":{"self":[{"href":"https:\/\/www.europesays.com\/fr\/wp-json\/wp\/v2\/posts\/218206","targetHints":{"allow":["GET"]}}],"collection":[{"href":"https:\/\/www.europesays.com\/fr\/wp-json\/wp\/v2\/posts"}],"about":[{"href":"https:\/\/www.europesays.com\/fr\/wp-json\/wp\/v2\/types\/post"}],"author":[{"embeddable":true,"href":"https:\/\/www.europesays.com\/fr\/wp-json\/wp\/v2\/users\/2"}],"replies":[{"embeddable":true,"href":"https:\/\/www.europesays.com\/fr\/wp-json\/wp\/v2\/comments?post=218206"}],"version-history":[{"count":0,"href":"https:\/\/www.europesays.com\/fr\/wp-json\/wp\/v2\/posts\/218206\/revisions"}],"wp:featuredmedia":[{"embeddable":true,"href":"https:\/\/www.europesays.com\/fr\/wp-json\/wp\/v2\/media\/218207"}],"wp:attachment":[{"href":"https:\/\/www.europesays.com\/fr\/wp-json\/wp\/v2\/media?parent=218206"}],"wp:term":[{"taxonomy":"category","embeddable":true,"href":"https:\/\/www.europesays.com\/fr\/wp-json\/wp\/v2\/categories?post=218206"},{"taxonomy":"post_tag","embeddable":true,"href":"https:\/\/www.europesays.com\/fr\/wp-json\/wp\/v2\/tags?post=218206"}],"curies":[{"name":"wp","href":"https:\/\/api.w.org\/{rel}","templated":true}]}}