{"id":21821,"date":"2025-04-13T09:18:10","date_gmt":"2025-04-13T09:18:10","guid":{"rendered":"https:\/\/www.europesays.com\/fr\/21821\/"},"modified":"2025-04-13T09:18:10","modified_gmt":"2025-04-13T09:18:10","slug":"football-une-nouvelle-erreur-defensive-prive-le-sm-caen-de-la-victoire-a-rodez","status":"publish","type":"post","link":"https:\/\/www.europesays.com\/fr\/21821\/","title":{"rendered":"Football. Une nouvelle erreur d\u00e9fensive prive le SM Caen de la victoire \u00e0 Rodez"},"content":{"rendered":"<p>            Par<br \/>\n        <strong><br \/>\n            <a href=\"https:\/\/actu.fr\/auteur\/alexandre-gourlaouen\" title=\"Consulter tous les articles de Alexandre Gourlaouen\" target=\"_blank\" rel=\"noopener\">Alexandre Gourlaouen<\/a><br \/>\n        <\/strong><\/p>\n<p>        Publi\u00e9 le<\/p>\n<p>            11 avr. 2025 \u00e0 22h14        <\/p>\n<p>Gagner pour conserver un infime espoir de maintien. Telle \u00e9tait la mission du Stade Malherbe Caen en d\u00e9placement \u00e0 Rodez vendredi 11 avril 2025. Gagner et esp\u00e9rer un faux pas de Clermont et Martigues pour revenir \u00e0 cinq points de la position de barragiste. Encore une fois, les Caennais se sont effondr\u00e9s en fin de match et manque une belle opportunit\u00e9 de revenir (2-2).<\/p>\n<p>Trop de d\u00e9chets dans la derni\u00e8re passe<\/p>\n<p class=\" wall-content\">Les Malherbistes, qui d\u00e9butent avec le m\u00eame onze que la semaine pass\u00e9e contre Metz, montrent de nouveau des volont\u00e9s offensives et se procurent un coup franc lointain. Mais Yassine Benrahou envoie le ballon directement dans les gants de Diaw, qui d\u00e9gage loin devant, permettant \u00e0 Nkada de prendre le meilleur sur Lamine Sy et de se retrouver devant Anthony Mandrea. Heureusement, sa frappe passe au-dessus avant qu\u2019il ne soit finalement signal\u00e9 hors-jeu (6\u2032). Le manque de pr\u00e9cision technique emp\u00eache les Malherbistes de se montrer dangereux. Rodez ne l\u2019est pas beaucoup plus jusqu\u2019\u00e0 la frappe de Bentayeb qui est facilement capt\u00e9e par Mandrea (23\u2032).<\/p>\n<p class=\" wall-content\">Caen tourne plusieurs fois autour de la surface rut\u00e9noise, mais encore une fois, les ballons n\u2019arrivent pas au bon endroit ou dans le bon timing. Que ce soit Yassine Benrahou, Lamine Sy ou Jules Gaudin, aucun n\u2019arrive \u00e0 adresser un ballon jouable pour les attaquants. \u00c7a ne passe pourtant pas tr\u00e8s loin, comme sur ce centre de Benrahou vers Alexandre Mendy, juste trop court pour toucher le ballon qui termine dans les bras de Diaw (40\u2032). Le score reste nul et vierge \u00e0 la pause et c\u2019est logique tant aucune \u00e9quipe n\u2019a r\u00e9ellement apporter le danger sur le but adverse.<\/p>\n<p>Encore une erreur fatale<\/p>\n<p class=\" wall-content\">Le retour des vestiaires est fatal au SM Caen qui encaisse l\u2019ouverture du score par Nkada, trouv\u00e9 au deuxi\u00e8me poteau apr\u00e8s une remise chanceuse de Bouchouari (1-0, 47\u2032). Les Caennais doivent encore une fois r\u00e9agir apr\u00e8s avoir encaiss\u00e9 un but. Ils y parviennent \u00e0 l\u2019heure de jeu gr\u00e2ce \u00e0 No\u00e9 Lebreton qui trouve l\u2019ouverture sur Diaw apr\u00e8s une remise de la t\u00eate d\u2019Alexandre Mendy sur un coup franc de Benrahou (1-1, 60\u2032).<\/p>\n<p>Vid\u00e9os : en ce moment sur Actu<\/p>\n<p class=\" wall-content\">Dans la foul\u00e9e, Alex Mendy ne cadre pas sa frappe \u00e0 l\u2019entr\u00e9e de la surface (61\u2032). Caen continue de pousser, mais Kyeremeh ne parvient pas \u00e0 tromper Diaw sur une d\u00e9viation bien pens\u00e9e d\u2019Alexandre Mendy (67\u2032). Les Rouge et Bleu baissent de rythme \u00e0 l\u2019approche du dernier quart d\u2019heure. Il faut le bel arr\u00eat d\u2019Anthony Mandrea pour priver Nkada du doubl\u00e9 (75\u2032). Le gardien caennais r\u00e9cidive quelque minutes plus tard sur une frappe de Younoussa (77\u2032). Yassine Benrahou, en difficult\u00e9 sur ces centres, tire un nouveau coup franc. Cette fois-ci, il le d\u00e9pose parfaitement au second poteau pour Godson Kyeremeh qui donne l\u2019avantage au SM Caen \u00e0 dix minutes du terme (1-2, 81\u2032). Rodez tente de revenir et Caen se regroupe pour d\u00e9fendre son avantage. C\u2019est sur un ballon mal d\u00e9gag\u00e9 par Brahim Traor\u00e9 qu\u2019Ibrahima Bald\u00e9 permet finalement aux locaux d\u2019\u00e9galiser dans les arr\u00eats de jeu (2-2, 90\u2019+2). C\u2019en est trop pour les Caennais et Micka\u00ebl Le Bihan qui est exclu pour un tr\u00e8s mauvais geste (90\u2019+2). R\u00e9duit \u00e0 10, le SM Caen n\u2019a pas la capacit\u00e9 de profiter du long temps aditionnel pour revenir.<\/p>\n<p class=\" wall-content\">Nouvelle occasion manqu\u00e9e pour le Stade Malherbe qui ne reprend qu\u2019un point sur Martigues, battu \u00e0 Metz. Clermont, tenu en \u00e9chec \u00e9galement en fin de match, reprend la place de barragiste, avec sept points d\u2019avance sur le SM Caen.<\/p>\n<p class=\" wall-content\">Suivez toute l\u2019actualit\u00e9 de vos villes et m\u00e9dias favoris en vous inscrivant \u00e0 <a href=\"https:\/\/moncompte.actu.fr\" title=\"D\u00e9couvez Mon Actu\" rel=\"nofollow noopener\" data-trk=\"{&quot;cta&quot;:{&quot;action&quot;:&quot;https:\\\/\\\/moncompte.actu.fr&quot;,&quot;category&quot;:&quot;mon compte&quot;,&quot;from&quot;:&quot;article footer&quot;,&quot;name&quot;:&quot;Mon actu&quot;,&quot;type&quot;:&quot;cta&quot;}}\" target=\"_blank\">Mon Actu<\/a>.<\/p>\n","protected":false},"excerpt":{"rendered":"Par Alexandre Gourlaouen Publi\u00e9 le 11 avr. 2025 \u00e0 22h14 Gagner pour conserver un infime espoir de maintien.&hellip;\n","protected":false},"author":2,"featured_media":21822,"comment_status":"","ping_status":"","sticky":false,"template":"","format":"standard","meta":{"footnotes":""},"categories":[9],"tags":[63,1011,27,1745,60,266,1746],"class_list":{"0":"post-21821","1":"post","2":"type-post","3":"status-publish","4":"format-standard","5":"has-post-thumbnail","7":"category-sports","8":"tag-football","9":"tag-fr","10":"tag-france","11":"tag-sport-caen","12":"tag-sports","13":"tag-stade-malherbe-de-caen","14":"tag-stade-michel-dornano"},"share_on_mastodon":{"url":"https:\/\/pubeurope.com\/@fr\/114329911665390319","error":""},"_links":{"self":[{"href":"https:\/\/www.europesays.com\/fr\/wp-json\/wp\/v2\/posts\/21821","targetHints":{"allow":["GET"]}}],"collection":[{"href":"https:\/\/www.europesays.com\/fr\/wp-json\/wp\/v2\/posts"}],"about":[{"href":"https:\/\/www.europesays.com\/fr\/wp-json\/wp\/v2\/types\/post"}],"author":[{"embeddable":true,"href":"https:\/\/www.europesays.com\/fr\/wp-json\/wp\/v2\/users\/2"}],"replies":[{"embeddable":true,"href":"https:\/\/www.europesays.com\/fr\/wp-json\/wp\/v2\/comments?post=21821"}],"version-history":[{"count":0,"href":"https:\/\/www.europesays.com\/fr\/wp-json\/wp\/v2\/posts\/21821\/revisions"}],"wp:featuredmedia":[{"embeddable":true,"href":"https:\/\/www.europesays.com\/fr\/wp-json\/wp\/v2\/media\/21822"}],"wp:attachment":[{"href":"https:\/\/www.europesays.com\/fr\/wp-json\/wp\/v2\/media?parent=21821"}],"wp:term":[{"taxonomy":"category","embeddable":true,"href":"https:\/\/www.europesays.com\/fr\/wp-json\/wp\/v2\/categories?post=21821"},{"taxonomy":"post_tag","embeddable":true,"href":"https:\/\/www.europesays.com\/fr\/wp-json\/wp\/v2\/tags?post=21821"}],"curies":[{"name":"wp","href":"https:\/\/api.w.org\/{rel}","templated":true}]}}