{"id":218228,"date":"2025-07-01T13:20:16","date_gmt":"2025-07-01T13:20:16","guid":{"rendered":"https:\/\/www.europesays.com\/fr\/218228\/"},"modified":"2025-07-01T13:20:16","modified_gmt":"2025-07-01T13:20:16","slug":"mercato-trois-joueurs-a-lessai-au-fc-rouen","status":"publish","type":"post","link":"https:\/\/www.europesays.com\/fr\/218228\/","title":{"rendered":"Mercato. Trois joueurs \u00e0 l&rsquo;essai au FC Rouen"},"content":{"rendered":"<p><img loading=\"lazy\" decoding=\"async\" width=\"696\" height=\"464\" class=\"lazyload entry-thumb\" src=\"https:\/\/www.europesays.com\/fr\/wp-content\/uploads\/2025\/05\/FC-Rouen-696x464.jpg\" alt=\"\" title=\"FC Rouen\"\/>(Photo Philippe Le Brech)<\/p>\n<p style=\"font-size:20px\"><strong>Le FC Rouen a retrouv\u00e9 le chemin de l\u2019entra\u00eenement en ce d\u00e9but de semaine avec ses recrues (Formose Mendy, Kenny Rocha, Rapha\u00ebl Gerbaud, Nassim Titebah et El Hadji Guiry Egny) mais aussi trois joueurs \u00e0 l\u2019essai. <\/strong><\/p>\n<p>D\u2019apr\u00e8s <a href=\"https:\/\/www.francebleu.fr\/sports\/football\/fc-rouen-une-reprise-sous-le-signe-de-l-apaisement-sans-effets-d-annonce-7139745\" target=\"_blank\" rel=\"noreferrer noopener\">Ici Normandie<\/a>, trois \u00e9l\u00e9ments sont ainsi \u00e0 l\u2019essai avec le groupe de R\u00e9gis Brouard lors de cette reprise : Valdir Fonseca (ailier, 22 ans, \u00c9pinal), Wissem Bouhadiche (milieu, 24 ans, Chartres) et Valentin Fuss (attaquant, 24 ans, Titus P\u00e9tange).\u00a0Le m\u00e9dia local pr\u00e9cise que ce dernier a inscrit 14 buts en 32 rencontres en premi\u00e8re division luxembourgeoise la saison pass\u00e9e.<\/p>\n<p>Le premier sort d\u2019une ann\u00e9e aboutie en N2 avec 23 matchs disput\u00e9s, 3 buts inscrits et 2 passes d\u00e9cisives d\u00e9livr\u00e9es. Le second a des stats \u00e9quivalentes mais en N2 avec 22 matchs jou\u00e9s, 4 buts et 3 passes d\u00e9cisives.<\/p>\n<p><a href=\"https:\/\/footamateur.ouest-france.fr\/author\/fred\/\" class=\"url\" title=\"Fr\u00e9d\u00e9ric Sougey\" target=\"_blank\" rel=\"noopener\"> <img decoding=\"async\" src=\"https:\/\/www.europesays.com\/fr\/wp-content\/uploads\/2025\/04\/gnlpcfya_400x400.jpg\" class=\"lazyload photo\" width=\"250\" alt=\"Fr\u00e9d\u00e9ric Sougey\"\/><\/a><\/p>\n<p>Journaliste chez Sports M\u00e9dia<\/p>\n<p>Elev\u00e9 au c\u0153ur des Alpes, Fred quitte (temporairement) son Grenoble ador\u00e9 pour pr\u00eater sa plume et son regard au monde amateur et plus particuli\u00e8rement au Championnat National dont il est un assidu observateur. Fan de tartiflette, de Karim Mokeddem et de Mulholland Drive. Les bonnes choses de la vie, en somme.<\/p>\n<p><a href=\"https:\/\/footamateur.ouest-france.fr\/author\/fred\/\" class=\"url\" title=\"Fr\u00e9d\u00e9ric Sougey\" target=\"_blank\" rel=\"noopener\"><img decoding=\"async\" src=\"https:\/\/www.europesays.com\/fr\/wp-content\/uploads\/2025\/04\/gnlpcfya_400x400.jpg\" class=\"lazyload photo\" width=\"250\" alt=\"Fr\u00e9d\u00e9ric Sougey\"\/><\/a>Les derniers articles par Fr\u00e9d\u00e9ric Sougey (<a href=\"https:\/\/footamateur.ouest-france.fr\/author\/fred\/\" target=\"_blank\" rel=\"noopener\">tout voir<\/a>)<\/p>\n","protected":false},"excerpt":{"rendered":"(Photo Philippe Le Brech) Le FC Rouen a retrouv\u00e9 le chemin de l\u2019entra\u00eenement en ce d\u00e9but de semaine&hellip;\n","protected":false},"author":2,"featured_media":103928,"comment_status":"","ping_status":"","sticky":false,"template":"","format":"standard","meta":{"footnotes":""},"categories":[9587],"tags":[1111,11,1777,674,12003,1011,27,1434,12,5161,25,9590],"class_list":{"0":"post-218228","1":"post","2":"type-post","3":"status-publish","4":"format-standard","5":"has-post-thumbnail","7":"category-rouen","8":"tag-actu","9":"tag-actualites","10":"tag-eu","11":"tag-europe","12":"tag-fc-rouen","13":"tag-fr","14":"tag-france","15":"tag-mercato","16":"tag-news","17":"tag-normandie","18":"tag-republique-francaise","19":"tag-rouen"},"share_on_mastodon":{"url":"https:\/\/pubeurope.com\/@fr\/114778185780717223","error":""},"_links":{"self":[{"href":"https:\/\/www.europesays.com\/fr\/wp-json\/wp\/v2\/posts\/218228","targetHints":{"allow":["GET"]}}],"collection":[{"href":"https:\/\/www.europesays.com\/fr\/wp-json\/wp\/v2\/posts"}],"about":[{"href":"https:\/\/www.europesays.com\/fr\/wp-json\/wp\/v2\/types\/post"}],"author":[{"embeddable":true,"href":"https:\/\/www.europesays.com\/fr\/wp-json\/wp\/v2\/users\/2"}],"replies":[{"embeddable":true,"href":"https:\/\/www.europesays.com\/fr\/wp-json\/wp\/v2\/comments?post=218228"}],"version-history":[{"count":0,"href":"https:\/\/www.europesays.com\/fr\/wp-json\/wp\/v2\/posts\/218228\/revisions"}],"wp:featuredmedia":[{"embeddable":true,"href":"https:\/\/www.europesays.com\/fr\/wp-json\/wp\/v2\/media\/103928"}],"wp:attachment":[{"href":"https:\/\/www.europesays.com\/fr\/wp-json\/wp\/v2\/media?parent=218228"}],"wp:term":[{"taxonomy":"category","embeddable":true,"href":"https:\/\/www.europesays.com\/fr\/wp-json\/wp\/v2\/categories?post=218228"},{"taxonomy":"post_tag","embeddable":true,"href":"https:\/\/www.europesays.com\/fr\/wp-json\/wp\/v2\/tags?post=218228"}],"curies":[{"name":"wp","href":"https:\/\/api.w.org\/{rel}","templated":true}]}}