{"id":218235,"date":"2025-07-01T13:26:11","date_gmt":"2025-07-01T13:26:11","guid":{"rendered":"https:\/\/www.europesays.com\/fr\/218235\/"},"modified":"2025-07-01T13:26:11","modified_gmt":"2025-07-01T13:26:11","slug":"en-live-le-rafraichissant-programme-de-lorchestre-des-jeunes-de-strasbourg","status":"publish","type":"post","link":"https:\/\/www.europesays.com\/fr\/218235\/","title":{"rendered":"En live. Le rafra\u00eechissant programme de l\u2019Orchestre des jeunes de Strasbourg"},"content":{"rendered":"<p>Le concert d\u00e9roule ses deux heures ou presque de musique en conjuguant tout \u00e0 la fois \u00e9clectisme du r\u00e9pertoire et exigence d\u2019interpr\u00e9tation. D\u2019une certaine mani\u00e8re, La Force du Destin , en ouverture, la Pavane pour une infante d\u00e9funte \u2013 d\u2019un calme olympien, et la Symphonie n\u00b08 de Dvo\u0159\u00e1k font partie des incontournables.<\/p>\n<p>Mais l\u2019affiche donne aussi \u00e0 entendre une captivante d\u00e9couverte\u00a0: une Symphonie concertante \u00a0pour deux bassons d\u2019un certain Johann-Evangelist Brandl, compositeur oubli\u00e9, dont on a exhum\u00e9 <a href=\"https:\/\/www.dna.fr\/culture-loisirs\/2023\/10\/26\/des-partitions-inedites-s-offrent-au-monde\" target=\"_blank\" rel=\"nofollow noopener\">il y a seulement dix ans la partition \u00e0\u2026 Munster<\/a>.<\/p>\n<p>  Virevoltantes parties solistes<\/p>\n<p>En professionnels avertis, Robin Auburtin et Jean-Christophe Dassonville, premiers bassons de l\u2019Orchestre philharmonique de Strasbourg (OPS), se chargent d\u2019en ex\u00e9cuter les virevoltantes parties solistes, dans un constant et virtuose entrelacs, accompagn\u00e9s par un tutti aux ponctuations vigoureuses de style mozartien. L\u2019exposition, si rare, et donc bien venue, de l\u2019instrument \u00e0 anche double, sonne comme une d\u00e9monstration.<\/p>\n<p>L\u2019orchestre laisse entrevoir dans le r\u00e9pertoire savant, et en particulier dans la p\u00e9rilleuse partition de Dvo\u0159\u00e1k, l\u2019engagement plein de ses troupes autant que la hauteur de vue de son chef. Le discours musical se d\u00e9ploie avec clart\u00e9 et d\u00e9voile des plans sonores contrast\u00e9s relev\u00e9s par de belles respirations. Le geste de Winkler est solide et confiant. L\u2019orchestre peut gagner encore en trouvant un meilleur \u00e9quilibre entre vents et cordes, ces derni\u00e8res parfois timides.<\/p>\n<p>  Disney et Abba au programme<\/p>\n<p>L\u2019Orchestre des jeunes de Strasbourg (OJS) ne d\u00e9roge pas \u00e0 ses habitudes en proposant une derni\u00e8re partie de concert festive et ouverte sur les musiques actuelles. Si les extraits du film Raiponce \u00a0de Disney, arrang\u00e9s par Winkler et de la com\u00e9die musicale Chicago, figurent sur l\u2019affiche, le medley emprunt\u00e9 au groupe disco Abba est ex\u00e9cut\u00e9 en rappel pour le plus grand plaisir d\u2019un public qui se l\u00e8ve pour crier sa joie\u00a0!<\/p>\n<p class=\"note\">\u00c0 la fin de la premi\u00e8re partie, les deux bassonistes bissaient un arrangement de Zitti zitti piano pian o, extrait du Barbier de S\u00e9ville de Rossini. Les chansons d\u2019Abba jou\u00e9es en rappel \u00e9taient Dancing Queen ,  Mamma Mia  et The Winner takes it all.<\/p>\n","protected":false},"excerpt":{"rendered":"Le concert d\u00e9roule ses deux heures ou presque de musique en conjuguant tout \u00e0 la fois \u00e9clectisme du&hellip;\n","protected":false},"author":2,"featured_media":218236,"comment_status":"","ping_status":"","sticky":false,"template":"","format":"standard","meta":{"footnotes":""},"categories":[2820],"tags":[1111,11,2389,1687,2880,1777,674,107,1011,27,775,873,12,25,640,2879],"class_list":{"0":"post-218235","1":"post","2":"type-post","3":"status-publish","4":"format-standard","5":"has-post-thumbnail","7":"category-strasbourg","8":"tag-actu","9":"tag-actualites","10":"tag-alsace","11":"tag-culture-loisirs","12":"tag-edition-strasbourg","13":"tag-eu","14":"tag-europe","15":"tag-fil-info","16":"tag-fr","17":"tag-france","18":"tag-grand-est","19":"tag-musique","20":"tag-news","21":"tag-republique-francaise","22":"tag-strasbourg","23":"tag-strasbourg-ville"},"share_on_mastodon":{"url":"https:\/\/pubeurope.com\/@fr\/114778209283482980","error":""},"_links":{"self":[{"href":"https:\/\/www.europesays.com\/fr\/wp-json\/wp\/v2\/posts\/218235","targetHints":{"allow":["GET"]}}],"collection":[{"href":"https:\/\/www.europesays.com\/fr\/wp-json\/wp\/v2\/posts"}],"about":[{"href":"https:\/\/www.europesays.com\/fr\/wp-json\/wp\/v2\/types\/post"}],"author":[{"embeddable":true,"href":"https:\/\/www.europesays.com\/fr\/wp-json\/wp\/v2\/users\/2"}],"replies":[{"embeddable":true,"href":"https:\/\/www.europesays.com\/fr\/wp-json\/wp\/v2\/comments?post=218235"}],"version-history":[{"count":0,"href":"https:\/\/www.europesays.com\/fr\/wp-json\/wp\/v2\/posts\/218235\/revisions"}],"wp:featuredmedia":[{"embeddable":true,"href":"https:\/\/www.europesays.com\/fr\/wp-json\/wp\/v2\/media\/218236"}],"wp:attachment":[{"href":"https:\/\/www.europesays.com\/fr\/wp-json\/wp\/v2\/media?parent=218235"}],"wp:term":[{"taxonomy":"category","embeddable":true,"href":"https:\/\/www.europesays.com\/fr\/wp-json\/wp\/v2\/categories?post=218235"},{"taxonomy":"post_tag","embeddable":true,"href":"https:\/\/www.europesays.com\/fr\/wp-json\/wp\/v2\/tags?post=218235"}],"curies":[{"name":"wp","href":"https:\/\/api.w.org\/{rel}","templated":true}]}}