{"id":218242,"date":"2025-07-01T13:30:37","date_gmt":"2025-07-01T13:30:37","guid":{"rendered":"https:\/\/www.europesays.com\/fr\/218242\/"},"modified":"2025-07-01T13:30:37","modified_gmt":"2025-07-01T13:30:37","slug":"avec-cette-exposition-lancien-lavoir-de-la-contrie-reprend-vie-a-nantes","status":"publish","type":"post","link":"https:\/\/www.europesays.com\/fr\/218242\/","title":{"rendered":"Avec cette exposition, l\u2019ancien lavoir de la Contrie reprend vie \u00e0 Nantes"},"content":{"rendered":"<p>Ancien lieu de vie transform\u00e9 en atelier d\u2019artistes, le Lavoir de la cit\u00e9-jardin, dans le quartier de la Contrie, \u00e0 Nantes (Loire-Atlantique), s\u2019\u00e9veille gr\u00e2ce \u00e0 l\u2019action de jeunes talents regroup\u00e9s en un collectif nomm\u00e9 Hyper Terrier. H\u00e9ritier d\u2019une histoire ouvri\u00e8re locale, o\u00f9 des lavandi\u00e8res officiaient encore au si\u00e8cle dernier, le lieu redevient un espace collectif d\u2019activit\u00e9 et de production.<\/p>\n<p>Ainsi, jusqu\u2019au dimanche 13\u00a0juillet, une exposition collective s\u2019y tient, visible du mercredi au dimanche apr\u00e8s-midi (sauf le vendredi), avec un \u00a0ensemble de formes et de pr\u00e9sences (in) humaines, s\u2019effleurant et glissant comme le savon mousseux sur une ligne humide\u00a0: chaleur, labeur, bu\u00e9e et su\u00e9e, murmures et clameurs, symbiose d\u2019eau et de feu\u00a0\u00bb. Ces \u00e9l\u00e9ments composent cette offre prot\u00e9iforme m\u00ealant dessin, sculpture de c\u00e9ramique, installation de m\u00e9tal et vid\u00e9o num\u00e9rique.<\/p>\n<p>Ce projet, soutenu par le dispositif municipal Clap, permet autant la r\u00e9habilitation de cette ancienne cit\u00e9 ouvri\u00e8re situ\u00e9e dans l\u2019ouest nantais, que sa mue en un espace de diffusion des cr\u00e9ations des talents locaux, form\u00e9s \u00e0 <a href=\"https:\/\/nantes.maville.com\/actu\/actudet_-a-nantes-une-nouvelle-vie-pour-l-ex-ecole-des-beaux-arts-qui-s-ouvre-au-public-_52716-6843576_actu.Htm\" target=\"_blank\" rel=\"noopener\">l\u2019\u00e9cole des beaux-arts de Nantes<\/a>.<\/p>\n<p>Cendre, eau, cheveux, argile, coton<\/p>\n<p>Eug\u00e9nie Faurie pr\u00e9sente des c\u00e9ramiques enfum\u00e9es sur place, puis \u00a0pimp\u00e9es\u00a0 de cheveux et fourrure, qui rev\u00eatent soudain une esth\u00e9tique plus populaire, parlant au grand public.<\/p>\n<p>Le bin\u00f4me Justine Cypres et Joachim Gazeaun propose une fontaine archa\u00efque \u00e9voquant la l\u00e9gende des Lavandi\u00e8res de nuit, qui lavaient des linges ensanglant\u00e9s et utilisaient la cendre pour les blanchir, mat\u00e9riau dont s\u2019empare le duo pour rendre hommage \u00e0 ces laborieuses. Morgane Fontaine, quant \u00e0 elle, propose d\u2019\u00a0errer dans les formes infra-ordinaires qui sillonnent les lavoirs\u00a0 par le biais de dessins au graphite sur papier de coton. Lila Crnogorac et Targui Le Boubennec inventent un instant po\u00e9tique empreint de romance queer avec une \u0153uvre intitul\u00e9e J\u2019peux te poser une question\u00a0?<\/p>\n<p><strong>Jusqu\u2019\u00e0 dimanche 13\u00a0juillet,<\/strong> au 9, rue de la Chevasnerie \u00e0 Nantes, entr\u00e9e libre.<\/p>\n<p>\u00a0<\/p>\n","protected":false},"excerpt":{"rendered":"Ancien lieu de vie transform\u00e9 en atelier d\u2019artistes, le Lavoir de la cit\u00e9-jardin, dans le quartier de la&hellip;\n","protected":false},"author":2,"featured_media":218243,"comment_status":"","ping_status":"","sticky":false,"template":"","format":"standard","meta":{"footnotes":""},"categories":[2818],"tags":[1111,11,4255,35757,1777,674,3293,1011,27,35756,766,12,2636,18048,25,4717],"class_list":{"0":"post-218242","1":"post","2":"type-post","3":"status-publish","4":"format-standard","5":"has-post-thumbnail","7":"category-nantes","8":"tag-actu","9":"tag-actualites","10":"tag-ancien","11":"tag-contrie","12":"tag-eu","13":"tag-europe","14":"tag-exposition","15":"tag-fr","16":"tag-france","17":"tag-lavoir","18":"tag-nantes","19":"tag-news","20":"tag-pays-de-la-loire","21":"tag-reprend","22":"tag-republique-francaise","23":"tag-vie"},"share_on_mastodon":{"url":"https:\/\/pubeurope.com\/@fr\/114778224991902732","error":""},"_links":{"self":[{"href":"https:\/\/www.europesays.com\/fr\/wp-json\/wp\/v2\/posts\/218242","targetHints":{"allow":["GET"]}}],"collection":[{"href":"https:\/\/www.europesays.com\/fr\/wp-json\/wp\/v2\/posts"}],"about":[{"href":"https:\/\/www.europesays.com\/fr\/wp-json\/wp\/v2\/types\/post"}],"author":[{"embeddable":true,"href":"https:\/\/www.europesays.com\/fr\/wp-json\/wp\/v2\/users\/2"}],"replies":[{"embeddable":true,"href":"https:\/\/www.europesays.com\/fr\/wp-json\/wp\/v2\/comments?post=218242"}],"version-history":[{"count":0,"href":"https:\/\/www.europesays.com\/fr\/wp-json\/wp\/v2\/posts\/218242\/revisions"}],"wp:featuredmedia":[{"embeddable":true,"href":"https:\/\/www.europesays.com\/fr\/wp-json\/wp\/v2\/media\/218243"}],"wp:attachment":[{"href":"https:\/\/www.europesays.com\/fr\/wp-json\/wp\/v2\/media?parent=218242"}],"wp:term":[{"taxonomy":"category","embeddable":true,"href":"https:\/\/www.europesays.com\/fr\/wp-json\/wp\/v2\/categories?post=218242"},{"taxonomy":"post_tag","embeddable":true,"href":"https:\/\/www.europesays.com\/fr\/wp-json\/wp\/v2\/tags?post=218242"}],"curies":[{"name":"wp","href":"https:\/\/api.w.org\/{rel}","templated":true}]}}