{"id":218260,"date":"2025-07-01T13:40:09","date_gmt":"2025-07-01T13:40:09","guid":{"rendered":"https:\/\/www.europesays.com\/fr\/218260\/"},"modified":"2025-07-01T13:40:09","modified_gmt":"2025-07-01T13:40:09","slug":"laurence-croizier-elue-presidente-des-centristes-du-rhone","status":"publish","type":"post","link":"https:\/\/www.europesays.com\/fr\/218260\/","title":{"rendered":"Laurence Croizier \u00e9lue pr\u00e9sidente des Centristes du Rh\u00f4ne"},"content":{"rendered":"<p itemprop=\"description\"><strong>Les Centristes du Rh\u00f4ne ont renouvel\u00e9 leur bureau et conseil d\u00e9partemental.<\/strong><\/p>\n<p>A l&rsquo;occasion d&rsquo;un vote, de nouveaux responsables ont \u00e9t\u00e9 \u00e9lus pour trois ans.<\/p>\n<p>La conseill\u00e8re municipale et m\u00e9tropolitaine Laurence Croizier est la nouvelle pr\u00e9sidente des Centristes. A ses c\u00f4t\u00e9s, l&rsquo;\u00e9lu de Rillieux-la-Pape G\u00e9rald Petitgand et <a href=\"https:\/\/www.lyonmag.com\/profil-personnalite-lyonnaise\/441\/christelle-madeleine\" target=\"_blank\" rel=\"noopener\">Christelle Madeleine<\/a>, ancienne \u00e9lue du 9e arrondissement, sont vice-pr\u00e9sidents.<\/p>\n<p>Josselin Edouard, qui fut candidat de la droite en 2014 dans le 4e arrondissement, est le secr\u00e9taire g\u00e9n\u00e9ral de la f\u00e9d\u00e9ration.<\/p>\n<p>Des d\u00e9l\u00e9gu\u00e9s territoriaux ont aussi \u00e9t\u00e9 d\u00e9sign\u00e9s, il s&rsquo;agit de Christophe Est\u00e8ve (Agglo Villefranche Beaujolais), Isabelle Gavel (Villefranche-sur-Sa\u00f4ne), Xavier Marti (Sathonay-Camp) et Gauthier Blin (Caluire).<\/p>\n<p>\u00ab\u00a0Des d\u00e9l\u00e9gu\u00e9s th\u00e9matiques d\u00e9di\u00e9s ont \u00e9t\u00e9 charg\u00e9 d&rsquo;animer des ateliers locaux sur l\u2019ensemble des sujets suivants : gouvernance locale, s\u00e9curit\u00e9, transport et mobilit\u00e9, sant\u00e9, simplification de la vie quotidienne, sport, famille, enseignement sup\u00e9rieur, commerce et proximit\u00e9, rayonnement international, r\u00e9silience des activit\u00e9s urbaines\u00a0\u00bb, pr\u00e9cise le parti d&rsquo;Herv\u00e9 Morin.<\/p>\n","protected":false},"excerpt":{"rendered":"Les Centristes du Rh\u00f4ne ont renouvel\u00e9 leur bureau et conseil d\u00e9partemental. A l&rsquo;occasion d&rsquo;un vote, de nouveaux responsables&hellip;\n","protected":false},"author":2,"featured_media":218261,"comment_status":"","ping_status":"","sticky":false,"template":"","format":"standard","meta":{"footnotes":""},"categories":[1889],"tags":[1111,11,2813,2190,2430,1109,251,1112,2811,1777,674,118,1011,27,1922,1110,1114,2428,2810,12,241,316,25,2812,517,800],"class_list":{"0":"post-218260","1":"post","2":"type-post","3":"status-publish","4":"format-standard","5":"has-post-thumbnail","7":"category-lyon","8":"tag-actu","9":"tag-actualites","10":"tag-article","11":"tag-asvel","12":"tag-auvergne-rhone-alpes","13":"tag-breves","14":"tag-culture","15":"tag-depeches","16":"tag-economique","17":"tag-eu","18":"tag-europe","19":"tag-faits-divers","20":"tag-fr","21":"tag-france","22":"tag-info","23":"tag-informations","24":"tag-infos","25":"tag-lyon","26":"tag-lyonmag","27":"tag-news","28":"tag-ol","29":"tag-politique","30":"tag-republique-francaise","31":"tag-sociale","32":"tag-sport","33":"tag-transports"},"share_on_mastodon":{"url":"https:\/\/pubeurope.com\/@fr\/114778264267689469","error":""},"_links":{"self":[{"href":"https:\/\/www.europesays.com\/fr\/wp-json\/wp\/v2\/posts\/218260","targetHints":{"allow":["GET"]}}],"collection":[{"href":"https:\/\/www.europesays.com\/fr\/wp-json\/wp\/v2\/posts"}],"about":[{"href":"https:\/\/www.europesays.com\/fr\/wp-json\/wp\/v2\/types\/post"}],"author":[{"embeddable":true,"href":"https:\/\/www.europesays.com\/fr\/wp-json\/wp\/v2\/users\/2"}],"replies":[{"embeddable":true,"href":"https:\/\/www.europesays.com\/fr\/wp-json\/wp\/v2\/comments?post=218260"}],"version-history":[{"count":0,"href":"https:\/\/www.europesays.com\/fr\/wp-json\/wp\/v2\/posts\/218260\/revisions"}],"wp:featuredmedia":[{"embeddable":true,"href":"https:\/\/www.europesays.com\/fr\/wp-json\/wp\/v2\/media\/218261"}],"wp:attachment":[{"href":"https:\/\/www.europesays.com\/fr\/wp-json\/wp\/v2\/media?parent=218260"}],"wp:term":[{"taxonomy":"category","embeddable":true,"href":"https:\/\/www.europesays.com\/fr\/wp-json\/wp\/v2\/categories?post=218260"},{"taxonomy":"post_tag","embeddable":true,"href":"https:\/\/www.europesays.com\/fr\/wp-json\/wp\/v2\/tags?post=218260"}],"curies":[{"name":"wp","href":"https:\/\/api.w.org\/{rel}","templated":true}]}}