{"id":218262,"date":"2025-07-01T13:41:09","date_gmt":"2025-07-01T13:41:09","guid":{"rendered":"https:\/\/www.europesays.com\/fr\/218262\/"},"modified":"2025-07-01T13:41:09","modified_gmt":"2025-07-01T13:41:09","slug":"lyon-le-juge-francois-renaud-assassine-en-rentrant-chez-lui-une-affaire-tres-sombre","status":"publish","type":"post","link":"https:\/\/www.europesays.com\/fr\/218262\/","title":{"rendered":"Lyon. Le juge Fran\u00e7ois Renaud assassin\u00e9 en rentrant chez lui : une affaire tr\u00e8s sombre"},"content":{"rendered":"<p>            Par<br \/>\n        <strong><br \/>\n            <a href=\"https:\/\/actu.fr\/auteur\/redaction-lyon\" title=\"Consulter tous les articles de R\u00e9daction Lyon\" rel=\"nofollow noopener\" target=\"_blank\">R\u00e9daction Lyon<\/a><br \/>\n        <\/strong><\/p>\n<p>        Publi\u00e9 le<\/p>\n<p>            1 juil. 2025 \u00e0 15h22        <\/p>\n<p>Le 3 juillet 1975, le juge Fran\u00e7ois Renaud \u00e9tait abattu \u00e0 <a href=\"https:\/\/actu.fr\/lyon\/\" rel=\"nofollow noopener\" target=\"_blank\">Lyon<\/a>. Vengeance du milieu lyonnais ou mobile politique ? Cinquante ans apr\u00e8s, le meurtre reste non \u00e9lucid\u00e9 au grand dam de ses proches.<br \/>\u00ab\u00a0J\u2019ai toujours eu l\u2019impression que <strong>la justice ne voulait pas vraiment prendre cette affaire<\/strong> \u00e0 bras le corps\u00a0\u00bb, confie son fils Francis Renaud, qui vit au Vietnam o\u00f9 son p\u00e8re est n\u00e9 en 1923 du temps de l\u2019Indochine fran\u00e7aise.<\/p>\n<p>\u00ab\u00a0Au fond, le malentendu continue\u2026\u00a0\u00bb<\/p>\n<p class=\" wall-content\">Pour c\u00e9l\u00e9brer la m\u00e9moire du juge, Francis et son fr\u00e8re Roland avaient demand\u00e9 \u00e0 la cour d\u2019appel de Lyon de mettre \u00e0 leur disposition jeudi \u00ab\u00a0une salle d\u2019audience de l\u2019ancien palais de justice\u00a0\u00bb o\u00f9 il exer\u00e7ait avant d\u2019\u00eatre assassin\u00e9.\u00a0<\/p>\n<p class=\" wall-content\">Dans un courrier, consult\u00e9 par l\u2019AFP, la cour refuse au nom \u00ab\u00a0de la neutralit\u00e9 et de l\u2019impartialit\u00e9\u00a0\u00bb. M\u00eame si elle pr\u00e9voit une minute de silence en hommage au magistrat, Francis Renaud n\u2019a \u00ab\u00a0pas bien compris\u00a0\u00bb cette r\u00e9ponse. \u00ab\u00a0Au fond, le malentendu continue\u2026\u00a0\u00bb<br \/>Car la famille s\u2019est toujours montr\u00e9e critique des orientations de l\u2019enqu\u00eate.<\/p>\n<p class=\" wall-content\">Le juge Renaud \u2013 <strong>premier magistrat fran\u00e7ais tu\u00e9 depuis l\u2019Occupation<\/strong> et le seul avec le juge Pierre Michel en 1981 \u00e0 Marseille \u2013 a \u00e9t\u00e9 touch\u00e9 vers 2h30 du matin par plusieurs balles, alors qu\u2019il rentrait chez lui avec une compagne sur la colline de Fourvi\u00e8re.<\/p>\n<p>Les tueurs rapidement identifi\u00e9s par la police<\/p>\n<p class=\" wall-content\">Sur la base d\u2019informations fournies par trois \u00ab\u00a0indics\u00a0\u00bb, la police a rapidement identifi\u00e9 trois des membres du commando des tueurs. Issus de la p\u00e8gre locale, ils n\u2019ont jamais \u00e9t\u00e9 poursuivis, faute de preuve mat\u00e9rielle.<\/p>\n<p class=\" wall-content\">Et le tireur pr\u00e9sum\u00e9, Jean-Pierre Marin, est mort cribl\u00e9 de balles l\u2019ann\u00e9e suivante, dans une fusillade avec des policiers qui le suspectaient d\u2019avoir particip\u00e9 au rapt du petit Christophe, fils de l\u2019industriel Alain M\u00e9rieux.<\/p>\n<p class=\" wall-content\">Le juge Renaud \u00e9tait depuis quelques ann\u00e9es <strong>charg\u00e9 des dossiers de banditisme<\/strong> les plus \u00e9pineux et la th\u00e8se d\u2019une vengeance du milieu lyonnais contre les m\u00e9thodes de cet ancien r\u00e9sistant, qui avait le verbe haut et la d\u00e9tention facile, a vite circul\u00e9.<\/p>\n<p class=\" wall-content\">Mais elle appara\u00eet trop r\u00e9ductrice aux proches de Fran\u00e7ois Renaud.<\/p>\n<p>\u00ab\u00a0Le sh\u00e9rif\u00a0\u00bb\u00a0<\/p>\n<p class=\" wall-content\">\u00ab\u00a0On a parl\u00e9 de lui comme d\u2019un juge colonial, en raison de ses d\u00e9buts en Afrique, d\u2019un magistrat atypique parce qu\u2019il portait des vestes \u00e0 carreaux et fumait des cigarillos dans son bureau. Une fa\u00e7on de d\u00e9molir son image et de sugg\u00e9rer insidieusement qu\u2019il aurait m\u00e9rit\u00e9 son sort, c\u2019est parfaitement odieux et contraire \u00e0 la v\u00e9rit\u00e9\u00a0\u00bb, s\u2019emporte Yves Bismuth, avocat de la famille.\u00a0<\/p>\n<p class=\" wall-content\">Le juge lyonnais envisageait selon ses proches d\u2019<strong>enqu\u00eater sur des financements politiques occultes<\/strong> en lien avec le service d\u2019action civique (SAC), le service d\u2019ordre charg\u00e9 des basses \u0153uvres du r\u00e9gime gaulliste. Peu avant le drame, il avait fait part \u00e0 un ami de la visite de deux avocats d\u00e9crits comme \u00ab\u00a0barbouzes\u00a0\u00bb.\u00a0<\/p>\n<p class=\" wall-content\">Pour la famille, ces \u00e9l\u00e9ments troubles et l\u2019incendie du cabinet de Me Bismuth, alimentent la th\u00e8se d\u2019une \u00ab\u00a0raison d\u2019\u00c9tat\u00a0\u00bb qui aurait emp\u00each\u00e9 la justice d\u2019avancer.<\/p>\n<p class=\" wall-content\">Cette hypoth\u00e8se a nourri le sc\u00e9nario du film \u00ab\u00a0Le juge Fayard dit le Sh\u00e9rif\u00a0\u00bb d\u2019Yves Boisset, dont la bande-son avait \u00e9t\u00e9 censur\u00e9e \u00e0 sa sortie en 1977, \u00e0 chaque fois que le mot SAC \u00e9tait cit\u00e9.<\/p>\n<p class=\" wall-content\">En 1992, apr\u00e8s la succession de six juges d\u2019instruction, un non-lieu est ordonn\u00e9. La prescription est acquise depuis 2002.<\/p>\n<p>\u00ab\u00a0Qu\u2019on n\u2019ait pas eu davantage la volont\u00e9 d\u2019\u00e9lucider ce crime, c\u2019est tout de m\u00eame un probl\u00e8me\u2026\u00a0\u00bb<\/p>\n<p class=\" wall-content\">Les proches et leurs avocats ont demand\u00e9 la r\u00e9ouverture du dossier par l\u2019examen des scell\u00e9s, afin d\u2019entreprendre des recherches ADN. Or les deux cartons de scell\u00e9s sont introuvables, perdus ou d\u00e9truits, a r\u00e9v\u00e9l\u00e9 r\u00e9cemment l\u2019hebdomadaire <a href=\"https:\/\/tribunedelyon.fr\/justice\/assassinat-juge-renaud-fils-piste-commanditaires\/\" rel=\"nofollow noopener\" target=\"_blank\">Tribune de Lyon<\/a>.<\/p>\n<p class=\" wall-content\">Aujourd\u2019hui, \u00ab\u00a0j\u2019ai l\u2019impression qu\u2019on l\u2019oublie\u00a0\u00bb, regrette son ancienne greffi\u00e8re, Nicole Renck, qui participera jeudi \u00e0 une comm\u00e9moration organis\u00e9e \u00e0 titre priv\u00e9e par les proches du magistrat dans un h\u00f4tel proche de la sc\u00e8ne de crime.<\/p>\n<p class=\" wall-content\">Me Bismuth, qui reste \u00ab\u00a0en col\u00e8re\u00a0\u00bb, sera, lui aussi, pr\u00e9sent. \u00ab\u00a0Qu\u2019on n\u2019ait pas eu davantage la volont\u00e9 d\u2019\u00e9lucider ce crime, et qu\u2019aujourd\u2019hui la justice s\u2019en d\u00e9sint\u00e9resse, c\u2019est tout de m\u00eame un probl\u00e8me\u2026\u00a0\u00bb, regrette-t-il.<\/p>\n<p class=\" wall-content\"><strong>AFP<\/strong><\/p>\n<p class=\" wall-content\">Suivez toute l\u2019actualit\u00e9 de vos villes et m\u00e9dias favoris en vous inscrivant \u00e0 <a href=\"https:\/\/moncompte.actu.fr\" title=\"D\u00e9couvez Mon Actu\" rel=\"nofollow noopener\" data-trk=\"{&quot;cta&quot;:{&quot;action&quot;:&quot;https:\\\/\\\/moncompte.actu.fr&quot;,&quot;category&quot;:&quot;mon compte&quot;,&quot;from&quot;:&quot;article footer&quot;,&quot;name&quot;:&quot;Mon actu&quot;,&quot;type&quot;:&quot;cta&quot;}}\" target=\"_blank\">Mon Actu<\/a>.<\/p>\n","protected":false},"excerpt":{"rendered":"Par R\u00e9daction Lyon Publi\u00e9 le 1 juil. 2025 \u00e0 15h22 Le 3 juillet 1975, le juge Fran\u00e7ois Renaud&hellip;\n","protected":false},"author":2,"featured_media":218263,"comment_status":"","ping_status":"","sticky":false,"template":"","format":"standard","meta":{"footnotes":""},"categories":[1889],"tags":[1111,11,2430,1777,674,118,1011,27,303,2428,777,12,25],"class_list":{"0":"post-218262","1":"post","2":"type-post","3":"status-publish","4":"format-standard","5":"has-post-thumbnail","7":"category-lyon","8":"tag-actu","9":"tag-actualites","10":"tag-auvergne-rhone-alpes","11":"tag-eu","12":"tag-europe","13":"tag-faits-divers","14":"tag-fr","15":"tag-france","16":"tag-justice","17":"tag-lyon","18":"tag-meurtre","19":"tag-news","20":"tag-republique-francaise"},"share_on_mastodon":{"url":"https:\/\/pubeurope.com\/@fr\/114778268185566871","error":""},"_links":{"self":[{"href":"https:\/\/www.europesays.com\/fr\/wp-json\/wp\/v2\/posts\/218262","targetHints":{"allow":["GET"]}}],"collection":[{"href":"https:\/\/www.europesays.com\/fr\/wp-json\/wp\/v2\/posts"}],"about":[{"href":"https:\/\/www.europesays.com\/fr\/wp-json\/wp\/v2\/types\/post"}],"author":[{"embeddable":true,"href":"https:\/\/www.europesays.com\/fr\/wp-json\/wp\/v2\/users\/2"}],"replies":[{"embeddable":true,"href":"https:\/\/www.europesays.com\/fr\/wp-json\/wp\/v2\/comments?post=218262"}],"version-history":[{"count":0,"href":"https:\/\/www.europesays.com\/fr\/wp-json\/wp\/v2\/posts\/218262\/revisions"}],"wp:featuredmedia":[{"embeddable":true,"href":"https:\/\/www.europesays.com\/fr\/wp-json\/wp\/v2\/media\/218263"}],"wp:attachment":[{"href":"https:\/\/www.europesays.com\/fr\/wp-json\/wp\/v2\/media?parent=218262"}],"wp:term":[{"taxonomy":"category","embeddable":true,"href":"https:\/\/www.europesays.com\/fr\/wp-json\/wp\/v2\/categories?post=218262"},{"taxonomy":"post_tag","embeddable":true,"href":"https:\/\/www.europesays.com\/fr\/wp-json\/wp\/v2\/tags?post=218262"}],"curies":[{"name":"wp","href":"https:\/\/api.w.org\/{rel}","templated":true}]}}