{"id":218268,"date":"2025-07-01T13:45:10","date_gmt":"2025-07-01T13:45:10","guid":{"rendered":"https:\/\/www.europesays.com\/fr\/218268\/"},"modified":"2025-07-01T13:45:10","modified_gmt":"2025-07-01T13:45:10","slug":"canicule-la-mairie-de-paris-declenche-son-niveau-dalerte-le-plus-eleve-a-quoi-sattendre","status":"publish","type":"post","link":"https:\/\/www.europesays.com\/fr\/218268\/","title":{"rendered":"Canicule. La Mairie de Paris d\u00e9clenche son niveau d&rsquo;alerte le plus \u00e9lev\u00e9 : \u00e0 quoi s&rsquo;attendre"},"content":{"rendered":"<p>            Par<br \/>\n        <strong><br \/>\n            <a href=\"https:\/\/actu.fr\/auteur\/redaction-paris\" title=\"Consulter tous les articles de R\u00e9daction Paris\" rel=\"nofollow noopener\" target=\"_blank\">R\u00e9daction Paris<\/a><br \/>\n        <\/strong><\/p>\n<p>        Publi\u00e9 le<\/p>\n<p>            1 juil. 2025 \u00e0 15h14        <\/p>\n<p>Nous y sommes, la journ\u00e9e la plus chaude de la semaine. Ce mardi 1er\u00a0juillet 2025 sous vigilance rouge canicule donne lieu \u00e0 <a href=\"https:\/\/actu.fr\/ile-de-france\/paris_75056\/canicule-a-paris-jusqu-a-33-c-au-sommet-de-la-tour-eiffel-le-monument-ferme-aux-visiteurs_62849057.html\" rel=\"nofollow noopener\" target=\"_blank\">bien des adaptations<\/a>. Parcs ouverts la nuit, assistance renforc\u00e9e des personnes vuln\u00e9rables, horaires de piscine \u00e9tendus\u2009: la <a href=\"https:\/\/actu.fr\/tag\/mairie-de-paris\" rel=\"nofollow noopener\" target=\"_blank\">ville de Paris<\/a> a activ\u00e9 mardi le <strong>niveau 4<\/strong>, le plus \u00e9lev\u00e9, de son plan canicule.<\/p>\n<p>Salles rafra\u00eechies, \u00eelots de fra\u00eecheur, zones de brumisation<\/p>\n<p class=\" wall-content\">Le passage de la capitale \u00ab\u2009en vigilance rouge consiste \u00e0 poursuivre les actions men\u00e9es jusque-l\u00e0 et \u00e0 les renforcer en cas de besoin\u2009\u00bb, pr\u00e9cise la Ville de Paris dans un communiqu\u00e9. Quelque <strong>10\u2009000\u00a0personnes vuln\u00e9rables<\/strong>, inscrites sur le fichier \u00ab\u2009REFLEX\u2009\u00bb, sont actuellement contact\u00e9es par t\u00e9l\u00e9phone pour v\u00e9rifier leur \u00e9tat de sant\u00e9. En cas de besoin, des m\u00e9decins b\u00e9n\u00e9voles et travailleurs sociaux seront mobilisables rapidement.<\/p>\n<p class=\" wall-content\">Pour l\u2019ensemble des Parisiens, des salles rafra\u00eechies sont ouvertes dans chaque mairie d\u2019arrondissement, et plus de <strong>1\u2009400 \u00eelots de fra\u00eecheur<\/strong> sont recens\u00e9s dans la capitale, incluant jardins, \u00e9glises, mus\u00e9es, fontaines et brumisateurs. Quinze nouvelles zones de brumisation ont \u00e9t\u00e9 install\u00e9es dans l\u2019espace public, et 98 jardins sont d\u00e9sormais \u00e9quip\u00e9s de brumisateurs.<\/p>\n<p>Focus sur les sans domicile fixe<\/p>\n<p class=\" wall-content\">Les personnes sans domicile fixe font l\u2019objet d\u2019une attention particuli\u00e8re\u2009: les maraudes sont renforc\u00e9es, les accueils de jour \u00e9largissent leurs horaires, et les bains-douches prolongent leur ouverture jusqu\u2019\u00e0 20\u00a0heures. Par ailleurs, <strong>12\u2009000 gourdes<\/strong> et des d\u00e9pliants de pr\u00e9vention sont distribu\u00e9s par les \u00e9quipes de terrain.<\/p>\n<p class=\" wall-content\">La Ville annonce \u00e9galement <strong>l\u2019ouverture nocturne exceptionnelle<\/strong> de 21 grands parcs parisiens dans la nuit de mardi \u00e0 mercredi. Plusieurs piscines prolongent aussi leurs horaires jusqu\u2019\u00e0 22\u00a0heures.<\/p>\n<p>Vid\u00e9os : en ce moment sur Actu<\/p>\n<p class=\" wall-content\">Enfin, en raison d\u2019un <strong>pic de pollution atmosph\u00e9rique<\/strong>, le <a href=\"https:\/\/actu.fr\/ile-de-france\/paris_75056\/canicule-extreme-en-ile-de-france-la-pollution-toujours-elevee-la-circulation-differenciee-declenchee_62847923.html\" rel=\"nofollow noopener\" target=\"_blank\">stationnement r\u00e9sidentiel<\/a> est gratuit jusqu\u2019\u00e0 mercredi inclus.<\/p>\n<p class=\" wall-content\">Avec AFP.<\/p>\n<p class=\" wall-content\">Suivez toute l\u2019actualit\u00e9 de vos villes et m\u00e9dias favoris en vous inscrivant \u00e0 <a href=\"https:\/\/moncompte.actu.fr\" title=\"D\u00e9couvez Mon Actu\" rel=\"nofollow noopener\" data-trk=\"{&quot;cta&quot;:{&quot;action&quot;:&quot;https:\\\/\\\/moncompte.actu.fr&quot;,&quot;category&quot;:&quot;mon compte&quot;,&quot;from&quot;:&quot;article footer&quot;,&quot;name&quot;:&quot;Mon actu&quot;,&quot;type&quot;:&quot;cta&quot;}}\" target=\"_blank\">Mon Actu<\/a>.<\/p>\n","protected":false},"excerpt":{"rendered":"Par R\u00e9daction Paris Publi\u00e9 le 1 juil. 2025 \u00e0 15h14 Nous y sommes, la journ\u00e9e la plus chaude&hellip;\n","protected":false},"author":2,"featured_media":217282,"comment_status":"","ping_status":"","sticky":false,"template":"","format":"standard","meta":{"footnotes":""},"categories":[1888],"tags":[1111,1928,11,1927,6698,1777,674,1011,27,2381,2487,2357,12,1926,626,1925,25],"class_list":{"0":"post-218268","1":"post","2":"type-post","3":"status-publish","4":"format-standard","5":"has-post-thumbnail","7":"category-paris","8":"tag-actu","9":"tag-actu-paris","10":"tag-actualites","11":"tag-actualites-paris","12":"tag-canicule","13":"tag-eu","14":"tag-europe","15":"tag-fr","16":"tag-france","17":"tag-mairie-de-paris","18":"tag-meteo","19":"tag-meteo-france","20":"tag-news","21":"tag-news-paris","22":"tag-paris","23":"tag-paris-news","24":"tag-republique-francaise"},"share_on_mastodon":{"url":"https:\/\/pubeurope.com\/@fr\/114778284102457825","error":""},"_links":{"self":[{"href":"https:\/\/www.europesays.com\/fr\/wp-json\/wp\/v2\/posts\/218268","targetHints":{"allow":["GET"]}}],"collection":[{"href":"https:\/\/www.europesays.com\/fr\/wp-json\/wp\/v2\/posts"}],"about":[{"href":"https:\/\/www.europesays.com\/fr\/wp-json\/wp\/v2\/types\/post"}],"author":[{"embeddable":true,"href":"https:\/\/www.europesays.com\/fr\/wp-json\/wp\/v2\/users\/2"}],"replies":[{"embeddable":true,"href":"https:\/\/www.europesays.com\/fr\/wp-json\/wp\/v2\/comments?post=218268"}],"version-history":[{"count":0,"href":"https:\/\/www.europesays.com\/fr\/wp-json\/wp\/v2\/posts\/218268\/revisions"}],"wp:featuredmedia":[{"embeddable":true,"href":"https:\/\/www.europesays.com\/fr\/wp-json\/wp\/v2\/media\/217282"}],"wp:attachment":[{"href":"https:\/\/www.europesays.com\/fr\/wp-json\/wp\/v2\/media?parent=218268"}],"wp:term":[{"taxonomy":"category","embeddable":true,"href":"https:\/\/www.europesays.com\/fr\/wp-json\/wp\/v2\/categories?post=218268"},{"taxonomy":"post_tag","embeddable":true,"href":"https:\/\/www.europesays.com\/fr\/wp-json\/wp\/v2\/tags?post=218268"}],"curies":[{"name":"wp","href":"https:\/\/api.w.org\/{rel}","templated":true}]}}