{"id":21827,"date":"2025-04-13T09:21:14","date_gmt":"2025-04-13T09:21:14","guid":{"rendered":"https:\/\/www.europesays.com\/fr\/21827\/"},"modified":"2025-04-13T09:21:14","modified_gmt":"2025-04-13T09:21:14","slug":"le-petrole-de-schiste-americain-victime-collaterale-de-la-guerre-commerciale-de-trump-liberation","status":"publish","type":"post","link":"https:\/\/www.europesays.com\/fr\/21827\/","title":{"rendered":"Le p\u00e9trole de schiste am\u00e9ricain, victime collat\u00e9rale de la guerre commerciale de Trump \u2013 Lib\u00e9ration"},"content":{"rendered":"<p class=\"sc-cPiKLX AiZTS text-element\">Si presque tous les secteurs de l\u2019\u00e9conomie sont touch\u00e9s par la <a href=\"https:\/\/www.liberation.fr\/economie\/guerre-commerciale-les-bourses-asiatiques-rechutent-emmanuel-macron-appelle-leurope-a-se-montrer-forte-20250411_TH3S36IADZGTFH6EAEFR5JMICE\/\" target=\"_blank\" rel=\"nofollow noopener\">d\u00e9route des march\u00e9s<\/a> d\u00e9clench\u00e9e par la guerre commerciale de Donald Trump, l\u2019industrie am\u00e9ricaine du p\u00e9trole de schiste s\u2019estime particuli\u00e8rement l\u00e9s\u00e9e. Parce qu\u2019elle a fait des Etats-Unis, en quinze ans, le premier producteur mondial de brut, diminuant les co\u00fbts de l\u2019\u00e9nergie pour entreprises et consommateurs, enrichi le pays \u00e0 grands coups d\u2019exportations de gaz et de produits p\u00e9trochimiques, et permis \u00e0 Washington de renforcer encore son pouvoir sur la sc\u00e8ne g\u00e9opolitique. Mais aussi, parce qu\u2019elle a<a href=\"https:\/\/www.liberation.fr\/international\/amerique\/pour-assurer-la-domination-energetique-des-etats-unis-sur-le-monde-trump-sappuie-sur-lindustrie-des-fossiles-20241203_DYBODLTQ4BD3XMQUEHNPLS3LIM\/\" target=\"_blank\" rel=\"nofollow noopener\"> g\u00e9n\u00e9reusement contribu\u00e9 \u00e0 la campagne \u00e9lectorale<\/a> du pr\u00e9sident am\u00e9ricain, qui a brigu\u00e9 un second mandat avec un programme <a href=\"https:\/\/www.liberation.fr\/international\/amerique\/petrole-gaz-de-schiste-donald-trump-veut-enrichir-les-etats-unis-a-coup-dor-liquide-au-mepris-de-lenvironnement-20250121_3T32DIKMPZDC5B3OELV4QPXXTI\/\" target=\"_blank\" rel=\"nofollow noopener\">tr\u00e8s favorable aux combustibles fossiles<\/a>, affichant sa volont\u00e9 d\u2019asseoir la \u00abdomination \u00e9nerg\u00e9tique\u00bb du pays en ressassant un vieux mantra r\u00e9publ<\/p>\n","protected":false},"excerpt":{"rendered":"Si presque tous les secteurs de l\u2019\u00e9conomie sont touch\u00e9s par la d\u00e9route des march\u00e9s d\u00e9clench\u00e9e par la guerre&hellip;\n","protected":false},"author":2,"featured_media":21828,"comment_status":"","ping_status":"","sticky":false,"template":"","format":"standard","meta":{"footnotes":""},"categories":[6],"tags":[35,75,33,34,893,73,1011,27,1074],"class_list":{"0":"post-21827","1":"post","2":"type-post","3":"status-publish","4":"format-standard","5":"has-post-thumbnail","7":"category-economie","8":"tag-business","9":"tag-donald-trump","10":"tag-economie","11":"tag-economy","12":"tag-energie","13":"tag-etats-unis","14":"tag-fr","15":"tag-france","16":"tag-guerre-commerciale"},"share_on_mastodon":{"url":"https:\/\/pubeurope.com\/@fr\/114329923319129887","error":""},"_links":{"self":[{"href":"https:\/\/www.europesays.com\/fr\/wp-json\/wp\/v2\/posts\/21827","targetHints":{"allow":["GET"]}}],"collection":[{"href":"https:\/\/www.europesays.com\/fr\/wp-json\/wp\/v2\/posts"}],"about":[{"href":"https:\/\/www.europesays.com\/fr\/wp-json\/wp\/v2\/types\/post"}],"author":[{"embeddable":true,"href":"https:\/\/www.europesays.com\/fr\/wp-json\/wp\/v2\/users\/2"}],"replies":[{"embeddable":true,"href":"https:\/\/www.europesays.com\/fr\/wp-json\/wp\/v2\/comments?post=21827"}],"version-history":[{"count":0,"href":"https:\/\/www.europesays.com\/fr\/wp-json\/wp\/v2\/posts\/21827\/revisions"}],"wp:featuredmedia":[{"embeddable":true,"href":"https:\/\/www.europesays.com\/fr\/wp-json\/wp\/v2\/media\/21828"}],"wp:attachment":[{"href":"https:\/\/www.europesays.com\/fr\/wp-json\/wp\/v2\/media?parent=21827"}],"wp:term":[{"taxonomy":"category","embeddable":true,"href":"https:\/\/www.europesays.com\/fr\/wp-json\/wp\/v2\/categories?post=21827"},{"taxonomy":"post_tag","embeddable":true,"href":"https:\/\/www.europesays.com\/fr\/wp-json\/wp\/v2\/tags?post=21827"}],"curies":[{"name":"wp","href":"https:\/\/api.w.org\/{rel}","templated":true}]}}