{"id":218273,"date":"2025-07-01T13:48:14","date_gmt":"2025-07-01T13:48:14","guid":{"rendered":"https:\/\/www.europesays.com\/fr\/218273\/"},"modified":"2025-07-01T13:48:14","modified_gmt":"2025-07-01T13:48:14","slug":"les-tours-de-notre-dame-de-paris-rouvriront-enfin-au-public","status":"publish","type":"post","link":"https:\/\/www.europesays.com\/fr\/218273\/","title":{"rendered":"Les tours de Notre-Dame de Paris rouvriront enfin au public !"},"content":{"rendered":"<p>\t\t\t\t\t Le <b>nouveau parcours de visite<\/b>, sc\u00e9nographi\u00e9 par <a class=\"liens\" href=\"https:\/\/www.agencenc.fr\/fr-fr\/realisations\/amenagement-de-la-boutique-et-des-deux-mobiliers-d\" target=\"_blank\" rel=\"noopener\">l\u2019agence Nathalie Crini\u00e8re<\/a>, d\u00e9bute au pied de la tour sud. Une premi\u00e8re salle introduit la visite en pr\u00e9sentant les <b>grandes \u00e9tapes de la construction de la cath\u00e9drale et ses principaux \u00e9v\u00e9nements historiques<\/b>, \u00e0 travers des maquettes et des \u00e9l\u00e9ments embl\u00e9matiques comme des chim\u00e8res originales. Une seconde salle offre un paysage sonore relatant les grands \u00e9v\u00e9nements de l\u2019histoire de France, ponctu\u00e9s par les bourdons de la cath\u00e9drale.<\/p>\n<p>L\u2019ascension s\u2019effectue via un escalier \u00e0 double r\u00e9volution en ch\u00eane, sp\u00e9cialement con\u00e7u pour ce circuit par les architectes Philippe Villeneuve, R\u00e9mi Fromont et Pascal Prunet, sous la ma\u00eetrise d\u2019ouvrage de <b>l\u2019\u00e9tablissement public Reb\u00e2tir Notre-Dame de Paris<\/b>. Il permet une mont\u00e9e in\u00e9dite \u00e0 travers la charpente du beffroi, jusqu\u2019\u00e0 une terrasse culminant \u00e0 69 m\u00e8tres, d\u2019o\u00f9 un <b>panorama \u00e0 360 degr\u00e9s sur Paris et la fl\u00e8che de la cath\u00e9drale est accessible<\/b>, agr\u00e9ment\u00e9 de tables d\u2019orientation.&#13;\t\t\t\t\t <\/p>\n<p>La descente m\u00e8ne les visiteurs \u00e0 la cour des citernes, reliant les deux tours, apr\u00e8s un passage par les bourdons. Une vue in\u00e9dite sur la charpente du grand comble, surnomm\u00e9e \u00ab la for\u00eat \u00bb, y est propos\u00e9e, tout comme un aper\u00e7u des <b>chim\u00e8res <\/b>en surplomb. Enfin, une exp\u00e9rience sonore artistique accompagne la descente en colima\u00e7on de la tour nord, con\u00e7ue en partenariat avec l\u2019abbaye de Noirlac. Ce dispositif vise \u00e0 adoucir le retour progressif \u00e0 l\u2019environnement urbain.&#13;\t\t\t\t\t <\/p>\n","protected":false},"excerpt":{"rendered":"Le nouveau parcours de visite, sc\u00e9nographi\u00e9 par l\u2019agence Nathalie Crini\u00e8re, d\u00e9bute au pied de la tour sud. Une&hellip;\n","protected":false},"author":2,"featured_media":218274,"comment_status":"","ping_status":"","sticky":false,"template":"","format":"standard","meta":{"footnotes":""},"categories":[1888],"tags":[11,1777,674,1011,27,18389,12,3341,626,25],"class_list":{"0":"post-218273","1":"post","2":"type-post","3":"status-publish","4":"format-standard","5":"has-post-thumbnail","7":"category-paris","8":"tag-actualites","9":"tag-eu","10":"tag-europe","11":"tag-fr","12":"tag-france","13":"tag-monument","14":"tag-news","15":"tag-notre-dame-de-paris","16":"tag-paris","17":"tag-republique-francaise"},"share_on_mastodon":{"url":"https:\/\/pubeurope.com\/@fr\/114778295708264355","error":""},"_links":{"self":[{"href":"https:\/\/www.europesays.com\/fr\/wp-json\/wp\/v2\/posts\/218273","targetHints":{"allow":["GET"]}}],"collection":[{"href":"https:\/\/www.europesays.com\/fr\/wp-json\/wp\/v2\/posts"}],"about":[{"href":"https:\/\/www.europesays.com\/fr\/wp-json\/wp\/v2\/types\/post"}],"author":[{"embeddable":true,"href":"https:\/\/www.europesays.com\/fr\/wp-json\/wp\/v2\/users\/2"}],"replies":[{"embeddable":true,"href":"https:\/\/www.europesays.com\/fr\/wp-json\/wp\/v2\/comments?post=218273"}],"version-history":[{"count":0,"href":"https:\/\/www.europesays.com\/fr\/wp-json\/wp\/v2\/posts\/218273\/revisions"}],"wp:featuredmedia":[{"embeddable":true,"href":"https:\/\/www.europesays.com\/fr\/wp-json\/wp\/v2\/media\/218274"}],"wp:attachment":[{"href":"https:\/\/www.europesays.com\/fr\/wp-json\/wp\/v2\/media?parent=218273"}],"wp:term":[{"taxonomy":"category","embeddable":true,"href":"https:\/\/www.europesays.com\/fr\/wp-json\/wp\/v2\/categories?post=218273"},{"taxonomy":"post_tag","embeddable":true,"href":"https:\/\/www.europesays.com\/fr\/wp-json\/wp\/v2\/tags?post=218273"}],"curies":[{"name":"wp","href":"https:\/\/api.w.org\/{rel}","templated":true}]}}