{"id":218275,"date":"2025-07-01T13:49:11","date_gmt":"2025-07-01T13:49:11","guid":{"rendered":"https:\/\/www.europesays.com\/fr\/218275\/"},"modified":"2025-07-01T13:49:11","modified_gmt":"2025-07-01T13:49:11","slug":"entretien-telephonique-entre-leon-xiv-et-le-president-russe-poutine","status":"publish","type":"post","link":"https:\/\/www.europesays.com\/fr\/218275\/","title":{"rendered":"Entretien t\u00e9l\u00e9phonique entre L\u00e9on XIV et le pr\u00e9sident russe Poutine"},"content":{"rendered":"<p>Dans l\u2019apr\u00e8s-midi du mercredi 4 juin \u00aba eu lieu un entretien t\u00e9l\u00e9phonique entre L\u00e9on XIV et le pr\u00e9sident Poutine\u00bb. C\u2019est ce qu\u2019a confirm\u00e9 le directeur du Bureau de presse du Saint-Si\u00e8ge, Matteo Bruni, en rendant compte du premier entretien entre le Pape et le pr\u00e9sident russe.<\/p>\n<p> \u00abAu cours de l\u2019entretien, outre les questions d\u2019int\u00e9r\u00eat commun \u2014 a rapport\u00e9 Matteo Bruni \u2014 une attention particuli\u00e8re a \u00e9t\u00e9 accord\u00e9e \u00e0 la situation en Ukraine et \u00e0 la paix. Le Pape a lanc\u00e9 un appel afin que la Russie fasse un geste en faveur de la paix, a soulign\u00e9 l\u2019importance du dialogue pour \u00e9tablir des contacts positifs entre les parties et chercher des solutions au conflit. Il a \u00e9galement \u00e9t\u00e9 question de \u00abla situation humanitaire, de la n\u00e9cessit\u00e9 de faciliter l\u2019aide l\u00e0 o\u00f9 cela est n\u00e9cessaire, des efforts en cours pour l\u2019\u00e9change de prisonniers et de la valeur du travail accompli par le cardinal Zuppi en ce sens\u00bb. \u00abLe Pape L\u00e9on \u2014 a conclu Matteo Bruni \u2014 a fait r\u00e9f\u00e9rence au patriarche Kirill, le remerciant pour les v\u0153ux qu\u2019il a re\u00e7us au d\u00e9but de son pontificat et a soulign\u00e9 que les valeurs chr\u00e9tiennes communes peuvent \u00eatre une lumi\u00e8re pour aider \u00e0 rechercher la paix, \u00e0 d\u00e9fendre la vie et rechercher une authentique libert\u00e9 religieuse\u00bb.<\/p>\n<p>Le Pape avait eu un entretien t\u00e9l\u00e9phonique \u00e9galement avec le pr\u00e9sident ukrainien Volodymyr Zelensky peu de jours apr\u00e8s son \u00e9lection et l\u2019avait rencontr\u00e9 \u00e0 l\u2019occasion de la Messe de d\u00e9but de pontificat, le 18 mai dernier. L\u00e9on XIV a lanc\u00e9 divers appels pour la paix en Ukraine. Au cours du Regina c\u00e6li du 11 mai, il avait affirm\u00e9: \u00abJe porte dans mon c\u0153ur les souffrances du bien-aim\u00e9 peuple ukrainien. Que l\u2019on fasse le possible pour parvenir au plus t\u00f4t \u00e0 une paix authentique, juste et durable. Que tous les prisonniers soient lib\u00e9r\u00e9s et que les enfants puissent retourner dans leurs familles\u00bb.<\/p>\n<p>Le 16 mai, dans son discours au Corps diplomatique accr\u00e9dit\u00e9 pr\u00e8s le Saint-Si\u00e8ge, le Pape avait exprim\u00e9 le v\u0153u d\u2019\u00abun monde dans lequel chacun pourra r\u00e9aliser son humanit\u00e9 dans la v\u00e9rit\u00e9, dans la justice et dans la paix. Je souhaite \u2014 avait-il dit \u2014 que cela puisse se r\u00e9aliser dans tous les contextes, \u00e0 commencer par les plus \u00e9prouv\u00e9s, comme celui de l\u2019Ukraine et de la Terre Sainte\u00bb.<\/p>\n<p> Lors du Regina c\u00e6li du 18 mai, L\u00e9on XIV avait r\u00e9p\u00e9t\u00e9 que \u00abl\u2019Ukraine martyris\u00e9e attend enfin des n\u00e9gociations pour une paix juste et durable\u00bb. Au cours de l\u2019Audience g\u00e9n\u00e9rale du 28 mai, il avait soulign\u00e9 que sa pens\u00e9e va \u00absouvent au peuple ukrainien frapp\u00e9 par de nouvelles attaques graves contre les civils et les infrastructures\u00bb, en assurant sa proximit\u00e9 et ses pri\u00e8res toutes les victimes, en particulier les enfants et les familles: \u00abJe renouvelle avec force mon appel \u00e0 arr\u00eater la guerre et \u00e0 soutenir toute initiative en faveur du dialogue et de la paix. Je demande \u00e0 tous de s\u2019unir dans la pri\u00e8re pour la paix en Ukraine et partout o\u00f9 l\u2019on souffre de la guerre\u00bb.<\/p>\n","protected":false},"excerpt":{"rendered":"Dans l\u2019apr\u00e8s-midi du mercredi 4 juin \u00aba eu lieu un entretien t\u00e9l\u00e9phonique entre L\u00e9on XIV et le pr\u00e9sident&hellip;\n","protected":false},"author":2,"featured_media":218276,"comment_status":"","ping_status":"","sticky":false,"template":"","format":"standard","meta":{"footnotes":""},"categories":[1591],"tags":[11,1887,12,1885,1886,132,4193],"class_list":{"0":"post-218275","1":"post","2":"type-post","3":"status-publish","4":"format-standard","5":"has-post-thumbnail","7":"category-russie","8":"tag-actualites","9":"tag-federation-de-russie","10":"tag-news","11":"tag-russia","12":"tag-russian-federation","13":"tag-russie","14":"tag-vatican"},"share_on_mastodon":{"url":"https:\/\/pubeurope.com\/@fr\/114778299691827418","error":""},"_links":{"self":[{"href":"https:\/\/www.europesays.com\/fr\/wp-json\/wp\/v2\/posts\/218275","targetHints":{"allow":["GET"]}}],"collection":[{"href":"https:\/\/www.europesays.com\/fr\/wp-json\/wp\/v2\/posts"}],"about":[{"href":"https:\/\/www.europesays.com\/fr\/wp-json\/wp\/v2\/types\/post"}],"author":[{"embeddable":true,"href":"https:\/\/www.europesays.com\/fr\/wp-json\/wp\/v2\/users\/2"}],"replies":[{"embeddable":true,"href":"https:\/\/www.europesays.com\/fr\/wp-json\/wp\/v2\/comments?post=218275"}],"version-history":[{"count":0,"href":"https:\/\/www.europesays.com\/fr\/wp-json\/wp\/v2\/posts\/218275\/revisions"}],"wp:featuredmedia":[{"embeddable":true,"href":"https:\/\/www.europesays.com\/fr\/wp-json\/wp\/v2\/media\/218276"}],"wp:attachment":[{"href":"https:\/\/www.europesays.com\/fr\/wp-json\/wp\/v2\/media?parent=218275"}],"wp:term":[{"taxonomy":"category","embeddable":true,"href":"https:\/\/www.europesays.com\/fr\/wp-json\/wp\/v2\/categories?post=218275"},{"taxonomy":"post_tag","embeddable":true,"href":"https:\/\/www.europesays.com\/fr\/wp-json\/wp\/v2\/tags?post=218275"}],"curies":[{"name":"wp","href":"https:\/\/api.w.org\/{rel}","templated":true}]}}