{"id":218277,"date":"2025-07-01T13:50:16","date_gmt":"2025-07-01T13:50:16","guid":{"rendered":"https:\/\/www.europesays.com\/fr\/218277\/"},"modified":"2025-07-01T13:50:16","modified_gmt":"2025-07-01T13:50:16","slug":"vieilles-charrues-lassociation-iroise-ukraine-exige-le-retrait-de-nina-kraviz-du-festival","status":"publish","type":"post","link":"https:\/\/www.europesays.com\/fr\/218277\/","title":{"rendered":"Vieilles Charrues\u00a0: l\u2019association Iroise Ukraine exige le retrait de Nina Kraviz du festival"},"content":{"rendered":"<p>L\u2018association Iroise Ukraine rappelle les critiques internationales qui ont d\u00e9j\u00e0 conduit \u00e0 son retrait de plusieurs festivals et \u00e0 la suppression de son catalogue par son distributeur. Les manifestants mettent en avant les positions jug\u00e9es pro-Poutine ou prosovi\u00e9tiques de l\u2019artiste, notamment un tweet niant les millions de morts sous Staline (supprim\u00e9 depuis) et des publications sur Instagram ou X (anciennement Twitter) la montrant avec une effigie de Poutine ou affichant des messages comme \u00ab Ne sous estimez jamais un russki \u00bb. Selon l\u2019association, ces publications et son refus de condamner clairement l\u2019agression russe sont des actes politiques en soi.<\/p>\n<p><img decoding=\"async\" src=\"https:\/\/www.europesays.com\/fr\/wp-content\/uploads\/2025\/07\/6863e46745679e74eb0ad932.1.jpeg\" width=\"480\" height=\"300\" class=\"web_golden_m\" loading=\"lazy\" alt=\"L\u2018association Iroise Ukraine rappelle les critiques internationales qui ont d\u00e9j\u00e0 conduit \u00e0 son retrait de plusieurs festivals et \u00e0 la suppression de son catalogue par son distributeur.\"\/>L\u2018association Iroise Ukraine rappelle les critiques internationales qui ont d\u00e9j\u00e0 conduit \u00e0 son retrait de plusieurs festivals et \u00e0 la suppression de son catalogue par son distributeur. (EPA)\u00ab Un message dangereusement neutre \u00bb<\/p>\n<p>\u00ab Inviter Nina Kraviz, comme tout artiste russe n\u2019ayant pas clairement pris position, dans un grand festival fran\u00e7ais envoie un message dangereusement neutre face \u00e0 une guerre en cours qui fait toujours des milliers de morts \u00bb, affirme Iroise Ukraine. L\u2018\u00a0association soutient qu\u2019accueillir une artiste \u00e9vitant toute prise de position sur les crimes de guerre revient \u00e0 banaliser cette violence et \u00e0 offrir \u00ab une tribune \u00e0 une forme de complaisance face \u00e0 l\u2019imp\u00e9rialisme russe \u00bb. Du c\u00f4t\u00e9 des Vieilles Charrues, le directeur de l\u2019association, J\u00e9r\u00f4me Tr\u00e9horel, s\u2019\u00e9tait d\u00e9j\u00e0 exprim\u00e9 en nos colonnes, le 21 mai, \u00e0 ce sujet, affirmant comprendre \u00ab la profonde douleur, l\u2019indignation et l\u2019inqui\u00e9tude que peuvent susciter, \u00e0 juste titre, les implications culturelles du conflit en Ukraine \u00bb et rappelant l\u2019attachement de son association \u00ab aux valeurs de paix, de solidarit\u00e9 et de justice \u00bb. \u00c0 l\u2019\u00e9poque, le festival avait aussi pr\u00e9cis\u00e9 qu\u2019il n\u2019\u00e9tait pas question d\u2019annuler ce concert.<\/p>\n","protected":false},"excerpt":{"rendered":"L\u2018association Iroise Ukraine rappelle les critiques internationales qui ont d\u00e9j\u00e0 conduit \u00e0 son retrait de plusieurs festivals et&hellip;\n","protected":false},"author":2,"featured_media":218278,"comment_status":"","ping_status":"","sticky":false,"template":"","format":"standard","meta":{"footnotes":""},"categories":[1590],"tags":[11,1687,1777,674,3337,12,220,35758],"class_list":{"0":"post-218277","1":"post","2":"type-post","3":"status-publish","4":"format-standard","5":"has-post-thumbnail","7":"category-ukraine","8":"tag-actualites","9":"tag-culture-loisirs","10":"tag-eu","11":"tag-europe","12":"tag-festivals","13":"tag-news","14":"tag-ukraine","15":"tag-vieilles-charrues"},"share_on_mastodon":{"url":"https:\/\/pubeurope.com\/@fr\/114778303701754330","error":""},"_links":{"self":[{"href":"https:\/\/www.europesays.com\/fr\/wp-json\/wp\/v2\/posts\/218277","targetHints":{"allow":["GET"]}}],"collection":[{"href":"https:\/\/www.europesays.com\/fr\/wp-json\/wp\/v2\/posts"}],"about":[{"href":"https:\/\/www.europesays.com\/fr\/wp-json\/wp\/v2\/types\/post"}],"author":[{"embeddable":true,"href":"https:\/\/www.europesays.com\/fr\/wp-json\/wp\/v2\/users\/2"}],"replies":[{"embeddable":true,"href":"https:\/\/www.europesays.com\/fr\/wp-json\/wp\/v2\/comments?post=218277"}],"version-history":[{"count":0,"href":"https:\/\/www.europesays.com\/fr\/wp-json\/wp\/v2\/posts\/218277\/revisions"}],"wp:featuredmedia":[{"embeddable":true,"href":"https:\/\/www.europesays.com\/fr\/wp-json\/wp\/v2\/media\/218278"}],"wp:attachment":[{"href":"https:\/\/www.europesays.com\/fr\/wp-json\/wp\/v2\/media?parent=218277"}],"wp:term":[{"taxonomy":"category","embeddable":true,"href":"https:\/\/www.europesays.com\/fr\/wp-json\/wp\/v2\/categories?post=218277"},{"taxonomy":"post_tag","embeddable":true,"href":"https:\/\/www.europesays.com\/fr\/wp-json\/wp\/v2\/tags?post=218277"}],"curies":[{"name":"wp","href":"https:\/\/api.w.org\/{rel}","templated":true}]}}