{"id":218283,"date":"2025-07-01T13:53:10","date_gmt":"2025-07-01T13:53:10","guid":{"rendered":"https:\/\/www.europesays.com\/fr\/218283\/"},"modified":"2025-07-01T13:53:10","modified_gmt":"2025-07-01T13:53:10","slug":"lespagne-resiste-au-militarisme-sabotages-en-france-et-en-allemagne-%f0%9f%94%b4-info-libertaire","status":"publish","type":"post","link":"https:\/\/www.europesays.com\/fr\/218283\/","title":{"rendered":"l\u2019Espagne r\u00e9siste au militarisme, sabotages en France et en Allemagne \u2013 \ud83d\udd34 Info Libertaire"},"content":{"rendered":"<p><strong>Alors que les r\u00e9gimes autoritaires de France et d\u2019Allemagne, soutenus par la presque totalit\u00e9 de la classe politicienne, se lancent \u00e0 fond dans l\u2019\u00e9conomie de guerre, le r\u00e9armement et la militarisation des esprits, en Espagne le gouvernement refuse au contraire cette logique mortif\u00e8re.<\/strong><\/p>\n<p>Alors que la plupart des partis et syndicats fran\u00e7ais ferment leur gueule, sont en dessous de tout et m\u00e9prisent les peuples, des sabotages et actions directes ont lieu r\u00e9guli\u00e8rement contre l\u2019industrie de la guerre et son monde criminel.<\/p>\n<p>A quand le retour de mouvements antimilitaristes puissants et d\u2019une conscience rebelle et internationaliste agissante\u00a0?<\/p>\n<p><\/p>\n<dl class=\"spip_document_18984 spip_documents spip_documents_center\">\n<dt><img loading=\"lazy\" class=\"lazy\" decoding=\"async\" src=\"\/wp-content\/uploads\/2025\/07\/1_antimilitarisme-lespagne-resiste-au-militarisme-sabotages-en-france-et-en-allemagne.jpg?x37317\" width=\"500\" height=\"500\" alt=\"\"\/><\/dt>\n<dt class=\"crayon document-titre-18984 spip_doc_titre\" style=\"width:350px\"><strong>Antimilitarisme\u00a0: l\u2019Espagne r\u00e9siste au militarisme, sabotages en France et en Allemagne<\/strong><\/dt>\n<\/dl>\n<p>Militarisme\u00a0: l\u2019Espagne refuse la fuite en avant guerri\u00e8re demand\u00e9e par Trump \u00e0 l\u2019OTAN<\/p>\n<p><strong>Contrairement \u00e0 la France, l\u2019Espagne ne s\u2019aplatit pas face \u00e0 la domination \u00c9tasunienne. Contrairement \u00e0 la France, l\u2019Espagne n\u2019est pas complice du gouvernement isra\u00e9lien et ne soutient pas son g\u00e9nocide. Contrairement \u00e0 la France, il reste une gauche antimilitariste en Espagne. Comme quoi, c\u2019est possible.<\/strong><\/p>\n<p>Exemple ces derniers jours\u00a0: le 25\u00a0juin, le sommet de l\u2019Organisation du trait\u00e9 de l\u2019Atlantique Nord (OTAN) avait lieu \u00e0 La Haye aux Pays-Bas. Pour rappel, l\u2019OTAN c\u2019est l\u2019\u00e9norme machine militaire cr\u00e9\u00e9e pendant la guerre froide pour lutter contre l\u2019URSS. L\u2019OTAN, c\u2019est la force militaire du bloc occidental, qui n\u2019a pas h\u00e9sit\u00e9 \u00e0 mettre en place des r\u00e9seaux d\u2019extr\u00eame droite en Europe de l\u2019Ouest, usant de m\u00e9thodes terroristes et pr\u00eats \u00e0 organiser des coups d\u2019\u00c9tat pour emp\u00eacher une \u00e9ventuelle arriv\u00e9e au pouvoir de la gauche dans l\u2019un des pays membres. L\u2019OTAN est un outil de domination imp\u00e9riale pilot\u00e9 par les USA sur le reste du monde. En principe, cette organisation n\u2019a plus de raison d\u2019\u00eatre depuis la chute du bloc de l\u2019Est en 1989. Pourtant, elle n\u2019a jamais \u00e9t\u00e9 aussi puissante.<\/p>\n<p><strong>C\u2019est donc lors du sommet de l\u2019OTAN que les USA ont exerc\u00e9 leur chantage \u00e0 tous les \u00c9tats membres\u00a0: consacrer 5% de leur PIB pour l\u2019arm\u00e9e ou subir des sanctions.<\/strong><\/p>\n<p>Cette somme est totalement d\u00e9lirante. Par exemple, les USA d\u00e9pensent d\u00e9j\u00e0 1000 milliards de dollars par an dans leur arm\u00e9e, ce qui repr\u00e9sente 3,7% de leurs PIB. S\u2019il fallait encore l\u2019augmenter, ce serait une somme ph\u00e9nom\u00e9nale, sachant que les USA d\u00e9pensent d\u00e9j\u00e0 3 fois plus que la Chine et 7 fois plus que la Russie pour leur syst\u00e8me militaire. En France, 5% du PIB, cela repr\u00e9senterait 150 milliards d\u2019euros par an pour l\u2019arm\u00e9e, une somme titanesque, beaucoup plus \u00e9lev\u00e9e que les d\u00e9penses totales du Minist\u00e8re de l\u2019\u00c9ducation, le plus important du pays.<\/p>\n<p>\u2018histoire nous montre que les pays qui se militarisent \u00e0 outrance et ach\u00e8tent des armes finissent toujours par s\u2019en servir\u2026<\/p>\n<p>\n<strong>\u00c0 quoi pourraient bien servir de tels budgets militaires\u00a0? L\u2019histoire nous montre que les pays qui se militarisent \u00e0 outrance et ach\u00e8tent des armes finissent toujours par s\u2019en servir\u2026<\/strong><\/p>\n<p>Ainsi, sur 32 pays membres de l\u2019OTAN, tous se sont soumis au chantage trumpiste. Tous sauf l\u2019Espagne. Le Premier Ministre espagnol a refus\u00e9 d\u2019augmenter le budget militaire, et Yolanda Diaz, la Ministre du Travail, a d\u00e9clar\u00e9\u00a0: \u00ab\u00a0L\u2019Espagne n\u2019est pas une vassale de Trump\u00a0! [\u2026] Les Espagnols doivent savoir que les 5% pour l\u2019OTAN repr\u00e9senteraient 85 milliards d\u2019euros pour notre politique de d\u00e9fense, ce serait beaucoup plus que pour l\u2019\u00e9ducation. Nous avons dit non\u00a0\u00bb.<\/p>\n<p>L\u2019Espagne est, selon les estimations, le pays membre de l\u2019OTAN ayant consacr\u00e9 la plus faible part de son PIB \u00e0 la d\u00e9fense en 2024, avec un taux d\u2019environ 1,28%. Il faut dire que le pays a subi un coup d\u2019\u00c9tat fasciste suivi d\u2019une guerre civile atroce puis 40 ans de dictature militaire. Pas de quoi faire aimer les uniformes. Selon un sondage paru en mars dernier, seuls 27,7% des espagnols consid\u00e8rent qu\u2019il faut d\u00e9penser \u00ab\u00a0plus\u00a0\u00bb pour l\u2019arm\u00e9e, le taux le plus bas de l\u2019Union Europ\u00e9enne.<\/p>\n<p>Yolanda Diaz est issue des rangs communistes, d\u2019une famille ouvri\u00e8re, et avec une conscience internationaliste toujours vivante. En mai 2024, alors que l\u2019Espagne reconnaissait l\u2019\u00c9tat de Palestine, elle saluait cette d\u00e9cision mais ajoutait\u00a0: \u00ab\u00a0Nous ne pouvons pas nous arr\u00eater l\u00e0. La Palestine sera libre du fleuve \u00e0 la mer\u00a0\u00bb, d\u00e9non\u00e7ant un \u00ab\u00a0g\u00e9nocide du peuple palestinien\u00a0\u00bb.<\/p>\n<p>Contraste saisissant avec Macron<\/p>\n<p>\n<strong>La secr\u00e9taire g\u00e9n\u00e9rale du parti de gauche Podemos vient \u00e9galement d\u2019affirmer\u00a0: \u00ab\u00a0Fuck OTAN\u00a0; Fuck Trump\u00a0\u00bb et le grand parti ind\u00e9pendantiste catalan s\u2019est f\u00e9licit\u00e9\u00a0: \u00ab\u00a0\u00c9nerver un fasciste n\u00e9olib\u00e9ral est un objectif politique en soi\u00a0\u00bb. En mars, le Premier Ministre Pedro Sanchez d\u00e9clarait\u00a0: \u00ab\u00a0Je n\u2019aime pas le mot de r\u00e9armement, il ne me pla\u00eet pas du tout. Nous devons parler d\u2019une autre mani\u00e8re \u00e0 nos citoyens\u00a0\u00bb. Au m\u00eame moment, Macron et ses sbires r\u00e9p\u00e9taient sans cesse le mot \u00ab\u00a0r\u00e9armement\u00a0\u00bb militaire, mais aussi moral, civique et d\u00e9mographique dans tous leurs discours. Le contraste est saisissant.<\/strong><\/p>\n<p>Imaginez un parti de centre-gauche et ses alli\u00e9s tenir des propos contre les cr\u00e9dits militaires en France\u00a0! Qui r\u00e9clame encore une sortie de l\u2019OTAN dans le spectre politique\u00a0? Ces positions sont inimaginables tant l\u2019anti-imp\u00e9rialisme et l\u2019anti-militarisme ont disparu du d\u00e9bat.<\/p>\n<p>Le silence des grandes organisations, syndicats et partis sur le sujet de l\u2019antimilitarisme est une honte<\/p>\n<p>\n<strong>M\u00eame les \u00e9cologistes, dont le mouvement \u00e9tait historiquement anti-guerre, veulent d\u00e9sormais r\u00e9armer le pays. Alors que la France est le deuxi\u00e8me exportateur d\u2019armes du monde, l\u2019absence de mobilisation de masse contre le militarisme est inqui\u00e9tante, et le silence des grandes organisations, syndicats et partis sur le sujet est une honte.<\/strong><\/p>\n<p><strong>Pour sa d\u00e9sob\u00e9issance au diktat militariste, l\u2019Espagne pourrait bien subir des repr\u00e9sailles exemplaires. Donald Trump, a menac\u00e9 de \u00ab\u00a0d\u00e9truire\u00a0\u00bb l\u2019\u00e9conomie espagnole pour se venger de son gouvernement.<\/strong><\/p>\n<p><img loading=\"lazy\" decoding=\"async\" src=\"\/wp-content\/uploads\/2025\/07\/antimilitarisme-lespagne-resiste-au-militarisme-sabotages-en-france-et-en-allemagne.gif?x37317\" width=\"8\" height=\"11\" class=\"puce lazy\" alt=\"-\"\/> source, et liens\u00a0: <a href=\"https:\/\/contre-attaque.net\/2025\/06\/30\/militarisme-lespagne-refuse-la-fuite-en-avant-guerriere-demandee-par-trump-a-lotan\/\" class=\"spip_url spip_out auto\" rel=\"nofollow external noopener\" target=\"_blank\">https:\/\/contre-attaque.net\/2025\/06\/30\/militarisme-lespagne-refuse-la-fuite-en-avant-guerriere-demandee-par-trump-a-lotan\/<\/a><\/p>\n<p><img loading=\"lazy\" decoding=\"async\" src=\"\/wp-content\/uploads\/2025\/07\/antimilitarisme-lespagne-resiste-au-militarisme-sabotages-en-france-et-en-allemagne.gif?x37317\" width=\"8\" height=\"11\" class=\"puce lazy\" alt=\"-\"\/> R\u00e9cents sabotages anti-guerres en France et Allemagne\u00a0:<\/p>\n<dl class=\"spip_document_18985 spip_documents spip_documents_center\">\n<dt><img loading=\"lazy\" class=\"lazy\" decoding=\"async\" src=\"\/wp-content\/uploads\/2025\/07\/2_antimilitarisme-lespagne-resiste-au-militarisme-sabotages-en-france-et-en-allemagne.jpg?x37317\" width=\"500\" height=\"282\" alt=\"\"\/><\/dt>\n<dt class=\"crayon document-titre-18985 spip_doc_titre\" style=\"width:350px\"><strong>Antimilitarisme\u00a0: l\u2019Espagne r\u00e9siste au militarisme, sabotages en France et en Allemagne<\/strong><\/dt>\n<\/dl>\n<p>Colombelles\u00a0: incendies volontaires au campus technologique Effiscience<\/p>\n<p>Communiqu\u00e9 publi\u00e9 sur lille.indymedia.org le 25\u00a0juin 2025, \u00e0 propos de l\u2019incendie de deux armoires de fibre optique au campus Effiscience.<\/p>\n<p>En cette fin de semaine marqu\u00e9e par l\u2019\u00e9largissement des champs de la guerre au moyen-orient, et par la tenue du Salon du Bourget de Paris, nous avons d\u00e9cid\u00e9 de perturber l\u2019activit\u00e9 du p\u00f4le d\u2019innovation technologique Effiscience \u00e0 Colombelles, qui regroupe en un m\u00eame \u00ab\u00a0campus\u00a0\u00bb bon nombre d\u2019entreprises du complexe militaro-industriel\u00a0: Safran Data Systems, Sotraban, NXP semiconductors, Telit Wireless Solution, Nucleopolis, CLARA, Probent Technology, Atos &amp; Bull technologies, Eff\u2019Innov Technologies\u2026<\/p>\n<p>Dans la nuit du 22 au 23\u00a0juin, nous avons mis le feu \u00e0 deux armoires de fibre optique situ\u00e9es rue du Bocage, sur le site. Les flammes commen\u00e7aient \u00e0 se dresser quand nous avons quitt\u00e9 les lieux. On peut imaginer que la connexion \u00e0 internet sera difficile dans la zone demain matin.<\/p>\n<p>Les images spectaculaires des bombardements \u00e0 des milliers de kilom\u00e8tres ne doivent pas nous faire oublier que c\u2019est ici, dans des centres de recherche et de production, que les armes sont fabriqu\u00e9es. S\u2019offusquer des massacres est une chose (primordiale), agir en est une autre, rendue n\u00e9cessaire par la brutalit\u00e9 des \u00e9v\u00e8nements et par la volont\u00e9 de transformer radicalement les bases sociales sur lesquelles se fondent guerres, fronti\u00e8res, g\u00e9nocides.<\/p>\n<p>Il s\u2019agit aussi de mettre en \u00e9vidence la r\u00e9alit\u00e9 \u00e9conomique de la guerre, vaste bataille entre \u00c9tats ou proto-Etats pour l\u2019accaparement des ressources et des territoires, source d\u2019enrichissement pour le capital, pr\u00e9texte magnifique pour la course \u00e0 l\u2019innovation technologique et le d\u00e9veloppement de l\u2019industrie. Lutter contre la guerre est pour nous indissociable d\u2019une lutte contre le capitalisme dans son ensemble.<\/p>\n<p>Apog\u00e9e des rapports brutaux et de l\u2019organisation hi\u00e9rarchique des soci\u00e9t\u00e9s, la guerre et ses r\u00e9seaux doivent aussi \u00eatre combattus pour l\u2019ordre social qu\u2019ils perp\u00e9tuent. La guerre militaire est un des meilleurs moyens pour les chefs de diriger la col\u00e8re qui existe \u00e0 l\u2019int\u00e9rieur de leurs propres \u00ab\u00a0rangs\u00a0\u00bb vers la figure d\u2019un ennemi d\u00e9shumanis\u00e9, \u00e0 grand renfort de r\u00e9cits nationalistes ou religieux.<\/p>\n<p>Par cons\u00e9quent, il faut en finir avec une illusion qui persiste\u00a0: celle qu\u2019il faudrait ob\u00e9ir \u00e0 des chefs pour faire la guerre \u00e0 la guerre. Le fond des strat\u00e9gies militaires et autoritaires, pour les t\u00eates pensantes qui les \u00e9tablissent, consiste toujours \u00e0 commander des foules de personnes. Il faudrait donc accepter d\u2019aller se battre sans conna\u00eetre l\u2019ensemble de la strat\u00e9gie que d\u2019autres ont pens\u00e9 \u00e0 notre place. Et voil\u00e0 que nous devenons des soldats emmen\u00e9s dans des charniers pour faire un quelconque coup tactique (que ce soit une diversion militaire ou un coup de communication). Cette id\u00e9e est pour nous fondamentalement probl\u00e9matique, et les histoires des \u00ab\u00a0r\u00e9volutions\u00a0\u00bb montrent que ces chefs finissent toujours par trahir la r\u00e9volution des foules anonymes au profit de leur position de pouvoir. Ceux et celles qui jouent au jeu de l\u2019\u00c9tat finissent toujours par s\u2019en faire les pantins.<\/p>\n<p>A contrario de cette tendance, c\u2019est d\u2019une intransigeance avec tout ce qui fait le militarisme dont nous avons besoin. Cette ambition implique une critique radicale de la hi\u00e9rarchie et de la repr\u00e9sentation politique.<\/p>\n<p>Ceci \u00e9tant dit, il faut alors accepter le saut dans l\u2019inconnu. La solution ne viendra pas de gens \u00ab\u00a0au dessus de nous\u00a0\u00bb, et dans une telle perspective, il convient d\u2019accepter qu\u2019il faut d\u2019abord compter sur soi-m\u00eame pour mettre fin aux guerres. En ce sens, notre action vise \u00e0 montrer que l\u2019industrie de la guerre est \u00e0 port\u00e9e de main, silencieuse mais pas invisible. A nous de la mettre sous le feu des projecteurs\u2026 et le feu tout court\u00a0!<\/p>\n<p>Solidarit\u00e9 avec celles et ceux sous les bombes,<\/p>\n<p>Solidarit\u00e9 avec les personnes en exil,<\/p>\n<p>Guerre \u00e0 toutes les guerres et \u00e0 tous les \u00c9tats\u00a0!<\/p>\n<p>Des irr\u00e9cup\u00e9rables<\/p>\n<p><img loading=\"lazy\" decoding=\"async\" src=\"\/wp-content\/uploads\/2025\/07\/antimilitarisme-lespagne-resiste-au-militarisme-sabotages-en-france-et-en-allemagne.gif?x37317\" width=\"8\" height=\"11\" class=\"puce lazy\" alt=\"-\"\/> source\u00a0: <strong><a href=\"https:\/\/trognon.info\/Colombelles-incendies-volontaires-au-campus-technologique-Effiscience-639\" class=\"spip_out\" rel=\"external nofollow noopener\" target=\"_blank\">Colombelles\u00a0: incendies volontaires au campus technologique Effiscience<\/a><\/strong><\/p>\n<dl class=\"spip_document_18986 spip_documents spip_documents_center\">\n<dt><img loading=\"lazy\" class=\"lazy\" decoding=\"async\" src=\"\/wp-content\/uploads\/2025\/07\/3_antimilitarisme-lespagne-resiste-au-militarisme-sabotages-en-france-et-en-allemagne.jpg?x37317\" width=\"500\" height=\"626\" alt=\"\"\/><\/dt>\n<dt class=\"crayon document-titre-18986 spip_doc_titre\" style=\"width:350px\"><strong>Antimilitarisme\u00a0: l\u2019Espagne r\u00e9siste au militarisme, sabotages en France et en Allemagne<\/strong><\/dt>\n<\/dl>\n<p>Allemagne\u00a0: s\u00e9rie d\u2019attaques incendiaires contre la guerre<\/p>\n<p><strong>Les \u00c9tats europ\u00e9ens se militarisent, la guerre est dans les discours et dans les t\u00eates, mais partout, des corps se dressent contre cette course vers la mort. En Allemagne, le gouvernement de droite radicale veut d\u00e9velopper \u00ab\u00a0l\u2019arm\u00e9e la plus puissante d\u2019Europe\u00a0\u00bb.<\/strong><\/p>\n<p>Le gouvernement allemand r\u00e9fl\u00e9chit au r\u00e9tablissement du service militaire obligatoire, il a instaur\u00e9 une Journ\u00e9e des anciens combattants, il militarise les esprits et d\u00e9bloque des sommes colossales pour la guerre\u00a0: un fonds de plus de 500 milliards d\u2019euros destin\u00e9 aux investissements dits de \u00ab\u00a0s\u00e9curit\u00e9\u00a0\u00bb, et le budget annuel de la d\u00e9fense va passer de 63 milliards par an en 2025 \u00e0 160 milliards pour 2030.<\/p>\n<p><strong>L\u2019Allemagne est aussi en train de restructurer toute son industrie civile \u2013 frapp\u00e9e par une crise profonde \u2013 vers l\u2019industrie militaire. Une usine automobile a par exemple \u00e9t\u00e9 convertie en usine d\u2019armement. C\u2019est dans ce contexte que plusieurs sabotages ont eu lieu ces derniers jours.<\/strong><\/p>\n<p><img loading=\"lazy\" decoding=\"async\" src=\"\/wp-content\/uploads\/2025\/07\/antimilitarisme-lespagne-resiste-au-militarisme-sabotages-en-france-et-en-allemagne.gif?x37317\" width=\"8\" height=\"11\" class=\"puce lazy\" alt=\"-\"\/> <strong>Des camionnettes de \u00ab\u00a0profiteurs de guerre\u00a0\u00bb incendi\u00e9es<\/strong><\/p>\n<p>La nuit du lundi au mardi 17\u00a0juin \u00e0 Berlin, trente-six camionnettes de la multinationale Amazon et de l\u2019entreprise allemande Telekom sont parties en fum\u00e9e, \u00e0 quelques minutes d\u2019intervalle autour de 3 heures du matin.<\/p>\n<p><strong>Un communiqu\u00e9 revendique cette attaque antimilitariste\u00a0: \u00ab\u00a0Ni les grillages, ni les cam\u00e9ras n\u2019ont r\u00e9ussi \u00e0 emp\u00eacher les antimilitaristes d\u2019attaquer ces deux collabos de l\u2019arm\u00e9e. Les deux entreprises profitent \u00e9norm\u00e9ment de la militarisation g\u00e9n\u00e9ralis\u00e9e et des guerres qui s\u2019\u00e9tendent. C\u2019est pourquoi il est juste de les saboter\u00a0\u00bb explique le texte.<\/strong><\/p>\n<p>Les incendiaires d\u00e9noncent \u00ab\u00a0l\u2019ouverture de l\u2019Amazon-Tower\u00a0\u00bb \u00e0 Berlin et la \u00ab\u00a0participation active \u00e0 la guerre et au g\u00e9nocide\u00a0\u00bb de ce g\u00e9ant de la tech. \u00ab\u00a0Les serveurs et les Cloud Services d\u2019Amazon sont utilis\u00e9s par les Forces de D\u00e9fense Isra\u00e9liennes (IDF) pour stocker les \u00e9normes quantit\u00e9s de donn\u00e9es issues de la surveillance de masse de la population palestinienne. Avec sa filiale, Amazons Web Systems (AWS), Amazon est l\u2019un des partenaires de l\u2019arm\u00e9e isra\u00e9lienne\u00a0\u00bb.<\/p>\n<p>Depuis 2021, les g\u00e9ants de la tech permettent en effet \u00e0 l\u2019arm\u00e9e coloniale d\u2019utiliser leurs serveurs, \u00ab\u00a0cela signifie que l\u2019an\u00e9antissement et la famine \u00e0 Gaza qui se d\u00e9roulent sous nos yeux, le d\u00e9placement forc\u00e9 planifi\u00e9 de l\u2019ensemble de la population, ainsi que le massacre et la mutilation, bas\u00e9s sur IA, de centaines de milliers de personnes, dont beaucoup d\u2019enfants, sont calcul\u00e9s et sauvegard\u00e9s sur les serveurs d\u2019Amazon Web Services. La guerre, la militarisation, le g\u00e9nocide et la politique g\u00e9nocidaire et imp\u00e9rialiste se fondent aujourd\u2019hui sur la haute technologie\u00a0\u00bb.<\/p>\n<p>La deuxi\u00e8me entreprise, Telekom, a \u00e9t\u00e9 vis\u00e9e parce qu\u2019elle r\u00e9alise des profits \u00ab\u00a0en tant que fournisseur informatique des autorit\u00e9s frontali\u00e8res, de la police et des services de renseignements, sur la guerre contre les r\u00e9fugi\u00e9-e-s aux fronti\u00e8res ext\u00e9rieures de l\u2019Europe et sur la militarisation croissante \u00e0 l\u2019int\u00e9rieur\u00a0\u00bb. La firme est aussi partenaire de l\u2019entreprise Starlink \u00ab\u00a0du techno-facho Elon Musk. T-Systems\u00a0\u00bb explique le communiqu\u00e9.<\/p>\n<p><img loading=\"lazy\" decoding=\"async\" src=\"\/wp-content\/uploads\/2025\/07\/antimilitarisme-lespagne-resiste-au-militarisme-sabotages-en-france-et-en-allemagne.gif?x37317\" width=\"8\" height=\"11\" class=\"puce lazy\" alt=\"-\"\/> <strong>Des camions de l\u2019arm\u00e9e partent en fum\u00e9e<\/strong><\/p>\n<p>Les m\u00e9dias allemands ont r\u00e9v\u00e9l\u00e9 cette attaque incendiaire le 23\u00a0juin\u00a0: six camions de l\u2019arm\u00e9e allemande br\u00fbl\u00e9s \u00e0 Erfurt, dans la r\u00e9gion de Thuringe. Il s\u2019agit de v\u00e9hicules de transport de troupes. Le gouvernement d\u00e9nonce une \u00ab\u00a0attaque contre la d\u00e9mocratie\u00a0\u00bb et m\u00eame un sabotage organis\u00e9 par la Russie, comme si la population n\u2019avait pas de raison de s\u2019inqui\u00e9ter de la remilitarisation acc\u00e9l\u00e9r\u00e9e d\u2019un pays qui a d\u00e9clench\u00e9 deux guerres mondiales et un g\u00e9nocide au si\u00e8cle dernier.<\/p>\n<p><strong>D\u00e9but juin, 5 autres camions de l\u2019arm\u00e9e avaient br\u00fbl\u00e9 \u00e0 Soltau en Basse-Saxe\u00a0: m\u00eame mode op\u00e9ratoire, et un texte de revendication tr\u00e8s clair avait \u00e9t\u00e9 diffus\u00e9, critiquant le r\u00e9armement et la militarisation des esprits en Allemagne\u00a0: \u00ab\u00a0La condition pr\u00e9alable \u00e0 un climat dans lequel toutes ces horreurs peuvent \u00eatre consid\u00e9r\u00e9es comme in\u00e9vitables et sans alternative, est la d\u00e9shumanisation des personnes contraintes de souffrir de la guerre, du g\u00e9nocide et des d\u00e9placements forc\u00e9s [\u2026] Ces flammes sont pour celles et ceux qui luttent contre leur d\u00e9shumanisation et pour leur survie. Pour toutes celles et ceux qui veulent r\u00eaver et combattre pour un autre monde solidaire, sans \u00c9tat [\u2026] Au cours des prochaines ann\u00e9es, l\u2019arm\u00e9e f\u00e9d\u00e9rale sera omnipr\u00e9sente dans nos vies et redeviendra un acteur essentiel du formatage autoritaire et patriarcal de la soci\u00e9t\u00e9. Attaquons-la \u00e0 tous les niveaux\u00a0!\u00a0\u00bb<\/strong><\/p>\n<p><img loading=\"lazy\" decoding=\"async\" src=\"\/wp-content\/uploads\/2025\/07\/antimilitarisme-lespagne-resiste-au-militarisme-sabotages-en-france-et-en-allemagne.gif?x37317\" width=\"8\" height=\"11\" class=\"puce lazy\" alt=\"-\"\/> source, avec des liens\u00a0: <a href=\"https:\/\/contre-attaque.net\/2025\/06\/29\/allemagne-serie-dattaques-incendiaires-contre-la-guerre\/\" class=\"spip_url spip_out auto\" rel=\"nofollow external noopener\" target=\"_blank\">https:\/\/contre-attaque.net\/2025\/06\/29\/allemagne-serie-dattaques-incendiaires-contre-la-guerre\/<\/a><\/p>\n","protected":false},"excerpt":{"rendered":"Alors que les r\u00e9gimes autoritaires de France et d\u2019Allemagne, soutenus par la presque totalit\u00e9 de la classe politicienne,&hellip;\n","protected":false},"author":2,"featured_media":218284,"comment_status":"","ping_status":"","sticky":false,"template":"","format":"standard","meta":{"footnotes":""},"categories":[1587],"tags":[11,672,1804,1805,1803,1777,674,1801,12,1802],"class_list":{"0":"post-218283","1":"post","2":"type-post","3":"status-publish","4":"format-standard","5":"has-post-thumbnail","7":"category-allemagne","8":"tag-actualites","9":"tag-allemagne","10":"tag-bundesrepublik-deutschland","11":"tag-de","12":"tag-deutschland","13":"tag-eu","14":"tag-europe","15":"tag-germany","16":"tag-news","17":"tag-republique-federale-dallemagne"},"share_on_mastodon":{"url":"https:\/\/pubeurope.com\/@fr\/114778316168259895","error":""},"_links":{"self":[{"href":"https:\/\/www.europesays.com\/fr\/wp-json\/wp\/v2\/posts\/218283","targetHints":{"allow":["GET"]}}],"collection":[{"href":"https:\/\/www.europesays.com\/fr\/wp-json\/wp\/v2\/posts"}],"about":[{"href":"https:\/\/www.europesays.com\/fr\/wp-json\/wp\/v2\/types\/post"}],"author":[{"embeddable":true,"href":"https:\/\/www.europesays.com\/fr\/wp-json\/wp\/v2\/users\/2"}],"replies":[{"embeddable":true,"href":"https:\/\/www.europesays.com\/fr\/wp-json\/wp\/v2\/comments?post=218283"}],"version-history":[{"count":0,"href":"https:\/\/www.europesays.com\/fr\/wp-json\/wp\/v2\/posts\/218283\/revisions"}],"wp:featuredmedia":[{"embeddable":true,"href":"https:\/\/www.europesays.com\/fr\/wp-json\/wp\/v2\/media\/218284"}],"wp:attachment":[{"href":"https:\/\/www.europesays.com\/fr\/wp-json\/wp\/v2\/media?parent=218283"}],"wp:term":[{"taxonomy":"category","embeddable":true,"href":"https:\/\/www.europesays.com\/fr\/wp-json\/wp\/v2\/categories?post=218283"},{"taxonomy":"post_tag","embeddable":true,"href":"https:\/\/www.europesays.com\/fr\/wp-json\/wp\/v2\/tags?post=218283"}],"curies":[{"name":"wp","href":"https:\/\/api.w.org\/{rel}","templated":true}]}}