{"id":218287,"date":"2025-07-01T13:55:13","date_gmt":"2025-07-01T13:55:13","guid":{"rendered":"https:\/\/www.europesays.com\/fr\/218287\/"},"modified":"2025-07-01T13:55:13","modified_gmt":"2025-07-01T13:55:13","slug":"douanes-lue-veut-un-allegement-immediat-dans-des-secteurs-cles-pour-tout-accord-selon-des-sources-01-07-2025-a-1341","status":"publish","type":"post","link":"https:\/\/www.europesays.com\/fr\/218287\/","title":{"rendered":"Douanes: L&rsquo;UE veut un all\u00e8gement imm\u00e9diat dans des secteurs cl\u00e9s pour tout accord, selon des sources &#8211; 01\/07\/2025 \u00e0 13:41"},"content":{"rendered":"<p>        <img fetchpriority=\"high\" decoding=\"async\" src=\"https:\/\/www.europesays.com\/fr\/wp-content\/uploads\/2025\/07\/55cbfcc65a44ea1b33a9f511257604ad-760x487.jpg\" alt=\"Une banni\u00e8re repr\u00e9sentant un drapeau de l'Union europ\u00e9enne se refl\u00e8te dans une fen\u00eatre \u00e0 l'ext\u00e9rieur du si\u00e8ge du Conseil de l'Union europ\u00e9enne \u00e0 Bruxelles\" loading=\"eager\" width=\"760\" height=\"487\" style=\"max-width: 100%!important; height: auto;\"\/><\/p>\n<p class=\"c-image-news__legend\">Une banni\u00e8re repr\u00e9sentant un drapeau de l&rsquo;Union europ\u00e9enne se refl\u00e8te dans une fen\u00eatre \u00e0 l&rsquo;ext\u00e9rieur du si\u00e8ge du Conseil de l&rsquo;Union europ\u00e9enne \u00e0 Bruxelles<\/p>\n<p>\n par Julia Payne et Philip Blenkinsop\n<\/p>\n<p>\n L&rsquo;Union europ\u00e9enne (UE) souhaite un all\u00e8gement imm\u00e9diat des droits de douane dans des secteurs cl\u00e9s dans le cadre de tout accord commercial avec les \u00c9tats-Unis, ont d\u00e9clar\u00e9 des diplomates europ\u00e9ens \u00e0 Reuters, ajoutant que le bloc s&rsquo;attend \u00e0 ce qu&rsquo;un accord comporte un certain degr\u00e9 d&rsquo;asym\u00e9trie, m\u00eame dans le meilleur des cas.\n<\/p>\n<p>\n La Commission europ\u00e9enne, qui coordonne la politique commerciale de l&rsquo;UE, insiste sur trois points cl\u00e9s dans les n\u00e9gociations commerciales men\u00e9es cette semaine avec Washington, m\u00eame si elle accepte le droit de douane am\u00e9ricain de base de 10% comme in\u00e9vitable.\n<\/p>\n<p>\n Les deux parties s&rsquo;efforcent de parvenir \u00e0 un accord de principe avant le 9 juillet, les derniers d\u00e9tails devant \u00eatre r\u00e9gl\u00e9s ult\u00e9rieurement.\n<\/p>\n<p>\n Dans un bref document de n\u00e9gociations envoy\u00e9 par Washington la semaine derni\u00e8re, l&rsquo;administration Trump a seulement pr\u00e9sent\u00e9 ce qu&rsquo;elle attend de Bruxelles, sans faire de concessions, ont d\u00e9clar\u00e9 des diplomates de l&rsquo;UE au fait du dossier.\n<\/p>\n<p>\n Pour tout accord, Bruxelles souhaite en retour une r\u00e9duction des droits de douane de base aux niveaux ant\u00e9rieurs aux d\u00e9cisions douani\u00e8res de Donald Trump, ou des droits de douane z\u00e9ro pour z\u00e9ro dans les cas o\u00f9 ils existent.\n<\/p>\n<p>\n Cela inclut notamment une baisse des droits de douane sur les boissons alcoolis\u00e9es et les technologies m\u00e9dicales, sur lesquelles les \u00c9tats-Unis appliquent une taxe de 10%.\n<\/p>\n<p>\n Parmi ses points cl\u00e9s, l&rsquo;UE souhaite \u00e9galement qu&rsquo;un accord couvre les avions commerciaux et leurs pi\u00e8ces d\u00e9tach\u00e9es, les produits pharmaceutiques et les semi-conducteurs. Pour ces secteurs, les \u00c9tats-Unis n&rsquo;ont pas encore impos\u00e9 de droits de douane suppl\u00e9mentaires mais en \u00e9tudient la possibilit\u00e9.\n<\/p>\n<p>\n En juin, Donald Trump a d\u00e9clar\u00e9 que les droits sur les produits pharmaceutiques seraient annonc\u00e9s \u00ab\u00a0tr\u00e8s bient\u00f4t\u00a0\u00bb.\n<\/p>\n<p>\n En deuxi\u00e8me point, l&rsquo;UE exige aussi une concession de la part du pr\u00e9sident am\u00e9ricain sur les droits de douane de 25% sur les voitures et les pi\u00e8ces d\u00e9tach\u00e9es, ont d\u00e9clar\u00e9 les diplomates europ\u00e9ens, ainsi qu&rsquo;une r\u00e9duction imm\u00e9diate des droits de douane sur les importations d&rsquo;acier et d&rsquo;aluminium, que Donald Trump a port\u00e9s \u00e0 50% en juin.\n<\/p>\n<p>\n Un diplomate a d\u00e9clar\u00e9 que les droits de douane sur les voitures constituaient une \u00ab\u00a0ligne rouge\u00a0\u00bb pour Bruxelles.\n<\/p>\n<p>\n Enfin, en troisi\u00e8me point, l&rsquo;UE souhaite que l&rsquo;all\u00e9gement des droits de douane commence d\u00e8s la conclusion d&rsquo;un accord initial, plut\u00f4t que d&rsquo;attendre des semaines ou des mois pour un accord final.\n<\/p>\n<p>\n Selon les sources, une telle situation serait inacceptable pour des nombreux membres de l&rsquo;UE.\n<\/p>\n<p>\n POURSUITE DES DISCUSSIONS\n<\/p>\n<p>\n Le commissaire europ\u00e9en au Commerce, Maros Sefcovic, et le chef de cabinet de la pr\u00e9sidente de la Commission europ\u00e9enne, Bjoern Seibert, se rendront \u00e0 Washington cette semaine dans l&rsquo;espoir de parvenir \u00e0 un accord.\n<\/p>\n<p>\n Le pr\u00e9sident am\u00e9ricain Donald Trump a suspendu l&rsquo;entr\u00e9e en vigueur des droits de douane am\u00e9ricain dits \u00ab\u00a0r\u00e9ciproques\u00a0\u00bb jusqu&rsquo;au 9 juillet, dans l&rsquo;objectif de conclure des accords avec ses partenaires commerciaux mondiaux.\n<\/p>\n<p>\n En l&rsquo;absence d&rsquo;accord, les droits de douane am\u00e9ricains de base pourraient augmenter \u00e0 20% pour les produits europ\u00e9ens. Le pr\u00e9sident am\u00e9ricain a m\u00eame menac\u00e9 d&rsquo;imposer des droits de douane de 50% sur toutes les importations de l&rsquo;UE.\n<\/p>\n<p>\n Une semaine avant la date butoir pour la conclusion d&rsquo;un accord, la Commission europ\u00e9enne a dit aux 27 \u00c9tats membres du bloc que tous les r\u00e9sultats \u00e9taient encore possibles, ont indiqu\u00e9 les diplomates.\n<\/p>\n<p>\n Si l&rsquo;objectif d&rsquo;un all\u00e9gement douanier imm\u00e9diat ne se concr\u00e9tise pas, Bruxelles devra choisir entre accepter des d\u00e9s\u00e9quilibres importants ou r\u00e9pondre par des contre-mesures.\n<\/p>\n<p>\n Le d\u00e9lai pour la conclusion d&rsquo;un accord pourrait aussi \u00eatre prolong\u00e9 si les n\u00e9gociations n&rsquo;aboutissent pas.\n<\/p>\n<p>\n Le secr\u00e9taire am\u00e9ricain au Tr\u00e9sor, Scott Bessent, a d\u00e9clar\u00e9 lundi que toute prolongation relevait de la d\u00e9cision de Donald Trump, les accords devant \u00eatre conclus d&rsquo;ici le 1er septembre.\n<\/p>\n<p>\n (Reportage Julia Payne et Philip Blenkinsop ; version fran\u00e7aise Etienne Breban ; \u00e9dit\u00e9 par Blandine H\u00e9nault)<\/p>\n","protected":false},"excerpt":{"rendered":"Une banni\u00e8re repr\u00e9sentant un drapeau de l&rsquo;Union europ\u00e9enne se refl\u00e8te dans une fen\u00eatre \u00e0 l&rsquo;ext\u00e9rieur du si\u00e8ge du&hellip;\n","protected":false},"author":2,"featured_media":218288,"comment_status":"","ping_status":"","sticky":false,"template":"","format":"standard","meta":{"footnotes":""},"categories":[1586],"tags":[400,11,398,408,405,1777,674,1779,1011,27,403,402,399,404,12,25,401,406,1778,364,407],"class_list":{"0":"post-218287","1":"post","2":"type-post","3":"status-publish","4":"format-standard","5":"has-post-thumbnail","7":"category-europe","8":"tag-action-cac-40","9":"tag-actualites","10":"tag-bourse-de-paris","11":"tag-boursorama","12":"tag-cotations","13":"tag-eu","14":"tag-europe","15":"tag-european-union","16":"tag-fr","17":"tag-france","18":"tag-indices-devises","19":"tag-investir","20":"tag-investissement","21":"tag-marche-boursier","22":"tag-news","23":"tag-republique-francaise","24":"tag-sicav","25":"tag-trackers","26":"tag-ue","27":"tag-union-europeenne","28":"tag-warrants"},"share_on_mastodon":{"url":"https:\/\/pubeurope.com\/@fr\/114778323312453424","error":""},"_links":{"self":[{"href":"https:\/\/www.europesays.com\/fr\/wp-json\/wp\/v2\/posts\/218287","targetHints":{"allow":["GET"]}}],"collection":[{"href":"https:\/\/www.europesays.com\/fr\/wp-json\/wp\/v2\/posts"}],"about":[{"href":"https:\/\/www.europesays.com\/fr\/wp-json\/wp\/v2\/types\/post"}],"author":[{"embeddable":true,"href":"https:\/\/www.europesays.com\/fr\/wp-json\/wp\/v2\/users\/2"}],"replies":[{"embeddable":true,"href":"https:\/\/www.europesays.com\/fr\/wp-json\/wp\/v2\/comments?post=218287"}],"version-history":[{"count":0,"href":"https:\/\/www.europesays.com\/fr\/wp-json\/wp\/v2\/posts\/218287\/revisions"}],"wp:featuredmedia":[{"embeddable":true,"href":"https:\/\/www.europesays.com\/fr\/wp-json\/wp\/v2\/media\/218288"}],"wp:attachment":[{"href":"https:\/\/www.europesays.com\/fr\/wp-json\/wp\/v2\/media?parent=218287"}],"wp:term":[{"taxonomy":"category","embeddable":true,"href":"https:\/\/www.europesays.com\/fr\/wp-json\/wp\/v2\/categories?post=218287"},{"taxonomy":"post_tag","embeddable":true,"href":"https:\/\/www.europesays.com\/fr\/wp-json\/wp\/v2\/tags?post=218287"}],"curies":[{"name":"wp","href":"https:\/\/api.w.org\/{rel}","templated":true}]}}