{"id":218289,"date":"2025-07-01T13:56:19","date_gmt":"2025-07-01T13:56:19","guid":{"rendered":"https:\/\/www.europesays.com\/fr\/218289\/"},"modified":"2025-07-01T13:56:19","modified_gmt":"2025-07-01T13:56:19","slug":"douze-humanitaires-assassines-par-le-hamas-assure-une-ong","status":"publish","type":"post","link":"https:\/\/www.europesays.com\/fr\/218289\/","title":{"rendered":"douze humanitaires assassin\u00e9s par le Hamas, assure une ONG"},"content":{"rendered":"<p>Selon la fondation, le Hamas, ainsi que d\u2019autres milices palestiniennes arm\u00e9es, \u00abpr\u00e9posent\u00bb des troupes et du mat\u00e9riel \u00e0 proximit\u00e9 des centres de distribution pour les perturber.<\/p>\n<p class=\"fig-paragraph\">Si un fragile cessez-le-feu tient entre Isra\u00ebl et l\u2019Iran, les combats se poursuivent dans la bande de Gaza. Les ordres d\u2019\u00e9vacuation, surtout du Nord, se succ\u00e8dent afin d\u2019en prot\u00e9ger la population civile et mieux distribuer l\u2019aide humanitaire. Le Hamas, un mouvement terroriste \u00e0 l\u2019origine d\u2019un rezzou antis\u00e9mite le 7 Octobre, a mis \u00e0 prix les t\u00eates d\u2019Am\u00e9ricains charg\u00e9s de la s\u00e9curit\u00e9 de la distribution. Celle-ci est assur\u00e9e par la\u00a0<a href=\"http:\/\/www.lefigaro.fr\/international\/deplacement-de-population-societes-militaires-privees-pourquoi-la-nouvelle-fondation-humanitaire-de-gaza-fait-polemique-20250527\" target=\"_blank\" data-fig-type=\"Article\" rel=\"noopener\" data-gtm-custom-categorie=\"navigation\" data-gtm-custom-action=\"crossclick\" data-gtm-custom-label=\"Contextuel\" data-gtm-event=\"customEventSPE\" data-fig-domain=\"LEFIGARO\">Gaza Humanitarian Foundation (GHF)<\/a>, soutenue par les gouvernements am\u00e9ricains et isra\u00e9liens mais d\u00e9cri\u00e9e par d\u2019autres ONG en raison de ces liens. \u00abLe Hamas a mis \u00e0 prix les t\u00eates de notre personnel de s\u00e9curit\u00e9 am\u00e9ricain et des travailleurs humanitaires palestiniens, offrant des r\u00e9compenses en esp\u00e8ces \u00e0 quiconque les blesse ou les tue\u00bb, a-t-elle assur\u00e9 par communiqu\u00e9, relay\u00e9 par le\u00a0<a href=\"https:\/\/www.jpost.com\/middle-east\/article-859425#google_vignette\" target=\"_blank\" rel=\"noopener\" data-gtm-custom-categorie=\"navigation\" data-gtm-custom-action=\"crossclick\" data-gtm-custom-label=\"Contextuel\" data-gtm-event=\"customEventSPE\">quotidien isra\u00e9lien conservateur J\u00e9rusalem Post<\/a> .<\/p>\n<p class=\"fig-paragraph\">Douze humanitaires, recrut\u00e9s parmi les Gazaouis, ont \u00e9t\u00e9 assassin\u00e9s et d\u2019autres tortur\u00e9s, selon le GHF. \u00abNos forces de s\u00e9curit\u00e9 am\u00e9ricaines \u2013 parmi les v\u00e9t\u00e9rans les plus distingu\u00e9s et les plus d\u00e9cor\u00e9s du pays \u2013 sont sur le terrain pour prot\u00e9ger la population. Et notre personnel local, qui assure le bon d\u00e9roulement de ces op\u00e9rations, a d\u00e9j\u00e0 pay\u00e9 le prix fort\u00a0: douze personnes ont \u00e9t\u00e9 assassin\u00e9es, d\u2019autres tortur\u00e9es, et de nouvelles menaces apparaissent chaque jour\u00bb, s\u2019alarme-t-elle. Selon la fondation, le Hamas, ainsi que d\u2019autres milices palestiniennes arm\u00e9es, \u00abpr\u00e9posent\u00bb des troupes et du mat\u00e9riel \u00e0 proximit\u00e9 des centres de distribution pour les perturber. Elle avait solennellement appel\u00e9 l\u2019ONU \u00e0 condamner ces actions la semaine derni\u00e8re.<\/p>\n<p class=\"fig-paragraph\">Isra\u00ebl avait interrompu les livraisons d\u2019aide humanitaire le 2 mars 2025 afin d\u2019accro\u00eetre la pression envers le Hamas, accus\u00e9 de la d\u00e9tourner. Des stocks avaient constitu\u00e9 pour environ six mois, avant cet arr\u00eat, avait justifi\u00e9 Tsahal. Ce blocus a \u00e9t\u00e9 lev\u00e9 le 19 mai, apr\u00e8s plusieurs condamnations internationales autour d\u2019une \u00abfamine volontaire\u00bb. Mais l\u2019aide est d\u00e9sormais distribu\u00e9e en partie par la GHF dans des sites s\u00e9curis\u00e9s par des soci\u00e9t\u00e9s militaires priv\u00e9es am\u00e9ricaines. La premi\u00e8re distribution, le 25 mai, a vir\u00e9 au chaos. Une partie de l\u2019aide a \u00e9t\u00e9 pill\u00e9e. Depuis, plusieurs massacres ont eu lieu au cours de ces distributions. Les populations se ruant vers les centres, et l\u2019arm\u00e9e isra\u00e9lienne, submerg\u00e9e, peine \u00e0 \u00e9tablir l\u2019ordre.<\/p>\n<p class=\"fig-paragraph\">Les appels au cessez-le-feu se sont multipli\u00e9s depuis la fin des \u00e9changes de tirs entre Isra\u00ebl et l\u2019Iran. Donald Trump lui-m\u00eame a assur\u00e9 vendredi qu\u2019une tr\u00eave pourrait intervenir \u00abd\u00e8s la semaine prochaine\u00bb. Benyamin Netanyahou, qui doit se rendre \u00e0 la Maison-Blanche le 7 juillet, a \u00e9voqu\u00e9 des \u00abopportunit\u00e9s\u00bb pour la lib\u00e9ration des otages apr\u00e8s \u00abla victoire contre l\u2019Iran\u00bb. Isra\u00ebl a d\u00e9j\u00e0 conclu deux tr\u00eaves avec les groupes terroristes afin de permettre la lib\u00e9ration d\u2019otages kidnapp\u00e9s le 7-Octobre en \u00e9change de lib\u00e9ration de prisonniers de droit commun. Deux fois, elles ont \u00e9t\u00e9 bris\u00e9es et les combats ont repris. Le retour des otages est l\u2019une des conditions demand\u00e9e par l\u2019\u00c9tat h\u00e9breu pour mettre fin aux combats.<\/p>\n","protected":false},"excerpt":{"rendered":"Selon la fondation, le Hamas, ainsi que d\u2019autres milices palestiniennes arm\u00e9es, \u00abpr\u00e9posent\u00bb des troupes et du mat\u00e9riel \u00e0&hellip;\n","protected":false},"author":2,"featured_media":218290,"comment_status":"","ping_status":"","sticky":false,"template":"","format":"standard","meta":{"footnotes":""},"categories":[2],"tags":[259,11,260,4628,1011,27,14,664,261,12,262,25],"class_list":{"0":"post-218289","1":"post","2":"type-post","3":"status-publish","4":"format-standard","5":"has-post-thumbnail","7":"category-actualites","8":"tag-actualite-internationale","9":"tag-actualites","10":"tag-affaires-etrangeres","11":"tag-bande-de-gaza","12":"tag-fr","13":"tag-france","14":"tag-international","15":"tag-israel","16":"tag-ministere-des-affaires-etrangeres","17":"tag-news","18":"tag-politique-etrangere","19":"tag-republique-francaise"},"share_on_mastodon":{"url":"https:\/\/pubeurope.com\/@fr\/114778327236634029","error":""},"_links":{"self":[{"href":"https:\/\/www.europesays.com\/fr\/wp-json\/wp\/v2\/posts\/218289","targetHints":{"allow":["GET"]}}],"collection":[{"href":"https:\/\/www.europesays.com\/fr\/wp-json\/wp\/v2\/posts"}],"about":[{"href":"https:\/\/www.europesays.com\/fr\/wp-json\/wp\/v2\/types\/post"}],"author":[{"embeddable":true,"href":"https:\/\/www.europesays.com\/fr\/wp-json\/wp\/v2\/users\/2"}],"replies":[{"embeddable":true,"href":"https:\/\/www.europesays.com\/fr\/wp-json\/wp\/v2\/comments?post=218289"}],"version-history":[{"count":0,"href":"https:\/\/www.europesays.com\/fr\/wp-json\/wp\/v2\/posts\/218289\/revisions"}],"wp:featuredmedia":[{"embeddable":true,"href":"https:\/\/www.europesays.com\/fr\/wp-json\/wp\/v2\/media\/218290"}],"wp:attachment":[{"href":"https:\/\/www.europesays.com\/fr\/wp-json\/wp\/v2\/media?parent=218289"}],"wp:term":[{"taxonomy":"category","embeddable":true,"href":"https:\/\/www.europesays.com\/fr\/wp-json\/wp\/v2\/categories?post=218289"},{"taxonomy":"post_tag","embeddable":true,"href":"https:\/\/www.europesays.com\/fr\/wp-json\/wp\/v2\/tags?post=218289"}],"curies":[{"name":"wp","href":"https:\/\/api.w.org\/{rel}","templated":true}]}}