{"id":218291,"date":"2025-07-01T13:57:16","date_gmt":"2025-07-01T13:57:16","guid":{"rendered":"https:\/\/www.europesays.com\/fr\/218291\/"},"modified":"2025-07-01T13:57:16","modified_gmt":"2025-07-01T13:57:16","slug":"jeunes-femmes-mieux-que-rima-hassan-essayez-detre-hevrin-khalaf-le-figaro","status":"publish","type":"post","link":"https:\/\/www.europesays.com\/fr\/218291\/","title":{"rendered":"\u00abJeunes femmes, mieux que Rima Hassan, essayez d\u2019\u00eatre Hevrin Khalaf !\u00bb &#8211; Le Figaro"},"content":{"rendered":"<ol>\n<li><a href=\"https:\/\/news.google.com\/rss\/articles\/CBMirgFBVV95cUxPYzVtQkZrR1o0UWMzOFBlUV9Qd0JFQzl3NnpoazR5Ym4zQllmTkJzR0FxeGw0TlExdzhhcVRKc0hQcHNvUnFCRXdKclJBdE1rdHpVajNDbDdVbVFfbm9HM3g1emV6Q0xmc1hzVFgtSk1hVlM4aVRvYXRMU29DczJacE9iM3laQ2dnX05CR3lmeW51eWZ2b1d2ZzhmbDhGZ2VIaEhKcHpDZEg5S1QyY1E?oc=5\" target=\"_blank\" rel=\"noopener\">\u00abJeunes femmes, mieux que Rima Hassan, essayez d\u2019\u00eatre Hevrin Khalaf !\u00bb<\/a>&nbsp;&nbsp;Le Figaro<\/li>\n<li><a href=\"https:\/\/news.google.com\/rss\/articles\/CBMisgFBVV95cUxQOXI5RmZHbmxrLXRxM3FFakpaSEZvTWRiX3VPMWRmdUZPZjdCSFBtSG1jeVF6R3pGV3I3Qll4ZWFfdDNPd0o2SDhCNkpUVjRCWGJZNjhtMmlsdjVUZmZXenBDUTBaQ1NXaGRFRWFTUU9HZEpybmJFaHF3bDY4Wjh6OUkwWUhmX2lzWUlmNTBLdy1OVXA1cng1eEtFNjdiUno2X1c3U1lDZHkyVmpDLVYxaC1B0gG3AUFVX3lxTFBkOUR0ZS0tTm9IR1FINUhvNHNvSlBFemhqbEctN25iS2M1RE8tbVZyNVN2MnQ5SmgtekpHVFZqZWRrVVJZdFNWQ083T1JBeDFHeTc1b1JLUTRjMXAtYy1sOGlMelM5aEpGNlF5NUx0MEx0cGhLbWMwcllNelFmYUtNX3NKWUJJU0NsX2pLeWo5cl91RWJRMkF0eUV4eGMzN2d3SWp0X3ZocHpDR3lpRnNXRjF2V1BFTQ?oc=5\" target=\"_blank\" rel=\"noopener\">\u00abElle fait l\u2019apologie du terrorisme\u00bb : Marion Mar\u00e9chal r\u00e9clame la d\u00e9ch\u00e9ance de nationalit\u00e9 de Rima Hassan<\/a>&nbsp;&nbsp;CNews<\/li>\n<li><a href=\"https:\/\/news.google.com\/rss\/articles\/CBMivwFBVV95cUxOdEtoVURoOFl3dUdIQ3VGa3o0U0NqUnptSzhpNTlYdDVTZmE0VzlxTEpFWlFuMEYySjcybWM0SDZ6cmRrRGQxWHB4THRRZnU5SlJTTTBlU0lJWDRncnFpY3JhSy1hTlY3Z2luZGtYeC1iSFY0a1FXUHg2OFEyeGxpLV9pOVBBaGNTMF8yWXVKaF9OaTE2Xy1nZ0NoWjhTcElxV0NSLXdlcUc3Y3UxWm5sZ1NoVzdBeGd6SjBpZi1NSQ?oc=5\" target=\"_blank\" rel=\"noopener\">\u00abNous avons une fabrique industrielle de Fran\u00e7ais de papier\u00bb, d\u00e9nonce Marion Mar\u00e9chal<\/a>&nbsp;&nbsp;europe1.fr<\/li>\n<li><a href=\"https:\/\/news.google.com\/rss\/articles\/CBMi5wFBVV95cUxPVEJaUFpIZmZHTFVZRXljX0REeGR1LUVaWU5CSFhZY0owa3JKOG4xY1o1elNqYkYzbUxZVmxRM3FfSjZxSTM4bWtUQ0lRa2E1ZVVRdXVjQTNLcld3YVJ2WjhUQjhlM0E5N1h6djMxWE8xRnRmNU9PZm9MbFZ2VldGM2kzeGdieXF2UVhDMTdqUmI5enotOGJYZElhSnJOeDZoT2NHVENNdHhJdkU4Q3hYVHVzY1hPRHBJWEN0bTlVUG9MSmMtZDU3MWN1M2VpdnVYTWNmS3Y4OXU1YjRGT1lfMHBHMVpUeTA?oc=5\" target=\"_blank\" rel=\"noopener\">200 personnes \u00e0 la rencontre de l\u2019eurod\u00e9put\u00e9e Rima Hassan, \u00e0 Rennes<\/a>&nbsp;&nbsp;Ouest-France<\/li>\n<li><a href=\"https:\/\/news.google.com\/rss\/articles\/CBMi2AFBVV95cUxNQnlfc3ZZak94anFqckttSXRETlVBczRVZlcwcVp6VW8xZTVYVTNUclVCQ0FubFp2NXZMLVAtZks1N3FaQktEd0pzUmJDNUtjcXZoNVZJZG52a3E2YzViOTctbW96dXhMTDBJTFRnZEhRYVhQQXlnZ2pVc21tS1MtOFFNcWdPb1M1RDkzcUdnLWlDaGNqWFlnazY3VkZoMnIwQ3ZzNndacDlPV3BNc0lnN0ZTVFI2QTA4cjNNOWNzdHAzRUNqNE5fTzhoT2JsbmQ2eVFmZTg4Zlo?oc=5\" target=\"_blank\" rel=\"noopener\">Rima Hassan : \u201cLe fait que je sois n\u00e9e dans un camp, \u2018nulle part\u2019 comme ma famille, \u00e7a d\u00e9range\u201d<\/a>&nbsp;&nbsp;Les Inrocks<\/li>\n<\/ol>\n","protected":false},"excerpt":{"rendered":"\u00abJeunes femmes, mieux que Rima Hassan, essayez d\u2019\u00eatre Hevrin Khalaf !\u00bb&nbsp;&nbsp;Le Figaro \u00abElle fait l\u2019apologie du terrorisme\u00bb :&hellip;\n","protected":false},"author":2,"featured_media":218292,"comment_status":"","ping_status":"","sticky":false,"template":"","format":"standard","meta":{"footnotes":""},"categories":[2],"tags":[11,1428,1292,5361,5360,1429,1011,27,12,1427,1426,25,15442,104],"class_list":{"0":"post-218291","1":"post","2":"type-post","3":"status-publish","4":"format-standard","5":"has-post-thumbnail","7":"category-actualites","8":"tag-actualites","9":"tag-chroniqueurs","10":"tag-debat","11":"tag-debat-societe","12":"tag-debats-societaux","13":"tag-figarovox","14":"tag-fr","15":"tag-france","16":"tag-news","17":"tag-opinions","18":"tag-questions","19":"tag-republique-francaise","20":"tag-rima-hassan","21":"tag-societe"},"share_on_mastodon":{"url":"https:\/\/pubeurope.com\/@fr\/114778331105037359","error":""},"_links":{"self":[{"href":"https:\/\/www.europesays.com\/fr\/wp-json\/wp\/v2\/posts\/218291","targetHints":{"allow":["GET"]}}],"collection":[{"href":"https:\/\/www.europesays.com\/fr\/wp-json\/wp\/v2\/posts"}],"about":[{"href":"https:\/\/www.europesays.com\/fr\/wp-json\/wp\/v2\/types\/post"}],"author":[{"embeddable":true,"href":"https:\/\/www.europesays.com\/fr\/wp-json\/wp\/v2\/users\/2"}],"replies":[{"embeddable":true,"href":"https:\/\/www.europesays.com\/fr\/wp-json\/wp\/v2\/comments?post=218291"}],"version-history":[{"count":0,"href":"https:\/\/www.europesays.com\/fr\/wp-json\/wp\/v2\/posts\/218291\/revisions"}],"wp:featuredmedia":[{"embeddable":true,"href":"https:\/\/www.europesays.com\/fr\/wp-json\/wp\/v2\/media\/218292"}],"wp:attachment":[{"href":"https:\/\/www.europesays.com\/fr\/wp-json\/wp\/v2\/media?parent=218291"}],"wp:term":[{"taxonomy":"category","embeddable":true,"href":"https:\/\/www.europesays.com\/fr\/wp-json\/wp\/v2\/categories?post=218291"},{"taxonomy":"post_tag","embeddable":true,"href":"https:\/\/www.europesays.com\/fr\/wp-json\/wp\/v2\/tags?post=218291"}],"curies":[{"name":"wp","href":"https:\/\/api.w.org\/{rel}","templated":true}]}}