{"id":218298,"date":"2025-07-01T14:02:10","date_gmt":"2025-07-01T14:02:10","guid":{"rendered":"https:\/\/www.europesays.com\/fr\/218298\/"},"modified":"2025-07-01T14:02:10","modified_gmt":"2025-07-01T14:02:10","slug":"wimbledon-coco-gauff-sur-alcaraz-jai-vu-quil-etait-a-ibiza-apres-roland-garros-je-veux-savoir-exactement-ce-quil-a-mange-ce-quil-a-bu-et-a-quelle-heure-il-sest-couche-chaque-soir","status":"publish","type":"post","link":"https:\/\/www.europesays.com\/fr\/218298\/","title":{"rendered":"Wimbledon > Coco Gauff sur Alcaraz : \u00ab\u00a0J&rsquo;ai vu qu&rsquo;il \u00e9tait \u00e0 Ibiza apr\u00e8s Roland-Garros. Je veux savoir exactement ce qu&rsquo;il a mang\u00e9, ce qu&rsquo;il a bu et \u00e0 quelle heure il s&rsquo;est couch\u00e9 chaque soir\u00a0\u00bb"},"content":{"rendered":"<p>Dans des propos relay\u00e9s par <a href=\"https:\/\/www.arabnews.com\/node\/2606429\/sport\" data-wpel-link=\"external\" target=\"_blank\" rel=\"nofollow external noopener\">Arab News<\/a> avant son entr\u00e9e en lice \u00e0 Wimbledon, Coco Gauff a \u00e9voqu\u00e9 le s\u00e9jour \u00e0 Ibiza de Carlos Alcaraz apr\u00e8s son sacre \u00e0 Roland\u2010Garros, o\u00f9 elle a \u00e9gale\u00adment \u00e9t\u00e9 titr\u00e9e.\u00a0<\/p>\n<p><strong>\u00ab\u202fJ\u2019ai vu qu\u2019il \u00e9tait \u00e0 Ibiza. Personnellement, je suis rentr\u00e9e chez moi (aux Etats\u2010Unis). Je me suis dit que l\u2019ann\u00e9e prochaine, je ferais peut\u2010\u00eatre mieux de rester de ce c\u00f4t\u00e9\u2010ci de l\u2019Atlantique et de m\u2019amuser plut\u00f4t que de retourner aux \u00c9tats\u2010Unis. Je lui en parlerai peut\u2010\u00eatre. Je veux savoir exac\u00adte\u00adment ce qu\u2019il a mang\u00e9, ce qu\u2019il a bu, \u00e0 quelle heure il s\u2019est couch\u00e9 chaque soir. Je vais lui demander comment se sont pass\u00e9s ces trois jour<\/strong><strong>s\u202f\u00bb<\/strong>, a d\u00e9clar\u00e9 en riant l\u2019Am\u00e9ricaine, qui aime\u00adrait imiter l\u2019Espagnol, vain\u00adqueur de Roland\u2010Garros et Wimbledon \u00e0 la suite l\u2019an dernier.\u00a0<\/p>\n<p class=\"post-published-date\" style=\"color: silver; font-size: 75%; text-align: left;\">Publi\u00e9 le mardi 1 juillet 2025 \u00e0 14:42<\/p>\n","protected":false},"excerpt":{"rendered":"Dans des propos relay\u00e9s par Arab News avant son entr\u00e9e en lice \u00e0 Wimbledon, Coco Gauff a \u00e9voqu\u00e9&hellip;\n","protected":false},"author":2,"featured_media":154390,"comment_status":"","ping_status":"","sticky":false,"template":"","format":"standard","meta":{"footnotes":""},"categories":[1415],"tags":[1744,1011,27,60,1467],"class_list":{"0":"post-218298","1":"post","2":"type-post","3":"status-publish","4":"format-standard","5":"has-post-thumbnail","7":"category-tennis","8":"tag-alcaraz","9":"tag-fr","10":"tag-france","11":"tag-sports","12":"tag-tennis"},"share_on_mastodon":{"url":"https:\/\/pubeurope.com\/@fr\/114778350736454739","error":""},"_links":{"self":[{"href":"https:\/\/www.europesays.com\/fr\/wp-json\/wp\/v2\/posts\/218298","targetHints":{"allow":["GET"]}}],"collection":[{"href":"https:\/\/www.europesays.com\/fr\/wp-json\/wp\/v2\/posts"}],"about":[{"href":"https:\/\/www.europesays.com\/fr\/wp-json\/wp\/v2\/types\/post"}],"author":[{"embeddable":true,"href":"https:\/\/www.europesays.com\/fr\/wp-json\/wp\/v2\/users\/2"}],"replies":[{"embeddable":true,"href":"https:\/\/www.europesays.com\/fr\/wp-json\/wp\/v2\/comments?post=218298"}],"version-history":[{"count":0,"href":"https:\/\/www.europesays.com\/fr\/wp-json\/wp\/v2\/posts\/218298\/revisions"}],"wp:featuredmedia":[{"embeddable":true,"href":"https:\/\/www.europesays.com\/fr\/wp-json\/wp\/v2\/media\/154390"}],"wp:attachment":[{"href":"https:\/\/www.europesays.com\/fr\/wp-json\/wp\/v2\/media?parent=218298"}],"wp:term":[{"taxonomy":"category","embeddable":true,"href":"https:\/\/www.europesays.com\/fr\/wp-json\/wp\/v2\/categories?post=218298"},{"taxonomy":"post_tag","embeddable":true,"href":"https:\/\/www.europesays.com\/fr\/wp-json\/wp\/v2\/tags?post=218298"}],"curies":[{"name":"wp","href":"https:\/\/api.w.org\/{rel}","templated":true}]}}