{"id":218309,"date":"2025-07-01T14:09:11","date_gmt":"2025-07-01T14:09:11","guid":{"rendered":"https:\/\/www.europesays.com\/fr\/218309\/"},"modified":"2025-07-01T14:09:11","modified_gmt":"2025-07-01T14:09:11","slug":"oloron-le-festival-photo-du-club-messier-celebre-70-ans-dimages-au-chateau-ribere","status":"publish","type":"post","link":"https:\/\/www.europesays.com\/fr\/218309\/","title":{"rendered":"Oloron\u00a0: le festival photo du club Messier c\u00e9l\u00e8bre 70\u00a0ans d\u2019images au ch\u00e2teau Rib\u00e8re"},"content":{"rendered":"<p>76 clich\u00e9s ont \u00e9t\u00e9 expos\u00e9s en ext\u00e9rieur et plus de 200&#8230;<\/p>\n<p>76 clich\u00e9s ont \u00e9t\u00e9 expos\u00e9s en ext\u00e9rieur et plus de 200 dans le b\u00e2timent abritant les courts de tennis couverts. \u00ab\u00a0C\u2019est la premi\u00e8re fois dans le d\u00e9partement qu\u2019un salon r\u00e9unit quatre photos clubs\u00a0\u00bb, s\u2019est f\u00e9licit\u00e9 le pr\u00e9sident de l\u2019association organisatrice Jean-Marie Pontacq.<\/p>\n<p>    La r\u00e9daction vous conseille<\/p>\n<p>Les photographes amateurs de Messier, de l\u2019Espace partag\u00e9 num\u00e9rique de Juran\u00e7on, de l\u2019Oeil du N\u00e9ez de R\u00e9b\u00e9nacq et des Arts Mateurs d\u2019Oloron ont ainsi pu faire d\u00e9couvrir au public leurs clich\u00e9s lors de ce festival.<\/p>\n<p>Co-pr\u00e9sident des Arts Mateurs, Bernard Dufrene a \u00e9t\u00e9 s\u00e9duit par cette id\u00e9e de rapprocher les quatre clubs\u00a0: \u00ab\u00a0Nous allons discuter de la suite \u00e0 donner \u00e0 cette premi\u00e8re\u00a0\u00bb. \u00ab\u00a0Le Photo club de Mourenx pourrait aussi faire partie de l\u2019aventure\u00a0\u00bb, assure Jean-Marie Pontacq.<\/p>\n<p>    La r\u00e9daction vous conseille<\/p>\n<p>En plus des diff\u00e9rentes expositions, le festival a propos\u00e9 des animations musicales avec la section brass band de l\u2019Harmonie municipale d\u2019Oloron et la chorale Choeur \u00e0 c\u0153ur.<\/p>\n<p>\u00ab\u00a0Notre objectif \u00e9tait avant tout que les gens passent un bon moment. Nous avons voulu marquer le coup pour ce 70e anniversaire et ce festival de la photographie \u00e9tait exceptionnel\u00a0\u00bb, s\u2019est r\u00e9joui Jean-Marie Pontacq. \u00ab\u00a0Les anciens nous ont l\u00e9gu\u00e9 un outil extraordinaire\u00a0: \u00e0 nous de faire perdurer cet h\u00e9ritage\u00a0\u00bb. La prochaine r\u00e9union mensuelle de l\u2019association aura lieu le 4\u00a0juillet de 18h \u00e0 20h au ch\u00e2teau Rib\u00e8re.<\/p>\n","protected":false},"excerpt":{"rendered":"76 clich\u00e9s ont \u00e9t\u00e9 expos\u00e9s en ext\u00e9rieur et plus de 200&#8230; 76 clich\u00e9s ont \u00e9t\u00e9 expos\u00e9s en ext\u00e9rieur&hellip;\n","protected":false},"author":2,"featured_media":218310,"comment_status":"","ping_status":"","sticky":false,"template":"","format":"standard","meta":{"footnotes":""},"categories":[1358],"tags":[1348,1384,1385,1386,58,59,1011,27],"class_list":{"0":"post-218309","1":"post","2":"type-post","3":"status-publish","4":"format-standard","5":"has-post-thumbnail","7":"category-arts-et-design","8":"tag-arts","9":"tag-arts-and-design","10":"tag-arts-et-design","11":"tag-design","12":"tag-divertissement","13":"tag-entertainment","14":"tag-fr","15":"tag-france"},"share_on_mastodon":{"url":"https:\/\/pubeurope.com\/@fr\/114778378357884700","error":""},"_links":{"self":[{"href":"https:\/\/www.europesays.com\/fr\/wp-json\/wp\/v2\/posts\/218309","targetHints":{"allow":["GET"]}}],"collection":[{"href":"https:\/\/www.europesays.com\/fr\/wp-json\/wp\/v2\/posts"}],"about":[{"href":"https:\/\/www.europesays.com\/fr\/wp-json\/wp\/v2\/types\/post"}],"author":[{"embeddable":true,"href":"https:\/\/www.europesays.com\/fr\/wp-json\/wp\/v2\/users\/2"}],"replies":[{"embeddable":true,"href":"https:\/\/www.europesays.com\/fr\/wp-json\/wp\/v2\/comments?post=218309"}],"version-history":[{"count":0,"href":"https:\/\/www.europesays.com\/fr\/wp-json\/wp\/v2\/posts\/218309\/revisions"}],"wp:featuredmedia":[{"embeddable":true,"href":"https:\/\/www.europesays.com\/fr\/wp-json\/wp\/v2\/media\/218310"}],"wp:attachment":[{"href":"https:\/\/www.europesays.com\/fr\/wp-json\/wp\/v2\/media?parent=218309"}],"wp:term":[{"taxonomy":"category","embeddable":true,"href":"https:\/\/www.europesays.com\/fr\/wp-json\/wp\/v2\/categories?post=218309"},{"taxonomy":"post_tag","embeddable":true,"href":"https:\/\/www.europesays.com\/fr\/wp-json\/wp\/v2\/tags?post=218309"}],"curies":[{"name":"wp","href":"https:\/\/api.w.org\/{rel}","templated":true}]}}