{"id":218313,"date":"2025-07-01T14:11:12","date_gmt":"2025-07-01T14:11:12","guid":{"rendered":"https:\/\/www.europesays.com\/fr\/218313\/"},"modified":"2025-07-01T14:11:12","modified_gmt":"2025-07-01T14:11:12","slug":"plus-belle-la-vie-accueille-un-candidat-de-secret-story-a-moitie-a-poil","status":"publish","type":"post","link":"https:\/\/www.europesays.com\/fr\/218313\/","title":{"rendered":"Plus belle la vie\u00a0\u00bb accueille un candidat de \u00ab\u00a0Secret Story\u00a0\u00bb \u00e0 \u00ab\u00a0moiti\u00e9 \u00e0 poil"},"content":{"rendered":"<p>      R\u00e9sum\u00e9<\/p>\n<p>Apr\u00e8s Secret Story 12, L\u00e9o Nadler se lance dans la com\u00e9die et rejoint la s\u00e9rie culte \u00ab\u00a0Plus belle la vie\u00a0\u00bb pour incarner un jeune policier au caract\u00e8re surprenant.<\/p>\n<p>        Sommaire<\/p>\n<p>Sur TF1, rien ne se perd, rien ne se cr\u00e9er, tout se transforme. Apr\u00e8s sa participation \u00e0 <a href=\"https:\/\/www.public.fr\/alexis-secret-story-12-ses-conseils-aux-internautes-pour-gagner-100-000e-sans-rien-faire-font-polemique\" rel=\"nofollow noopener\" target=\"_blank\">Secret Story 12 en 2024<\/a>, l&rsquo;influenceur <strong>L\u00e9o Nadler s&rsquo;est trouv\u00e9 une vocation. <\/strong><\/p>\n<p>Et ce 1er juillet 2025, <strong>on va d\u00e9couvrir dans \u00ab\u00a0Plus belle la vie\u00a0\u00bb, s&rsquo;il a eu raison de devenir acteur.<\/strong> Dans les colonnes de T\u00e9l\u00e9 Loisirs, le jeune homme explique que \u00ab\u00a0participer \u00e0 Secret Story a \u00e9t\u00e9 un vrai d\u00e9clic\u00a0\u00bb. <\/p>\n<p>Il s&rsquo;est pris au jeu, apr\u00e8s avoir d\u00fb mentir pendant des semaines dans la maison des secrets. Si bien qu&rsquo;apr\u00e8s un stage au Cours Florent et  chez Pygmalion \u00e0 la Toussaint,<strong> il s&rsquo;est lanc\u00e9. <\/strong><\/p>\n<p>L\u00e9o Nadler de Secret Story devient acteur<\/p>\n<p>Il a pass\u00e9 \u00ab\u00a0une dizaine de castings\u00a0\u00bb, dit-il, \u00ab\u00a0notamment pour Tout pour la lumi\u00e8re\u00a0\u00bb. Et d&rsquo;ajouter : <strong>\u00ab\u00a0Pour Plus belle la vie, j\u2019avais auditionn\u00e9 pour un autre projet&#8230; et finalement, on m\u2019a rappel\u00e9 pour ce r\u00f4le\u00a0\u00bb<\/strong>.<\/p>\n<p>L\u00e9o Nadler n&rsquo;arrive pas les mains dans les poches pour jouer Esteban, ce \u00ab\u00a0jeune flic originaire de Bayonne qui d\u00e9barque \u00e0 Marseille\u00a0\u00bb et va \u00ab\u00a0vivre une histoire avec Vadim\u00a0\u00bb. <\/p>\n<p>Cette s\u00e9rie culte, <strong>il la regardait d\u00e9j\u00e0 quand il avait 12 ans et qu&rsquo;il \u00e9tait au coll\u00e8ge. <\/strong>Alors quand il a <a href=\"https:\/\/vsd.fr\/37022-laurent-kerusore-reagit-au-retour-de-plus-belle-la-vie-sur-tf1\/\" rel=\"nofollow noopener\" target=\"_blank\">rencontr\u00e9 Laurent Kerusor\u00e9, en chair et en os<\/a>, \u00ab\u00a0l\u2019incontournable Thomas\u00a0\u00bb, dit-il, il a forc\u00e9ment \u00e9t\u00e9 tr\u00e8s intimid\u00e9.<\/p>\n<p>Mais heureusement pas suffisamment pour tourner les talons, en tout cas ! En effet, L\u00e9o Nadler \u00e9voque son premier jour de tournage, avec humour dans les colonnes de l&rsquo;hebdomadaire.<\/p>\n<p>Sa sc\u00e8ne hot avec L\u00e9o Mazo<\/p>\n<p>Il interpr\u00e8te Esteban, un homme \u00e0 l&rsquo;apparence<strong> \u00ab\u00a0un peu dure, tr\u00e8s s\u00fbre de lui\u00a0\u00bb. <\/strong>\u00ab\u00a0Mais en r\u00e9alit\u00e9, c\u2019est un vrai petit agneau. Il est tout mignon\u00a0\u00bb, dit-il.<\/p>\n<p>Et il balance : \u00ab\u00a0<strong>je me suis retrouv\u00e9 \u00e0 moiti\u00e9 \u00e0 poil, <\/strong>en train de faire des pompes et de rouler une grosse galoche \u00e0 L\u00e9o Mazo, qui joue Vadim\u00a0\u00bb.<\/p>\n<p>Il assure : \u00ab\u00a0Je suis rentr\u00e9 dans le vif du sujet d\u00e8s le d\u00e9part. J\u2019appr\u00e9hendais un peu, mais au final, je ne me suis pas senti si intimid\u00e9. <strong>J\u2019aime bien les sc\u00e8nes de s\u00e9duction\u00a0\u00bb.<\/strong><\/p>\n<p>      Mentionn\u00e9s dans cet article<\/p>\n<p>\u00c0 lire aussi<\/p>\n","protected":false},"excerpt":{"rendered":"R\u00e9sum\u00e9 Apr\u00e8s Secret Story 12, L\u00e9o Nadler se lance dans la com\u00e9die et rejoint la s\u00e9rie culte \u00ab\u00a0Plus&hellip;\n","protected":false},"author":2,"featured_media":218314,"comment_status":"","ping_status":"","sticky":false,"template":"","format":"standard","meta":{"footnotes":""},"categories":[1356],"tags":[58,59,1011,27,1368,29901,17398,252,199,1364],"class_list":{"0":"post-218313","1":"post","2":"type-post","3":"status-publish","4":"format-standard","5":"has-post-thumbnail","7":"category-television","8":"tag-divertissement","9":"tag-entertainment","10":"tag-fr","11":"tag-france","12":"tag-plus-belle-la-vie","13":"tag-secret-story","14":"tag-serie-televisee","15":"tag-television","16":"tag-tf1","17":"tag-tv"},"share_on_mastodon":{"url":"https:\/\/pubeurope.com\/@fr\/114778386240338926","error":""},"_links":{"self":[{"href":"https:\/\/www.europesays.com\/fr\/wp-json\/wp\/v2\/posts\/218313","targetHints":{"allow":["GET"]}}],"collection":[{"href":"https:\/\/www.europesays.com\/fr\/wp-json\/wp\/v2\/posts"}],"about":[{"href":"https:\/\/www.europesays.com\/fr\/wp-json\/wp\/v2\/types\/post"}],"author":[{"embeddable":true,"href":"https:\/\/www.europesays.com\/fr\/wp-json\/wp\/v2\/users\/2"}],"replies":[{"embeddable":true,"href":"https:\/\/www.europesays.com\/fr\/wp-json\/wp\/v2\/comments?post=218313"}],"version-history":[{"count":0,"href":"https:\/\/www.europesays.com\/fr\/wp-json\/wp\/v2\/posts\/218313\/revisions"}],"wp:featuredmedia":[{"embeddable":true,"href":"https:\/\/www.europesays.com\/fr\/wp-json\/wp\/v2\/media\/218314"}],"wp:attachment":[{"href":"https:\/\/www.europesays.com\/fr\/wp-json\/wp\/v2\/media?parent=218313"}],"wp:term":[{"taxonomy":"category","embeddable":true,"href":"https:\/\/www.europesays.com\/fr\/wp-json\/wp\/v2\/categories?post=218313"},{"taxonomy":"post_tag","embeddable":true,"href":"https:\/\/www.europesays.com\/fr\/wp-json\/wp\/v2\/tags?post=218313"}],"curies":[{"name":"wp","href":"https:\/\/api.w.org\/{rel}","templated":true}]}}