{"id":218332,"date":"2025-07-01T14:21:14","date_gmt":"2025-07-01T14:21:14","guid":{"rendered":"https:\/\/www.europesays.com\/fr\/218332\/"},"modified":"2025-07-01T14:21:14","modified_gmt":"2025-07-01T14:21:14","slug":"bonne-nouvelle-pour-le-bayern-avant-daffronter-le-psg","status":"publish","type":"post","link":"https:\/\/www.europesays.com\/fr\/218332\/","title":{"rendered":"Bonne nouvelle pour le Bayern avant d&rsquo;affronter le PSG"},"content":{"rendered":"<p><img width=\"700\" height=\"350\" src=\"https:\/\/www.europesays.com\/fr\/wp-content\/uploads\/2025\/07\/Coman-Zaire-Emery.jpg\" class=\"attachment-jannah-image-post size-jannah-image-post wp-post-image\" alt=\"Coman Za\u00efre Emery\" is_main_img=\"1\" decoding=\"async\" fetchpriority=\"high\"  \/><br \/>\n Image :<br \/>\nB.Papon\/L&rsquo;Equipe<\/p>\n<p>Incertain pour le quart de finale de Coupe du monde des<br \/>\nclubs entre le PSG et le Bayern Munich ce samedi, Kingsley Coman<br \/>\nsera finalement apte pour affronter son ancien club.<\/p>\n<p>Les quarts de finale de la <strong>Coupe du monde des<br \/>\nclubs<\/strong> vont offrir un beau choc europ\u00e9en entre le<br \/>\n<strong>PSG<\/strong> et le <strong>Bayern Munich<\/strong>. Depuis<br \/>\n2017-2018, les deux formations se sont d\u00e9j\u00e0 affront\u00e9es \u00e0 huit<br \/>\nreprises. La derni\u00e8re confrontation remonte \u00e0 novembre dernier avec<br \/>\nune victoire des Bavarois face aux Rouge &amp; Bleu (1-0). Et pour<br \/>\ncette rencontre au sommet, <strong>Luis Enrique<\/strong> devrait<br \/>\ncompter sur la quasi-totalit\u00e9 de son effectif, seul <strong>Presnel<br \/>\nKimpembe<\/strong> ne participe pas aux s\u00e9ances collectives. En<br \/>\nface, l\u2019entra\u00eeneur <strong>Vincent Kompany<\/strong> devra faire<br \/>\nsans <strong><a href=\"https:\/\/canal-supporters.com\/cdm-des-clubs-le-bayern-munich-perd-un-joueur-avant-le-1-4-de-finale-face-au-psg\/\" title=\"\" target=\"_blank\" rel=\"noopener\">Leroy San\u00e9<\/a><\/strong>, qui n\u2019est officiellement plus un<br \/>\njoueur du <strong>Bayern Munich<\/strong> depuis ce 1er juillet.<\/p>\n<p>Retour \u00e0<br \/>\nl\u2019entra\u00eenement ce mercredi pour Coman<\/p>\n<p>En revanche, il pourra compter sur la pr\u00e9sence de son autre<br \/>\nailier, <strong>Kingsley Coman<\/strong>. Sorti sur blessure lors de<br \/>\nla victoire face \u00e0 <strong>Flamengo<\/strong> (4-2) apr\u00e8s une<br \/>\ndouleur \u00e0 la cuisse gauche, le joueur form\u00e9 au <strong>PSG<\/strong><br \/>\nsera finalement apte pour affronter son club formateur, comme le<br \/>\nrapporte le journaliste de <strong>Sky Sport<\/strong>,<br \/>\n<strong><a href=\"https:\/\/x.com\/kerry_hau\/status\/1939744085675528502\" target=\"_blank\" rel=\"noopener\" title=\"\">Kerry Hau<\/a><\/strong>.<br \/>\nL\u2019international fran\u00e7ais aurait re\u00e7u le feu vert du staff m\u00e9dical<br \/>\npour reprendre l\u2019entra\u00eenement collectif ce mercredi, apr\u00e8s la<br \/>\njourn\u00e9e de repos accord\u00e9e par <strong><a href=\"https:\/\/canal-supporters.com\/vincent-kompany-nous-connaissons-tous-le-psg-mais-pour-nous-ca-ne-change-rien-nous-voulons-gagner\/\" title=\"\" target=\"_blank\" rel=\"noopener\">Vincent Kompany<\/a><\/strong>. Une bonne nouvelle pour le<br \/>\n<strong>Bayern Munich<\/strong> \u00e0 J-4 du match face aux champions<br \/>\nd\u2019Europe (samedi \u00e0 18h, heure fran\u00e7aise, sur DAZN).<\/p>\n<\/p>\n<p>Youtube :<br \/>\n<strong><a href=\"https:\/\/www.youtube.com\/@CanalSupportersParis\" target=\"_blank\" rel=\"noopener\" title=\"\">Canal Supporters<br \/>\nParis<\/a><\/strong><\/p>\n","protected":false},"excerpt":{"rendered":"Image : B.Papon\/L&rsquo;Equipe Incertain pour le quart de finale de Coupe du monde des clubs entre le PSG&hellip;\n","protected":false},"author":2,"featured_media":218333,"comment_status":"","ping_status":"","sticky":false,"template":"","format":"standard","meta":{"footnotes":""},"categories":[2],"tags":[11,81,35773,7151,787,1011,27,4783,12,91,92,93,35774,5573,96],"class_list":{"0":"post-218332","1":"post","2":"type-post","3":"status-publish","4":"format-standard","5":"has-post-thumbnail","7":"category-actualites","8":"tag-actualites","9":"tag-canal-supporters","10":"tag-coman-psg","11":"tag-coupe-du-monde-des-clubs","12":"tag-cs","13":"tag-fr","14":"tag-france","15":"tag-kingsley-coman","16":"tag-news","17":"tag-paris-saint-germain","18":"tag-paris-sg","19":"tag-psg","20":"tag-psg-bayern-munich","21":"tag-quarts-de-finale","22":"tag-une"},"share_on_mastodon":{"url":"https:\/\/pubeurope.com\/@fr\/114778425524357850","error":""},"_links":{"self":[{"href":"https:\/\/www.europesays.com\/fr\/wp-json\/wp\/v2\/posts\/218332","targetHints":{"allow":["GET"]}}],"collection":[{"href":"https:\/\/www.europesays.com\/fr\/wp-json\/wp\/v2\/posts"}],"about":[{"href":"https:\/\/www.europesays.com\/fr\/wp-json\/wp\/v2\/types\/post"}],"author":[{"embeddable":true,"href":"https:\/\/www.europesays.com\/fr\/wp-json\/wp\/v2\/users\/2"}],"replies":[{"embeddable":true,"href":"https:\/\/www.europesays.com\/fr\/wp-json\/wp\/v2\/comments?post=218332"}],"version-history":[{"count":0,"href":"https:\/\/www.europesays.com\/fr\/wp-json\/wp\/v2\/posts\/218332\/revisions"}],"wp:featuredmedia":[{"embeddable":true,"href":"https:\/\/www.europesays.com\/fr\/wp-json\/wp\/v2\/media\/218333"}],"wp:attachment":[{"href":"https:\/\/www.europesays.com\/fr\/wp-json\/wp\/v2\/media?parent=218332"}],"wp:term":[{"taxonomy":"category","embeddable":true,"href":"https:\/\/www.europesays.com\/fr\/wp-json\/wp\/v2\/categories?post=218332"},{"taxonomy":"post_tag","embeddable":true,"href":"https:\/\/www.europesays.com\/fr\/wp-json\/wp\/v2\/tags?post=218332"}],"curies":[{"name":"wp","href":"https:\/\/api.w.org\/{rel}","templated":true}]}}