{"id":218353,"date":"2025-07-01T14:34:10","date_gmt":"2025-07-01T14:34:10","guid":{"rendered":"https:\/\/www.europesays.com\/fr\/218353\/"},"modified":"2025-07-01T14:34:10","modified_gmt":"2025-07-01T14:34:10","slug":"le-lac-de-la-villeneuve-vide-et-potentiellement-contamine","status":"publish","type":"post","link":"https:\/\/www.europesays.com\/fr\/218353\/","title":{"rendered":"Le lac de la Villeneuve, vid\u00e9 et potentiellement contamin\u00e9"},"content":{"rendered":"<p>La ville de <a href=\"https:\/\/www.20minutes.fr\/grenoble\/\" class=\"color-ultramarine c-link\" rel=\"nofollow noopener\" target=\"_blank\">Grenoble<\/a> (<a href=\"https:\/\/www.20minutes.fr\/societe\/isere\/\" class=\"color-ultramarine c-link\" rel=\"nofollow noopener\" target=\"_blank\">Is\u00e8re<\/a>) a d\u00e9cid\u00e9 de vider le lac de la Villeneuve, dimanche, afin de proc\u00e9der \u00e0 des analyses sur l\u2019eau. Selon <a href=\"https:\/\/actu.fr\/auvergne-rhone-alpes\/grenoble_38185\/grenoble-pourquoi-ce-lac-prise-par-les-habitants-a-ete-vide-en-pleine-canicule_62844269.html\" class=\"color-ultramarine c-link\" rel=\"nofollow noopener\" target=\"_blank\">Actu.fr<\/a>, le point d\u2019eau n\u2019est plus accessible, en raison d\u2019un risque potentiel de contamination de l\u2019eau aux cyanobact\u00e9ries, plus connues sous le nom d\u2019algues bleues. Celles-ci se caract\u00e9risent par une couleur verte et des odeurs naus\u00e9abondes.<\/p>\n<p>Le lac de la Villeneuve \u00e0 Grenoble pourrait bien devenir un lieu de baignade \u00e0 l\u2019avenir, comme une piscine \u00e0 ciel ouvert, mais celle-ci est interdite \u00e0 l\u2019heure actuelle, car le lieu n\u2019est pas surveill\u00e9.<\/p>\n<p>Un point d\u2019eau appr\u00e9ci\u00e9, mais dangereux pour la sant\u00e9<\/p>\n<p>Les habitants du quartier de la Villeneuve ont pris l\u2019habitude de venir se rafra\u00eechir au bord du lac, dans le parc Jean-Verlhac. Au pied des immeubles, il est devenu un lieu de rassemblement pour les familles et les fl\u00e2neurs, surtout en p\u00e9riode de canicule. La qualit\u00e9 de l\u2019eau du lac de la Villeneuve est surveill\u00e9e m\u00eame si la baignade est interdite. La potentielle pr\u00e9sence de cyanobact\u00e9ries, au vu de certains \u00e9l\u00e9ments, inqui\u00e8te.<\/p>\n<p>La pr\u00e9fecture de l\u2019Is\u00e8re, ainsi que l\u2019Agence r\u00e9gionale de sant\u00e9, ont \u00e9t\u00e9 saisies. La vidange du bassin devrait prendre fin en d\u00e9but de semaine lorsque les toxines potentiellement dangereuses pour la sant\u00e9 des baigneurs (maux de t\u00eate, vomissements, irritations cutan\u00e9es, difficult\u00e9s respiratoires) et des <a href=\"https:\/\/www.20minutes.fr\/planete\/animaux\/\" class=\"color-ultramarine c-link\" rel=\"nofollow noopener\" target=\"_blank\">animaux<\/a> (intoxications graves, voire mortelles) seront \u00e9cart\u00e9es.<\/p>\n","protected":false},"excerpt":{"rendered":"La ville de Grenoble (Is\u00e8re) a d\u00e9cid\u00e9 de vider le lac de la Villeneuve, dimanche, afin de proc\u00e9der&hellip;\n","protected":false},"author":2,"featured_media":218354,"comment_status":"","ping_status":"","sticky":false,"template":"","format":"standard","meta":{"footnotes":""},"categories":[9566],"tags":[1111,47,11,2430,1777,674,118,1011,27,2731,108,12,1800,25,2431],"class_list":{"0":"post-218353","1":"post","2":"type-post","3":"status-publish","4":"format-standard","5":"has-post-thumbnail","7":"category-grenoble","8":"tag-actu","9":"tag-actualite","10":"tag-actualites","11":"tag-auvergne-rhone-alpes","12":"tag-eu","13":"tag-europe","14":"tag-faits-divers","15":"tag-fr","16":"tag-france","17":"tag-grenoble","18":"tag-isere","19":"tag-news","20":"tag-pollution","21":"tag-republique-francaise","22":"tag-rhone-alpes"},"share_on_mastodon":{"url":"https:\/\/pubeurope.com\/@fr\/114778476604851105","error":""},"_links":{"self":[{"href":"https:\/\/www.europesays.com\/fr\/wp-json\/wp\/v2\/posts\/218353","targetHints":{"allow":["GET"]}}],"collection":[{"href":"https:\/\/www.europesays.com\/fr\/wp-json\/wp\/v2\/posts"}],"about":[{"href":"https:\/\/www.europesays.com\/fr\/wp-json\/wp\/v2\/types\/post"}],"author":[{"embeddable":true,"href":"https:\/\/www.europesays.com\/fr\/wp-json\/wp\/v2\/users\/2"}],"replies":[{"embeddable":true,"href":"https:\/\/www.europesays.com\/fr\/wp-json\/wp\/v2\/comments?post=218353"}],"version-history":[{"count":0,"href":"https:\/\/www.europesays.com\/fr\/wp-json\/wp\/v2\/posts\/218353\/revisions"}],"wp:featuredmedia":[{"embeddable":true,"href":"https:\/\/www.europesays.com\/fr\/wp-json\/wp\/v2\/media\/218354"}],"wp:attachment":[{"href":"https:\/\/www.europesays.com\/fr\/wp-json\/wp\/v2\/media?parent=218353"}],"wp:term":[{"taxonomy":"category","embeddable":true,"href":"https:\/\/www.europesays.com\/fr\/wp-json\/wp\/v2\/categories?post=218353"},{"taxonomy":"post_tag","embeddable":true,"href":"https:\/\/www.europesays.com\/fr\/wp-json\/wp\/v2\/tags?post=218353"}],"curies":[{"name":"wp","href":"https:\/\/api.w.org\/{rel}","templated":true}]}}