{"id":218363,"date":"2025-07-01T14:39:10","date_gmt":"2025-07-01T14:39:10","guid":{"rendered":"https:\/\/www.europesays.com\/fr\/218363\/"},"modified":"2025-07-01T14:39:10","modified_gmt":"2025-07-01T14:39:10","slug":"une-grande-premiere-trois-raisons-daller-voir-la-flute-enchantee-a-nice","status":"publish","type":"post","link":"https:\/\/www.europesays.com\/fr\/218363\/","title":{"rendered":"\u00ab\u00a0Une grande premi\u00e8re\u00a0\u00bb: trois raisons d\u2019aller voir \u00ab\u00a0La Fl\u00fbte enchant\u00e9e\u00a0\u00bb \u00e0 Nice"},"content":{"rendered":"<p>                                1. Une grande premi\u00e8re<\/p>\n<p>\u00ab\u00a0C\u2019est une joie immense et un challenge de cr\u00e9er, en seulement 3 jours de r\u00e9p\u00e9titions, une version sp\u00e9ciale jeunes talents made in Nice de cet ouvrage ind\u00e9modable qu\u2019est La Fl\u00fbte enchant\u00e9e de Mozart. Afin de mettre en lumi\u00e8re l\u2019excellence des musiciens et chanteurs de notre territoire ainsi que l\u2019enseignement des professeurs de toutes les disciplines de notre conservatoire de r\u00e9gion (CNRR). Une grande premi\u00e8re\u00a0\u00bb, explique la soprano ni\u00e7oise Elizabeth Vidal, en charge de conception artistique et de la mise en sc\u00e8ne de l\u2019\u0153uvre.<\/p>\n<p>2. Des chefs d\u2019orchestres prodiges et la valorisation de la Diacosmie<\/p>\n<p>\u00ab\u00a0L\u2019orchestre de jeunes de la soir\u00e9e sera dirig\u00e9 par des chefs d\u2019orchestre de la classe d\u2019Arnaud Pairier dont la jeune Juliette Nounay, 13 ans et Matt Attard, 16 ans. 70 talents de tous les d\u00e9partements du Conservatoire cr\u00e9eront ainsi leur version de cet ouvrage. Pour donner vie \u00e0 cette interpr\u00e9tation, j\u2019ai pu choisir en toute libert\u00e9 des pi\u00e8ces de costumes rares \u2013 qui n\u2019ont parfois plus vu la lumi\u00e8re depuis 30 ans! \u2013 \u00e0 la Diacosmie de l\u2019Op\u00e9ra de Nice. Une caverne d\u2019Ali Baba unique en France.\u00a0\u00bb<\/p>\n<p>3. Une mise en sc\u00e8ne originale<\/p>\n<p>\u00ab\u00a0C\u00f4t\u00e9 mise en sc\u00e8ne, j\u2019avais \u00e0 c\u0153ur de faire ressortir l\u2019id\u00e9e que l\u2019\u00e2me est descendue sur Terre pour apporter la musique. C\u2019est la raison pour laquelle le spectacle s\u2019ouvre sur un ange qui descend dans le public. Avec un petit gar\u00e7on auquel il montre ce qu\u2019est un orchestre. Un artiste de 8 ans, musicien et danseur du Conservatoire, merveilleux. Il d\u00e9couvre chaque instrument et se met \u00e0 \u00e9crire de la musique. L\u2019ange se transforme en d\u00e9mon, celui qui attaque le prince Taormino. Dans les versions classiques, il appara\u00eet soit sous la forme d\u2019un dragon chinois, soit d\u2019un prince. J\u2019en ai fait un minotaure. Le spectacle est en outre mont\u00e9 avec une succession de sc\u00e8nes vid\u00e9o.\u00a0\u00bb\u00a0<\/p>\n<p><strong>Savoir+<\/strong><\/p>\n<p>Mardi 1er juillet \u00e0 18h30. Conservatoire de Nice. Gratuit. Vendredi 4 juillet \u00e0 20h30. Falicon. 15 euros.<\/p>\n","protected":false},"excerpt":{"rendered":"1. Une grande premi\u00e8re \u00ab\u00a0C\u2019est une joie immense et un challenge de cr\u00e9er, en seulement 3 jours de&hellip;\n","protected":false},"author":2,"featured_media":218364,"comment_status":"","ping_status":"","sticky":false,"template":"","format":"standard","meta":{"footnotes":""},"categories":[2819],"tags":[1111,11,4156,251,1777,674,1011,27,12,2401,882,25],"class_list":{"0":"post-218363","1":"post","2":"type-post","3":"status-publish","4":"format-standard","5":"has-post-thumbnail","7":"category-nice","8":"tag-actu","9":"tag-actualites","10":"tag-concerts","11":"tag-culture","12":"tag-eu","13":"tag-europe","14":"tag-fr","15":"tag-france","16":"tag-news","17":"tag-nice","18":"tag-provence-alpes-cote-dazur","19":"tag-republique-francaise"},"share_on_mastodon":{"url":"https:\/\/pubeurope.com\/@fr\/114778496290530929","error":""},"_links":{"self":[{"href":"https:\/\/www.europesays.com\/fr\/wp-json\/wp\/v2\/posts\/218363","targetHints":{"allow":["GET"]}}],"collection":[{"href":"https:\/\/www.europesays.com\/fr\/wp-json\/wp\/v2\/posts"}],"about":[{"href":"https:\/\/www.europesays.com\/fr\/wp-json\/wp\/v2\/types\/post"}],"author":[{"embeddable":true,"href":"https:\/\/www.europesays.com\/fr\/wp-json\/wp\/v2\/users\/2"}],"replies":[{"embeddable":true,"href":"https:\/\/www.europesays.com\/fr\/wp-json\/wp\/v2\/comments?post=218363"}],"version-history":[{"count":0,"href":"https:\/\/www.europesays.com\/fr\/wp-json\/wp\/v2\/posts\/218363\/revisions"}],"wp:featuredmedia":[{"embeddable":true,"href":"https:\/\/www.europesays.com\/fr\/wp-json\/wp\/v2\/media\/218364"}],"wp:attachment":[{"href":"https:\/\/www.europesays.com\/fr\/wp-json\/wp\/v2\/media?parent=218363"}],"wp:term":[{"taxonomy":"category","embeddable":true,"href":"https:\/\/www.europesays.com\/fr\/wp-json\/wp\/v2\/categories?post=218363"},{"taxonomy":"post_tag","embeddable":true,"href":"https:\/\/www.europesays.com\/fr\/wp-json\/wp\/v2\/tags?post=218363"}],"curies":[{"name":"wp","href":"https:\/\/api.w.org\/{rel}","templated":true}]}}