{"id":218369,"date":"2025-07-01T14:42:09","date_gmt":"2025-07-01T14:42:09","guid":{"rendered":"https:\/\/www.europesays.com\/fr\/218369\/"},"modified":"2025-07-01T14:42:09","modified_gmt":"2025-07-01T14:42:09","slug":"le-fc-nantes-dit-au-revoir-au-french-paul-scholes-france-nantes","status":"publish","type":"post","link":"https:\/\/www.europesays.com\/fr\/218369\/","title":{"rendered":"Le FC Nantes dit au revoir au \u00ab\u202fFrench Paul Scholes\u202f\u00bb &#8211; France &#8211; Nantes"},"content":{"rendered":"<p>Surnom de l\u00e9gende.<\/p>\n<p><a target=\"_blank\" href=\"https:\/\/www.sofoot.com\/breves\/le-defenseur-serbe-uros-radakovic-signe-au-fc-nantes\" rel=\"nofollow noopener\">C\u2019est la fin d\u2019une \u00e8re au FC Nantes<\/a>, qui a d\u00e9j\u00e0 enregistr\u00e9 les d\u00e9parts de Nicolas Pallois, Pedro Chirivella ou encore Moses Simon. <strong>Les Canaris ont ce mardi officialis\u00e9 la fin de leur collaboration avec Marcus Coco et surtout <\/strong><strong>\u00ab\u202fThe French Paul Scholes\u202f\u00bb<\/strong>,\u00a0qui n\u2019est autre que Florent Mollet.<\/p>\n<p>Le sosie non officiel de l\u2019ancienne l\u00e9gende de Manchester United n\u2019aura pas non plus marqu\u00e9 les esprits chez les Nantais, vivant notamment la finale de Coupe de France perdue contre Toulouse et plantant sept buts en 66 apparitions.<\/p>\n<blockquote class=\"twitter-tweet\">\n<p lang=\"fr\" dir=\"ltr\">Florent Mollet quitte le FC Nantes. Le Club tient \u00e0 le remercier pour ces trois saisons sous les couleurs nantaises.<br \/>\nBonne chance pour la suite Florent.<\/p>\n<p>\u2014 FC Nantes (@FCNantes) <a target=\"_blank\" href=\"https:\/\/twitter.com\/FCNantes\/status\/1940026025507004468?ref_src=twsrc%5Etfw\" rel=\"nofollow noopener\">July 1, 2025<\/a><\/p><\/blockquote>\n<p>\u00c0 33 ans, Mollet va donc devoir se trouver un nouveau challenge avec ses 230 matchs en Ligue 1 dans ses bagages et son CV qui l\u2019a vu \u00e9cumer Dijon, Cr\u00e9teil, Metz, Montpellier et donc Nantes, avec une parenth\u00e8se d\u2019une saison avec Schalke 04, en Allemagne.<\/p>\n<p>Qui ne r\u00eave pas de le revoir en Moselle pour former un duo de r\u00eave avec Gauthier Hein,\u00a0The French Arjen Robben\u00a0!<\/p>\n<p>\t\t\t\t\t\t\t\t\t\t<a class=\"lien-connexe\" href=\"https:\/\/www.sofoot.com\/breves\/le-defenseur-serbe-uros-radakovic-signe-au-fc-nantes\" rel=\"nofollow noopener\" target=\"_blank\">Un d\u00e9fenseur central signe au FC Nantes<\/a>\t\t\t\t\t<script async src=\"https:\/\/platform.twitter.com\/widgets.js\" charset=\"utf-8\"><\/script><\/p>\n","protected":false},"excerpt":{"rendered":"Surnom de l\u00e9gende. C\u2019est la fin d\u2019une \u00e8re au FC Nantes, qui a d\u00e9j\u00e0 enregistr\u00e9 les d\u00e9parts de&hellip;\n","protected":false},"author":2,"featured_media":218370,"comment_status":"","ping_status":"","sticky":false,"template":"","format":"standard","meta":{"footnotes":""},"categories":[2818],"tags":[1111,47,11,61,69,65,64,1777,674,63,1011,27,68,66,766,12,62,2636,70,25,67],"class_list":{"0":"post-218369","1":"post","2":"type-post","3":"status-publish","4":"format-standard","5":"has-post-thumbnail","7":"category-nantes","8":"tag-actu","9":"tag-actualite","10":"tag-actualites","11":"tag-actus-football","12":"tag-bundesliga","13":"tag-championnats-europeens","14":"tag-equipe-de-france","15":"tag-eu","16":"tag-europe","17":"tag-football","18":"tag-fr","19":"tag-france","20":"tag-ligua","21":"tag-ligue-1","22":"tag-nantes","23":"tag-news","24":"tag-news-foot","25":"tag-pays-de-la-loire","26":"tag-premier-league","27":"tag-republique-francaise","28":"tag-serie-a"},"share_on_mastodon":{"url":"https:\/\/pubeurope.com\/@fr\/114778508127901565","error":""},"_links":{"self":[{"href":"https:\/\/www.europesays.com\/fr\/wp-json\/wp\/v2\/posts\/218369","targetHints":{"allow":["GET"]}}],"collection":[{"href":"https:\/\/www.europesays.com\/fr\/wp-json\/wp\/v2\/posts"}],"about":[{"href":"https:\/\/www.europesays.com\/fr\/wp-json\/wp\/v2\/types\/post"}],"author":[{"embeddable":true,"href":"https:\/\/www.europesays.com\/fr\/wp-json\/wp\/v2\/users\/2"}],"replies":[{"embeddable":true,"href":"https:\/\/www.europesays.com\/fr\/wp-json\/wp\/v2\/comments?post=218369"}],"version-history":[{"count":0,"href":"https:\/\/www.europesays.com\/fr\/wp-json\/wp\/v2\/posts\/218369\/revisions"}],"wp:featuredmedia":[{"embeddable":true,"href":"https:\/\/www.europesays.com\/fr\/wp-json\/wp\/v2\/media\/218370"}],"wp:attachment":[{"href":"https:\/\/www.europesays.com\/fr\/wp-json\/wp\/v2\/media?parent=218369"}],"wp:term":[{"taxonomy":"category","embeddable":true,"href":"https:\/\/www.europesays.com\/fr\/wp-json\/wp\/v2\/categories?post=218369"},{"taxonomy":"post_tag","embeddable":true,"href":"https:\/\/www.europesays.com\/fr\/wp-json\/wp\/v2\/tags?post=218369"}],"curies":[{"name":"wp","href":"https:\/\/api.w.org\/{rel}","templated":true}]}}