{"id":218379,"date":"2025-07-01T14:47:09","date_gmt":"2025-07-01T14:47:09","guid":{"rendered":"https:\/\/www.europesays.com\/fr\/218379\/"},"modified":"2025-07-01T14:47:09","modified_gmt":"2025-07-01T14:47:09","slug":"10-balades-gratuites-estivales-pour-feter-la-nature-et-lete","status":"publish","type":"post","link":"https:\/\/www.europesays.com\/fr\/218379\/","title":{"rendered":"10 balades gratuites estivales pour f\u00eater la nature et l\u2019\u00e9t\u00e9"},"content":{"rendered":"<p>            Par<br \/>\n        <strong><br \/>\n            <a href=\"https:\/\/actu.fr\/auteur\/amandine-vachez\" title=\"Consulter tous les articles de Amandine Vachez\" target=\"_blank\" rel=\"noopener\">Amandine Vachez<\/a><br \/>\n        <\/strong><\/p>\n<p>        Publi\u00e9 le<\/p>\n<p>            1 juil. 2025 \u00e0 16h34        <\/p>\n<p>Chaque \u00e9t\u00e9, la M\u00e9tropole Europ\u00e9enne de <a href=\"https:\/\/actu.fr\/lille\/\" target=\"_blank\" rel=\"noopener\">Lille<\/a> (Nord) propose des sorties th\u00e9matiques, pour mettre en valeur ses <b>espaces naturels<\/b>, autour de th\u00e9matiques vari\u00e9es. En<b> juillet\u00a02025, 10 nouvelles balades gratuites<\/b> \u00ab\u2009pour f\u00eater la nature et le d\u00e9but de l\u2019\u00e9t\u00e9\u2009\u00bb sont au programme. Ce qui vous attend.<\/p>\n<p>\u00ab\u2009Quand la nature devient sc\u00e8ne\u2009\u00bb<\/p>\n<p class=\" wall-content\">Le fil rouge des animations de l\u2019ann\u00e9e est guid\u00e9 par la saison de lille3000, \u00ab\u2009Fiesta\u2009\u00bb, plus pr\u00e9cis\u00e9ment \u00ab\u2009quand la Nature devient sc\u00e8ne\u2009\u00bb, pour le programme estival. Des sorties gratuites qui \u00ab\u2009permettent d\u2019observer et mieux comprendre la faune et la flore locales dans une ambiance musicale, festive et conviviale\u2009\u00bb, ajoute la MEL.<\/p>\n<p class=\" wall-content\">Voici le programme de juillet\u2009:<\/p>\n<ul class=\" wall-content\">\n<li><b>Mercredi 2\u00a0juillet \u00e0 Quesnoy-sur-De\u00fble \u2013 \u00ab\u2009La java bleue\u2009\u00bb (th\u00e8me Fiesta)<br \/><\/b>Comme le dit la chanson\u2009: \u00ab\u2009C\u2019est la java bleue, la java la plus belle, celle qui ensorcelle\u2026\u2009\u00bb Une balade de 2\u2009h pour se laisser emporter par la rivi\u00e8re De\u00fble et la valse \u00e0 mille plantes qu\u2019offrent ses berges, ses lagunes et ses bras morts.<br \/>Rendez-vous\u2009: \u00e0 14\u2009h \u00e0 la Halte nautique, all\u00e9e des \u00c9treindelles \u00e0 Quesnoy-sur-De\u00fble. Dur\u00e9e\u2009: 2\u2009h, tout public. Contact Conservatoire botanique national de Bailleul\u2009: 03 28 49 00. 83.<\/li>\n<\/ul>\n<ul class=\" wall-content\">\n<li><b>Lundi 7\u00a0juillet \u00e0 Fretin \u2013 \u00ab\u2009Avec les odonates, on s\u2019\u00e9clate\u2009\u00bb<\/b><br \/>Une balade pour partir \u00e0 la recherche des merveilles ail\u00e9es de la nature et d\u00e9couvrir tous leurs secrets\u2009! Apprendre \u00e0 identifier diff\u00e9rentes esp\u00e8ces tout en explorant leur cycle de vie, de la larve \u00e0 l\u2019adulte et observer leurs comportements et leurs modes de reproduction. Une balade de 2\u2009h instructive et amusante pour comprendre leur r\u00f4le essentiel dans l\u2019\u00e9cosyst\u00e8me.<br \/>Rendez-vous\u2009: \u00e0 14\u2009h au parking, impasse Marx Dormoy \u00e0 Fretin. Dur\u00e9e\u2009: 2\u2009h, tout public. Contact Lestrem Nature\u2009: 06\u200917\u200937\u200915\u200948.<\/li>\n<li><b>Mardi 8\u00a0juillet \u00e0 Don \u2013 \u00ab\u2009Secrets de plume\u2009\u00bb<\/b><br \/>Une balade pour tout savoir sur l\u2019univers des plumes\u2009: duvet, rectrices, vibrisses\u2026 Une belle occasion de d\u00e9couvrir et appr\u00e9cier la diversit\u00e9 des formes, des couleurs et des fonctions des plumes.<br \/>Rendez-vous\u2009: \u00e0 14\u2009h au parking de l\u2019\u00e9glise Immacul\u00e9e Conception, rue Fran\u00e7ois Lienard \u00e0 Don. Dur\u00e9e\u2009: 2\u2009h, tout public. Contact MEL\u2009: 06\u200982\u200973\u200923\u200908.<\/li>\n<li><b>Mercredi 9\u00a0juillet \u00e0 Quesnoy-sur-De\u00fble \u2013 \u00ab\u2009Art\u2019bres\u2009\u00bb<br \/><\/b>Au cours de cette balade, apr\u00e8s avoir identifi\u00e9 sa feuille d\u2019arbre, le public est invit\u00e9 \u00e0 laisser aller son imagination et son pinceau pour la d\u00e9corer\u2009!<br \/>Rendez-vous\u2009: \u00e0 10\u2009h devant le 211 rue de Ypres \u00e0 Quesnoy-sur-De\u00fble. Dur\u00e9e\u2009: 2\u2009h, tout public. Bon \u00e0 savoir\u2009: places limit\u00e9es, sur inscription par mail \u00e0 <a href=\"http:\/\/actu.fr\/cdn-cgi\/l\/email-protection#5035333f373122343523103c393c3c353d3524223f203f3c357e3622\" target=\"_blank\" rel=\"noopener\">[email\u00a0protected]<\/a>.<\/li>\n<li><b>Samedi 12 juillet \u00e0 Wavrin \u2013 \u00ab\u2009Collection printemps \u00e9t\u00e9\u2009: d\u00e9fil\u00e9 d\u2019insectes\u2009\u00bb<br \/><\/b>Motifs bariol\u00e9s et explosion de couleurs, les libellules, papillons et autres cr\u00e9atures \u00e0 6 pattes sauront charmer le public lors d\u2019un d\u00e9fil\u00e9 de premier choix\u2009! Et gr\u00e2ce \u00e0 l\u2019animatrice, cette balade sera l\u2019occasion d\u2019en savoir plus sur ces formidables insectes.<br \/>Rendez-vous\u2009: \u00e0 14\u2009h au parking du Marais de la Ville \u00e0 Wavrin. Dur\u00e9e\u2009: 2\u2009h, \u00e0 partir de 6 ans. Bon \u00e0 savoir\u2009: places limit\u00e9es, sur inscription par mail \u00e0 <a href=\"http:\/\/actu.fr\/cdn-cgi\/l\/email-protection#6919081c0500070c47050c1a07000c1e1a020029051906470f1b\" target=\"_blank\" rel=\"noopener\">[email\u00a0protected]<\/a>. Contact LPO\u2009: 07\u200966\u200942\u200960\u200943.<\/li>\n<li><b>Mardi 15 juillet \u00e0 Haubourdin \u2013 \u00ab\u2009Et tu chantes, chantes, chantes, ce refrain qui te pla\u00eet\u2026\u2009\u00bb<br \/><\/b>Litt\u00e9ralement, \u00ab\u2009Canteraine\u2009\u00bb signifie \u00ab\u2009la grenouille qui chante\u2009\u00bb. Et effectivement, sous le soleil, exactement, quelques m\u00e2les de grenouille verte s\u2019en donnent \u00e0 c\u0153ur joie. Ils sont accompagn\u00e9s par les pinsons, le troglodyte mignon et tous ces passereaux qui ont \u00e9lu domicile \u00e0 la Canteraine o\u00f9 la v\u00e9g\u00e9tation sauvage est reine.<br \/>Rendez-vous\u2009: \u00e0 10\u2009h au parking de l\u2019\u00e9tang de p\u00eache, au bout de la rue de la Canteraine \u00e0 Wavrin. Dur\u00e9e\u2009: 2\u2009h, tout public. Contact Conservatoire botanique national de Bailleul\u2009: 03\u200928\u200949\u200900\u200983.<\/li>\n<li><b>Mercredi 16 juillet \u00e0 Santes \u2013 \u00ab\u2009Projet X (ylophages)\u2009\u00bb\u00a0<br \/><\/b>Un arbre est une v\u00e9ritable HLM de la nature\u2009: Habitation \u00e0 Locataires Multiples. Des racines \u00e0 la cime, des dizaines d\u2019esp\u00e8ces se partagent ce lieu de vie et de ressources alimentaires. Elles se croisent et cohabitent. Cette balade pour participer \u00e0 la F\u00eate des voisins de l\u2019arbre et d\u00e9couvrir tous ses habitants\u2009!<br \/>Rendez-vous\u2009: \u00e0 18\u2009h devant le Relais Nature du Parc de la De\u00fble, 20 chemin du Halage \u00e0 Santes. Dur\u00e9e\u2009: 2\u2009h, \u00e0 partir de 6 ans. Bon \u00e0 savoir\u2009: places limit\u00e9es, sur inscription par mail \u00e0 <a href=\"http:\/\/actu.fr\/cdn-cgi\/l\/email-protection#6d1d0c18010403084301081e0304081a1e06042d011d02430b1f\" target=\"_blank\" rel=\"noopener\">[email\u00a0protected]<\/a>. Contact\u2009: 07\u200966\u200942\u200960\u200943.<\/li>\n<\/ul>\n<p>Vid\u00e9os : en ce moment sur Actu<\/p>\n<ul class=\" wall-content\">\n<li><b>Mercredi 23 juillet \u00e0 Sainghin-en-M\u00e9lantois \u2013 \u00ab\u2009Pas de festivit\u00e9s sans eux\u2009!\u2009\u00bb<br \/><\/b>Sans eux, pas grand-chose dans nos assiettes. Les pollinisateurs c\u00e9l\u00e8brent les fleurs pour notre plus grand bonheur. Papillons, syrphes, hym\u00e9nopt\u00e8res et autres pollinisateurs se pr\u00e9senteront \u00e0 nous. Une belle occasion de partir les d\u00e9couvrir.<br \/>Rendez-vous\u2009: \u00e0 14\u2009h Contour de l\u2019\u00e9glise St Nicolas \u00e0 Sainghin-en-M\u00e9lantois. Dur\u00e9e\u2009: 2\u2009h, tout public. Contact Nord Nature Environnement\u2009: 03\u200920\u200988\u200949\u200933.<\/li>\n<li><b>Jeudi 24 juillet \u00e0 Willems \u2013 \u00ab\u2009Feu d\u2019artifice des insectes\u2009\u00bb<br \/><\/b>Oh la belle rouge\u2009! Oh la belle bleue\u2009! 10\u00a0jours apr\u00e8s la F\u00eate nationale, la Nature vous invite \u00e0 son propre feu d\u2019artifice avec, au programme, des libellules, des papillons et de nombreux autres insectes tous plus beaux les uns que les autres.<br \/>Rendez-vous\u2009: \u00e0 10\u2009h au parking de la base des 6 Bonniers, 7 rue de Ch\u00e9reng \u00e0 Willems. Dur\u00e9e\u2009: 2\u2009h, tout public. Bon \u00e0 savoir\u2009: places limit\u00e9es, sur inscription par mail \u00e0 <a href=\"http:\/\/actu.fr\/cdn-cgi\/l\/email-protection#47222428202635232234072b2e2b2b222a2233352837282b22692135\" target=\"_blank\" rel=\"noopener\">[email\u00a0protected]<\/a>. Contact MEL\u2009: 06\u200983\u200905\u200959\u200993.<\/li>\n<li><b>Mardi 29 juillet \u00e0 Faches-Thumesnil \u2013 \u00ab\u2009Sacr\u00e9 ballet a\u00e9rien\u2009\u00bb<br \/><\/b>Libellules et demoiselles volent \u00e0 vive allure, mais sont \u00e9galement en capacit\u00e9 de planer, stagner sur place et m\u00eame de voler en arri\u00e8re\u2009! Au moins 14 esp\u00e8ces sont pr\u00e9sentes au-dessus de l\u2019\u00e9tang et des mares des P\u00e9riseaux. Cette balade sera l\u2019occasion d\u2019apprendre \u00e0 les reconna\u00eetre et \u00e0 d\u00e9couvrir ces insectes fascinants.<br \/>Rendez-vous\u2009: \u00e0 14\u2009h au parking de l\u2019\u00e9tang des P\u00e9riseaux, rue de Wattignies \u00e0 Faches-Thumesnil. Dur\u00e9e\u2009: 2\u2009h, tout public. Contact MEL\u2009: 06\u200982\u200973\u200923\u200908.<\/li>\n<\/ul>\n<p class=\" wall-content\">Suivez toute l\u2019actualit\u00e9 de vos villes et m\u00e9dias favoris en vous inscrivant \u00e0 <a href=\"https:\/\/moncompte.actu.fr\" title=\"D\u00e9couvez Mon Actu\" rel=\"nofollow noopener\" data-trk=\"{&quot;cta&quot;:{&quot;action&quot;:&quot;https:\\\/\\\/moncompte.actu.fr&quot;,&quot;category&quot;:&quot;mon compte&quot;,&quot;from&quot;:&quot;article footer&quot;,&quot;name&quot;:&quot;Mon actu&quot;,&quot;type&quot;:&quot;cta&quot;}}\" target=\"_blank\">Mon Actu<\/a>.<\/p>\n","protected":false},"excerpt":{"rendered":"Par Amandine Vachez Publi\u00e9 le 1 juil. 2025 \u00e0 16h34 Chaque \u00e9t\u00e9, la M\u00e9tropole Europ\u00e9enne de Lille (Nord)&hellip;\n","protected":false},"author":2,"featured_media":218380,"comment_status":"","ping_status":"","sticky":false,"template":"","format":"standard","meta":{"footnotes":""},"categories":[2815],"tags":[1111,11,7552,1777,674,652,1011,27,811,1307,1652,4863,12,25],"class_list":{"0":"post-218379","1":"post","2":"type-post","3":"status-publish","4":"format-standard","5":"has-post-thumbnail","7":"category-lille","8":"tag-actu","9":"tag-actualites","10":"tag-balade","11":"tag-eu","12":"tag-europe","13":"tag-famille","14":"tag-fr","15":"tag-france","16":"tag-hauts-de-france","17":"tag-lille","18":"tag-loisirs-culture","19":"tag-metropole-europeenne-de-lille","20":"tag-news","21":"tag-republique-francaise"},"share_on_mastodon":{"url":"https:\/\/pubeurope.com\/@fr\/114778527757426373","error":""},"_links":{"self":[{"href":"https:\/\/www.europesays.com\/fr\/wp-json\/wp\/v2\/posts\/218379","targetHints":{"allow":["GET"]}}],"collection":[{"href":"https:\/\/www.europesays.com\/fr\/wp-json\/wp\/v2\/posts"}],"about":[{"href":"https:\/\/www.europesays.com\/fr\/wp-json\/wp\/v2\/types\/post"}],"author":[{"embeddable":true,"href":"https:\/\/www.europesays.com\/fr\/wp-json\/wp\/v2\/users\/2"}],"replies":[{"embeddable":true,"href":"https:\/\/www.europesays.com\/fr\/wp-json\/wp\/v2\/comments?post=218379"}],"version-history":[{"count":0,"href":"https:\/\/www.europesays.com\/fr\/wp-json\/wp\/v2\/posts\/218379\/revisions"}],"wp:featuredmedia":[{"embeddable":true,"href":"https:\/\/www.europesays.com\/fr\/wp-json\/wp\/v2\/media\/218380"}],"wp:attachment":[{"href":"https:\/\/www.europesays.com\/fr\/wp-json\/wp\/v2\/media?parent=218379"}],"wp:term":[{"taxonomy":"category","embeddable":true,"href":"https:\/\/www.europesays.com\/fr\/wp-json\/wp\/v2\/categories?post=218379"},{"taxonomy":"post_tag","embeddable":true,"href":"https:\/\/www.europesays.com\/fr\/wp-json\/wp\/v2\/tags?post=218379"}],"curies":[{"name":"wp","href":"https:\/\/api.w.org\/{rel}","templated":true}]}}