{"id":218381,"date":"2025-07-01T14:48:11","date_gmt":"2025-07-01T14:48:11","guid":{"rendered":"https:\/\/www.europesays.com\/fr\/218381\/"},"modified":"2025-07-01T14:48:11","modified_gmt":"2025-07-01T14:48:11","slug":"pourquoi-les-batiments-emblematiques-de-lille-seront-illumines-en-jaune-a-partir-de-ce-mardi","status":"publish","type":"post","link":"https:\/\/www.europesays.com\/fr\/218381\/","title":{"rendered":"Pourquoi les b\u00e2timents embl\u00e9matiques de Lille seront illumin\u00e9s en jaune \u00e0 partir de ce mardi ?"},"content":{"rendered":"<p>L\u2019aspect des b\u00e2timents les plus embl\u00e9matiques de Lille (<a target=\"_self\" href=\"https:\/\/www.lanouvellerepublique.fr\/nord\" rel=\"noopener\">Nord<\/a>) va changer du 1er au 5\u00a0juillet 2025. En effet, la municipalit\u00e9 a d\u00e9cid\u00e9 d\u2019illuminer certains \u00e9difices en jaune. Il s\u2019agit plus pr\u00e9cis\u00e9ment de la Grand-Place, de la place du Th\u00e9\u00e2tre, de la rue Faidherbe, du Palais des Beaux-Arts, de la Pr\u00e9fecture et du velum de la rue Gambetta. Une initiative \u00e0 l\u2019occasion du <a target=\"_self\" href=\"https:\/\/www.lanouvellerepublique.fr\/dossiers\/tour-de-france\" rel=\"noopener\">Tour de France 2025<\/a> et un clin d\u2019\u0153il au maillot jaune, explique <a target=\"_blank\" href=\"https:\/\/actu.fr\/hauts-de-france\/lille_59350\/lille-voici-pourquoi-les-batiments-de-la-ville-seront-illumines-de-jaune-a-partir-de-ce-mardi_62843094.html\" rel=\"noopener\">Lille Actu<\/a>.<\/p>\n<p>Des \u00e9v\u00e9nements<\/p>\n<p>Le d\u00e9part de la 112e \u00e9dition sera donn\u00e9 de la M\u00e9tropole Europ\u00e9enne de Lille, \u00e0 13\u00a0h\u00a005, le 5\u00a0juillet 2025, rappelle <a target=\"_blank\" href=\"https:\/\/www.letour.fr\/fr\/la-course\/grands-departs\/grand-depart-2025\" rel=\"noopener\">le site officiel du Tour de France<\/a>. La pr\u00e9sentation des 23 \u00e9quipes quant \u00e0 elle, aura lieu sur la Grand-place de 18\u00a0h\u00a030 \u00e0 20\u00a0h, le 3\u00a0juillet 2025.<\/p>\n<p>Plusieurs \u00e9v\u00e9nements seront organis\u00e9s \u00e0 Lille pour c\u00e9l\u00e9brer le Tour de France. La Fan Park sera inaugur\u00e9e le 3\u00a0juillet 2025 \u00e0 14\u00a0h et une parade se tiendra en d\u00e9but de soir\u00e9e. Vendredi 4\u00a0juillet 2025, de 9\u00a0h \u00e0 13\u00a0h, des rencontres autour de la th\u00e9matique \u00ab\u00a0L\u2019avenir \u00e0 V\u00e9lo\u00a0\u00bb sont pr\u00e9vues. Elles seront suivies d\u2019un bal cycliste.<\/p>\n","protected":false},"excerpt":{"rendered":"L\u2019aspect des b\u00e2timents les plus embl\u00e9matiques de Lille (Nord) va changer du 1er au 5\u00a0juillet 2025. En effet,&hellip;\n","protected":false},"author":2,"featured_media":218382,"comment_status":"","ping_status":"","sticky":false,"template":"","format":"standard","meta":{"footnotes":""},"categories":[2815],"tags":[328,1111,11,1674,1777,674,1011,27,329,811,1307,1393,12,1308,25],"class_list":{"0":"post-218381","1":"post","2":"type-post","3":"status-publish","4":"format-standard","5":"has-post-thumbnail","7":"category-lille","8":"tag-a-la-une","9":"tag-actu","10":"tag-actualites","11":"tag-communes","12":"tag-eu","13":"tag-europe","14":"tag-fr","15":"tag-france","16":"tag-france-monde","17":"tag-hauts-de-france","18":"tag-lille","19":"tag-loisirs","20":"tag-news","21":"tag-nord","22":"tag-republique-francaise"},"share_on_mastodon":{"url":"https:\/\/pubeurope.com\/@fr\/114778531682403471","error":""},"_links":{"self":[{"href":"https:\/\/www.europesays.com\/fr\/wp-json\/wp\/v2\/posts\/218381","targetHints":{"allow":["GET"]}}],"collection":[{"href":"https:\/\/www.europesays.com\/fr\/wp-json\/wp\/v2\/posts"}],"about":[{"href":"https:\/\/www.europesays.com\/fr\/wp-json\/wp\/v2\/types\/post"}],"author":[{"embeddable":true,"href":"https:\/\/www.europesays.com\/fr\/wp-json\/wp\/v2\/users\/2"}],"replies":[{"embeddable":true,"href":"https:\/\/www.europesays.com\/fr\/wp-json\/wp\/v2\/comments?post=218381"}],"version-history":[{"count":0,"href":"https:\/\/www.europesays.com\/fr\/wp-json\/wp\/v2\/posts\/218381\/revisions"}],"wp:featuredmedia":[{"embeddable":true,"href":"https:\/\/www.europesays.com\/fr\/wp-json\/wp\/v2\/media\/218382"}],"wp:attachment":[{"href":"https:\/\/www.europesays.com\/fr\/wp-json\/wp\/v2\/media?parent=218381"}],"wp:term":[{"taxonomy":"category","embeddable":true,"href":"https:\/\/www.europesays.com\/fr\/wp-json\/wp\/v2\/categories?post=218381"},{"taxonomy":"post_tag","embeddable":true,"href":"https:\/\/www.europesays.com\/fr\/wp-json\/wp\/v2\/tags?post=218381"}],"curies":[{"name":"wp","href":"https:\/\/api.w.org\/{rel}","templated":true}]}}