{"id":218383,"date":"2025-07-01T14:49:09","date_gmt":"2025-07-01T14:49:09","guid":{"rendered":"https:\/\/www.europesays.com\/fr\/218383\/"},"modified":"2025-07-01T14:49:09","modified_gmt":"2025-07-01T14:49:09","slug":"lagam-publie-le-carnet-adapter-la-ville-concilier-patrimoine-du-quotidien","status":"publish","type":"post","link":"https:\/\/www.europesays.com\/fr\/218383\/","title":{"rendered":"L\u2019Agam publie le carnet \u00ab\u00a0Adapter la ville, concilier patrimoine du quotidien (\u2026)"},"content":{"rendered":"<p>                    <img loading=\"lazy\" decoding=\"async\" src=\"https:\/\/www.europesays.com\/fr\/wp-content\/uploads\/2025\/07\/cb8ec474ba9fbf633f718f98217c72.jpg\" class=\"img-responsive post-image\" width=\"680\" height=\"510\" alt=\"L'Agam publie le carnet\" title=\" L'Agam publie le carnet &quot;Adapter la ville, concilier patrimoine du quotidien et transitions&quot;\"\/><\/p>\n<p class=\"chapo\">L\u2019Agence d\u2019urbanisme de l\u2019agglom\u00e9ration marseillaise (Agam) sort une publication de la collection Carnet intitul\u00e9e \u00ab\u00a0Adapter la ville, concilier patrimoine du quotidien et transitions\u00a0\u00bb.<\/p>\n<p>Fruit d\u2019un long travail de l\u2019agence, cette publication regroupe textes didactiques, croquis op\u00e9rationnels, photographies illustratives et paroles d\u2019experts.<br class=\"texte\"\/><br \/>\nPr\u00e9sent\u00e9 en avant-premi\u00e8re le 16 juin 2025 lors du Forum des projets urbains de la M\u00e9diterran\u00e9e au r\u00e9seau d\u2019acteurs et professionnels du territoire, ce nouvel opus part du constat qu\u2019\u00e0 l\u2019heure de la sobri\u00e9t\u00e9 fonci\u00e8re, \u00e9nerg\u00e9tique et de l\u2019adaptation au changement climatique, la ville constitu\u00e9e repr\u00e9sente plus que jamais le lieu et l\u2019enjeu de la ville de demain.<\/p>\n<p><strong>Laure-Agn\u00e8s Caradec<\/strong>, pr\u00e9sidente de l\u2019Agam, a d\u00e9clar\u00e9\u00a0: \u00ab\u00a0La ville de demain est d\u00e9j\u00e0 pr\u00e9sente, b\u00e2tie \u00e0 plus de 80%. Tous ces b\u00e2timents devant lesquels nous passons quotidiennement, parfois sans m\u00eame nous en rendre compte, repr\u00e9sentent notre patrimoine du quotidien et pour l\u2019essentiel notre cadre de vie. C\u2019est pour ces raisons qu\u2019il est urgent non seulement d\u2019en prendre conscience mais \u00e9galement et surtout de s\u2019en occuper, le r\u00e9habiliter et l\u2019adapter. Pour retrouver des qualit\u00e9s d\u2019usage et prouver que ce patrimoine a encore quelque chose \u00e0 dire, il doit toutefois \u00eatre adapt\u00e9, en fonction de ses valeurs intrins\u00e8ques, que cela soit par l\u2019am\u00e9nagement du c\u0153ur d\u2019ilot, l\u2019intensification avec la sur\u00e9l\u00e9vation ou la r\u00e9novation \u00e9nerg\u00e9tique. C\u2019est dans ce contexte que le Carnet Adapter la ville, concilier patrimoine du quotidien et transitions voit le jour et est l\u2019expression et la concr\u00e9tisation de nos missions\u00a0\u00bb.<\/p>\n<p>Le fil rouge du Carnet<\/p>\n<p>L\u2019ambition de l\u2019Agam avec ce Carnet est d\u2019expliquer la notion de patrimoine du quotidien au travers des grands types architecturaux locaux et de croiser ces enjeux d\u2019adaptation \u00e0 ceux des grandes transitions \u00e0 l\u2019oeuvre. Cette nouvelle publication promeut la qualit\u00e9 urbaine et paysag\u00e8re dans la fabrique urbaine, \u00e0 partir d\u2019un patrimoine b\u00e2ti ordinaire. L\u2019Agam s\u2019inscrit pleinement dans l\u2019analyse de cette morphologie urbaine, des b\u00e2timents existants devant \u00e9voluer de fa\u00e7on durable et r\u00e9siliente. Et ce, dans une m\u00e9thode qui pose les enjeux issus du diagnostic, qui combine les solutions respectueuses, trouvant des \u00e9quilibres sans opposer, pour accompagner au mieux la ville dans ses \u00e9volutions n\u00e9cessaires dans toutes ses transitions\u00a0: \u00e9nerg\u00e9tique, environnementale, de qualit\u00e9 d\u2019habiter.<\/p>\n<p>3 grandes parties structurent le Carnet<\/p>\n<p><strong>Le patrimoine du quotidien <\/strong>\u00a0: \u00e0 vocation p\u00e9dagogique et tr\u00e8s visuelle, le Carnet aborde la notion de patrimoine du quotidien au travers des grands types architecturaux locaux qui constituent le mat\u00e9riau de la ville contemporaine\u00a0: le Deux fen\u00eatres, le Trois fen\u00eatres, l\u2019immeuble haussmannien, l\u2019immeuble de style Art D\u00e9co et l\u2019immeuble du Mouvement moderne<br class=\"autobr\"\/><br \/>\n<strong>Le d\u00e9j\u00e0-l\u00e0, une mati\u00e8re \u00e0 projet <\/strong>\u00a0: la publication invite ensuite \u00e0 envisager comment ce patrimoine peut trouver sa place dans la cr\u00e9ation d\u2019une ville r\u00e9siliente et r\u00e9pondre aux transitions amorc\u00e9es et \u00e0 venir sans perdre son identit\u00e9.<br class=\"autobr\"\/><br \/>\n<strong>Mosa\u00efque d\u2019exp\u00e9rimentations du territoire<\/strong>\u00a0: la prise de conscience a commenc\u00e9 chez les acteurs publics et, sur une d\u00e9cennie, plusieurs exp\u00e9rimentations marseillaises montrent la mani\u00e8re dont les architectes appr\u00e9hendent d\u00e9j\u00e0 cette mati\u00e8re premi\u00e8re utile et comment il la transforme. Ces exp\u00e9rimentations viennent conclure le document en troisi\u00e8me partie.<\/p>\n","protected":false},"excerpt":{"rendered":"L\u2019Agence d\u2019urbanisme de l\u2019agglom\u00e9ration marseillaise (Agam) sort une publication de la collection Carnet intitul\u00e9e \u00ab\u00a0Adapter la ville, concilier&hellip;\n","protected":false},"author":2,"featured_media":218384,"comment_status":"","ping_status":"","sticky":false,"template":"","format":"standard","meta":{"footnotes":""},"categories":[2814],"tags":[1111,11,2408,1777,674,1011,27,884,12,882,25],"class_list":{"0":"post-218383","1":"post","2":"type-post","3":"status-publish","4":"format-standard","5":"has-post-thumbnail","7":"category-marseille","8":"tag-actu","9":"tag-actualites","10":"tag-appels-d","11":"tag-eu","12":"tag-europe","13":"tag-fr","14":"tag-france","15":"tag-marseille","16":"tag-news","17":"tag-provence-alpes-cote-dazur","18":"tag-republique-francaise"},"share_on_mastodon":{"url":"https:\/\/pubeurope.com\/@fr\/114778535625000034","error":""},"_links":{"self":[{"href":"https:\/\/www.europesays.com\/fr\/wp-json\/wp\/v2\/posts\/218383","targetHints":{"allow":["GET"]}}],"collection":[{"href":"https:\/\/www.europesays.com\/fr\/wp-json\/wp\/v2\/posts"}],"about":[{"href":"https:\/\/www.europesays.com\/fr\/wp-json\/wp\/v2\/types\/post"}],"author":[{"embeddable":true,"href":"https:\/\/www.europesays.com\/fr\/wp-json\/wp\/v2\/users\/2"}],"replies":[{"embeddable":true,"href":"https:\/\/www.europesays.com\/fr\/wp-json\/wp\/v2\/comments?post=218383"}],"version-history":[{"count":0,"href":"https:\/\/www.europesays.com\/fr\/wp-json\/wp\/v2\/posts\/218383\/revisions"}],"wp:featuredmedia":[{"embeddable":true,"href":"https:\/\/www.europesays.com\/fr\/wp-json\/wp\/v2\/media\/218384"}],"wp:attachment":[{"href":"https:\/\/www.europesays.com\/fr\/wp-json\/wp\/v2\/media?parent=218383"}],"wp:term":[{"taxonomy":"category","embeddable":true,"href":"https:\/\/www.europesays.com\/fr\/wp-json\/wp\/v2\/categories?post=218383"},{"taxonomy":"post_tag","embeddable":true,"href":"https:\/\/www.europesays.com\/fr\/wp-json\/wp\/v2\/tags?post=218383"}],"curies":[{"name":"wp","href":"https:\/\/api.w.org\/{rel}","templated":true}]}}