{"id":218389,"date":"2025-07-01T14:52:10","date_gmt":"2025-07-01T14:52:10","guid":{"rendered":"https:\/\/www.europesays.com\/fr\/218389\/"},"modified":"2025-07-01T14:52:10","modified_gmt":"2025-07-01T14:52:10","slug":"lyon-concerts-dates-places-ce-que-lon-sait-de-la-nouvelle-salle-de-la-ldlc-arena","status":"publish","type":"post","link":"https:\/\/www.europesays.com\/fr\/218389\/","title":{"rendered":"Lyon. Concerts, dates, places&#8230; ce que l&rsquo;on sait de la nouvelle salle de la LDLC Arena"},"content":{"rendered":"<p>            Par<br \/>\n        <strong><br \/>\n            <a href=\"https:\/\/actu.fr\/auteur\/anthony-soudani\" title=\"Consulter tous les articles de Anthony Soudani\" rel=\"nofollow noopener\" target=\"_blank\">Anthony Soudani<\/a><br \/>\n        <\/strong><\/p>\n<p>        Publi\u00e9 le<\/p>\n<p>            1 juil. 2025 \u00e0 16h40        <\/p>\n<p>ThrillStage et Fiducial ont d\u00e9voil\u00e9 lundi 30\u00a0juin le nom de la <strong>nouvelle salle de spectacle<\/strong> \u00e0 l\u2019int\u00e9rieur de la <a href=\"https:\/\/actu.fr\/tag\/ldlc-arena\" rel=\"nofollow noopener\" target=\"_blank\">LDLC Arena<\/a> de D\u00e9cines-Charpieu, dans la m\u00e9tropole de Lyon. Elle s\u2019appellera la Fiducial Ast\u00e9ria, dont l\u2019ouverture officielle au public est pr\u00e9vue le 30\u00a0octobre 2025.<\/p>\n<p class=\" wall-content\">Ce partenariat de naming, conclu pour la p\u00e9riode juillet\u00a02025 \u00e0 d\u00e9cembre\u00a02029, \u00ab\u2009marque une nouvelle \u00e9tape dans une relation historique et de confiance, port\u00e9e par le fondateur de Fiducial, Christian Latouche, et la famille <a href=\"https:\/\/actu.fr\/auvergne-rhone-alpes\/lyon_69123\/exclusif-municipales-a-lyon-jean-michel-aulas-largement-en-tete-devant-gregory-doucet-sondage_62837313.html\" rel=\"nofollow noopener\" target=\"_blank\">Aulas<\/a>\u2009\u00bb, se f\u00e9licitent-ils.<\/p>\n<p>Jusqu\u2019\u00e0 3500 places, d\u00e9j\u00e0 des concerts programm\u00e9s en 2026<\/p>\n<p class=\" wall-content\">Dot\u00e9e d\u2019une capacit\u00e9 modulable de 1500 \u00e0 3\u2009500 places, la Fiducial Ast\u00e9ria accueillera concerts, spectacles, \u00e9v\u00e9nements sportifs et culturels vari\u00e9s, dans un cadre intimiste, \u00ab\u2009pens\u00e9 pour offrir une proximit\u00e9 rare avec les artistes et une exp\u00e9rience immersive au public\u2009\u00bb.<\/p>\n<p class=\" wall-content\">L\u2019inauguration aura lieu le 30\u00a0octobre 2025 avec Ed Banger Party. Trois concerts d\u2019artistes connus sont d\u00e9j\u00e0 programm\u00e9s\u2009: Kompromat en janvier\u00a02026, Ofenbach en f\u00e9vrier, et Avatar en mars.<\/p>\n<p class=\" wall-content\">La Fiducial Ast\u00e9ria disposera de son propre acc\u00e8s. La salle pourra accueillir des spectacles en m\u00eame temps que ceux programm\u00e9s \u00e0 la LDLC Arena.<\/p>\n<p>\u00ab\u2009Une salle \u00e0 taille humaine\u2009\u00bb<\/p>\n<blockquote class=\"ac-article-quote wall-content\">\n<p>Avec la Fiducial Ast\u00e9ria, nous avons voulu cr\u00e9er une salle \u00e0 taille humaine, o\u00f9 chaque artiste peut s&rsquo;exprimer pleinement et chaque spectateur vivre une exp\u00e9rience intime et m\u00e9morable. <\/p>\n<p>    <strong>Alexandre Aulas<\/strong><br \/>\n        Pr\u00e9sident directeur g\u00e9n\u00e9ral de ThrillStage    <\/p><\/blockquote>\n<p class=\" wall-content\">Eric Luc, directeur communication du groupe Fiducial, s\u2019en f\u00e9licite \u00e9galement. \u00ab\u2009La Fiducial Ast\u00e9ria est une concr\u00e9tisation artistique de notre histoire parall\u00e8le avec la famille Aulas, mais aussi un projet tourn\u00e9 vers l\u2019avenir, la cr\u00e9ation et la rencontre.\u2009\u00bb<\/p>\n<p class=\" wall-content\">Suivez toute l\u2019actualit\u00e9 de vos villes et m\u00e9dias favoris en vous inscrivant \u00e0 <a href=\"https:\/\/moncompte.actu.fr\" title=\"D\u00e9couvez Mon Actu\" rel=\"nofollow noopener\" data-trk=\"{&quot;cta&quot;:{&quot;action&quot;:&quot;https:\\\/\\\/moncompte.actu.fr&quot;,&quot;category&quot;:&quot;mon compte&quot;,&quot;from&quot;:&quot;article footer&quot;,&quot;name&quot;:&quot;Mon actu&quot;,&quot;type&quot;:&quot;cta&quot;}}\" target=\"_blank\">Mon Actu<\/a>.<\/p>\n","protected":false},"excerpt":{"rendered":"Par Anthony Soudani Publi\u00e9 le 1 juil. 2025 \u00e0 16h40 ThrillStage et Fiducial ont d\u00e9voil\u00e9 lundi 30\u00a0juin le&hellip;\n","protected":false},"author":2,"featured_media":218390,"comment_status":"","ping_status":"","sticky":false,"template":"","format":"standard","meta":{"footnotes":""},"categories":[1889],"tags":[1111,11,2430,1697,1777,674,1011,27,7602,1652,2428,12,25],"class_list":{"0":"post-218389","1":"post","2":"type-post","3":"status-publish","4":"format-standard","5":"has-post-thumbnail","7":"category-lyon","8":"tag-actu","9":"tag-actualites","10":"tag-auvergne-rhone-alpes","11":"tag-concert","12":"tag-eu","13":"tag-europe","14":"tag-fr","15":"tag-france","16":"tag-ldlc-arena","17":"tag-loisirs-culture","18":"tag-lyon","19":"tag-news","20":"tag-republique-francaise"},"share_on_mastodon":{"url":"https:\/\/pubeurope.com\/@fr\/114778547474505379","error":""},"_links":{"self":[{"href":"https:\/\/www.europesays.com\/fr\/wp-json\/wp\/v2\/posts\/218389","targetHints":{"allow":["GET"]}}],"collection":[{"href":"https:\/\/www.europesays.com\/fr\/wp-json\/wp\/v2\/posts"}],"about":[{"href":"https:\/\/www.europesays.com\/fr\/wp-json\/wp\/v2\/types\/post"}],"author":[{"embeddable":true,"href":"https:\/\/www.europesays.com\/fr\/wp-json\/wp\/v2\/users\/2"}],"replies":[{"embeddable":true,"href":"https:\/\/www.europesays.com\/fr\/wp-json\/wp\/v2\/comments?post=218389"}],"version-history":[{"count":0,"href":"https:\/\/www.europesays.com\/fr\/wp-json\/wp\/v2\/posts\/218389\/revisions"}],"wp:featuredmedia":[{"embeddable":true,"href":"https:\/\/www.europesays.com\/fr\/wp-json\/wp\/v2\/media\/218390"}],"wp:attachment":[{"href":"https:\/\/www.europesays.com\/fr\/wp-json\/wp\/v2\/media?parent=218389"}],"wp:term":[{"taxonomy":"category","embeddable":true,"href":"https:\/\/www.europesays.com\/fr\/wp-json\/wp\/v2\/categories?post=218389"},{"taxonomy":"post_tag","embeddable":true,"href":"https:\/\/www.europesays.com\/fr\/wp-json\/wp\/v2\/tags?post=218389"}],"curies":[{"name":"wp","href":"https:\/\/api.w.org\/{rel}","templated":true}]}}