{"id":218391,"date":"2025-07-01T14:53:09","date_gmt":"2025-07-01T14:53:09","guid":{"rendered":"https:\/\/www.europesays.com\/fr\/218391\/"},"modified":"2025-07-01T14:53:09","modified_gmt":"2025-07-01T14:53:09","slug":"ile-de-france-plus-de-la-moitie-des-bus-et-cars-roulent-encore-au-diesel","status":"publish","type":"post","link":"https:\/\/www.europesays.com\/fr\/218391\/","title":{"rendered":"\u00cele-de-France\u00a0: plus de la moiti\u00e9 des bus et cars roulent encore au diesel"},"content":{"rendered":"<p class=\"paragraph text_align_left lp-f-body-02\">\u00ab Fin 2025, 100 % de nos bus seront d\u00e9carbon\u00e9s. Quand je suis devenue pr\u00e9sidente de la r\u00e9gion, ils roulaient tous au diesel\u2026 Voil\u00e0 l\u2019\u00e9cologie des r\u00e9sultats ! \u00bb La promesse formul\u00e9e en f\u00e9vrier 2025 par <a href=\"https:\/\/www.leparisien.fr\/politique\/valerie-pecresse\/\" target=\"_self\" rel=\"noopener\">Val\u00e9rie P\u00e9cresse<\/a>, la pr\u00e9sidente (LR) de l\u2019\u00cele-de-France, sera-t-elle tenue ?<\/p>\n<p class=\"paragraph text_align_left lp-f-body-02\">Pas \u00e9vident. Alors qu\u2019<a href=\"https:\/\/www.leparisien.fr\/paris-75\/paris-et-ile-de-france-le-navigo-liberte-debarque-sur-tous-les-smartphones-des-le-23-juin-02-06-2025-YSCDNHUOXZAGZKJW4LGBTN6VEI.php\" target=\"_self\" rel=\"noopener\">\u00cele-de-France Mobilit\u00e9s (IDFM)<\/a> organise des \u00ab Assises de la d\u00e9carbonation des bus \u00bb ce mercredi dans l\u2019h\u00e9micycle du conseil r\u00e9gional, \u00e0 Saint-Ouen (Seine-Saint-Denis), l\u2019\u00e9tat des lieux du parc circulant dans la r\u00e9gion montre qu\u2019une majorit\u00e9 de v\u00e9hicules roulent encore au diesel.<\/p>\n","protected":false},"excerpt":{"rendered":"\u00ab Fin 2025, 100 % de nos bus seront d\u00e9carbon\u00e9s. Quand je suis devenue pr\u00e9sidente de la r\u00e9gion,&hellip;\n","protected":false},"author":2,"featured_media":218392,"comment_status":"","ping_status":"","sticky":false,"template":"","format":"standard","meta":{"footnotes":""},"categories":[1592],"tags":[1111,11,1777,674,1011,27,3746,662,1944,12,626,25,2382],"class_list":{"0":"post-218391","1":"post","2":"type-post","3":"status-publish","4":"format-standard","5":"has-post-thumbnail","7":"category-ile-de-france","8":"tag-actu","9":"tag-actualites","10":"tag-eu","11":"tag-europe","12":"tag-fr","13":"tag-france","14":"tag-futurs","15":"tag-ile-de-france","16":"tag-ma-ville","17":"tag-news","18":"tag-paris","19":"tag-republique-francaise","20":"tag-transport-idf-oise"},"share_on_mastodon":{"url":"https:\/\/pubeurope.com\/@fr\/114778551342808003","error":""},"_links":{"self":[{"href":"https:\/\/www.europesays.com\/fr\/wp-json\/wp\/v2\/posts\/218391","targetHints":{"allow":["GET"]}}],"collection":[{"href":"https:\/\/www.europesays.com\/fr\/wp-json\/wp\/v2\/posts"}],"about":[{"href":"https:\/\/www.europesays.com\/fr\/wp-json\/wp\/v2\/types\/post"}],"author":[{"embeddable":true,"href":"https:\/\/www.europesays.com\/fr\/wp-json\/wp\/v2\/users\/2"}],"replies":[{"embeddable":true,"href":"https:\/\/www.europesays.com\/fr\/wp-json\/wp\/v2\/comments?post=218391"}],"version-history":[{"count":0,"href":"https:\/\/www.europesays.com\/fr\/wp-json\/wp\/v2\/posts\/218391\/revisions"}],"wp:featuredmedia":[{"embeddable":true,"href":"https:\/\/www.europesays.com\/fr\/wp-json\/wp\/v2\/media\/218392"}],"wp:attachment":[{"href":"https:\/\/www.europesays.com\/fr\/wp-json\/wp\/v2\/media?parent=218391"}],"wp:term":[{"taxonomy":"category","embeddable":true,"href":"https:\/\/www.europesays.com\/fr\/wp-json\/wp\/v2\/categories?post=218391"},{"taxonomy":"post_tag","embeddable":true,"href":"https:\/\/www.europesays.com\/fr\/wp-json\/wp\/v2\/tags?post=218391"}],"curies":[{"name":"wp","href":"https:\/\/api.w.org\/{rel}","templated":true}]}}