{"id":218410,"date":"2025-07-01T15:03:10","date_gmt":"2025-07-01T15:03:10","guid":{"rendered":"https:\/\/www.europesays.com\/fr\/218410\/"},"modified":"2025-07-01T15:03:10","modified_gmt":"2025-07-01T15:03:10","slug":"immigration-illegale-la-pologne-retablit-les-controle-a-ses-frontieres-avec-lallemagne-et-la-lituanie-01-07-2025-a-1447","status":"publish","type":"post","link":"https:\/\/www.europesays.com\/fr\/218410\/","title":{"rendered":"Immigration ill\u00e9gale : la Pologne r\u00e9tablit les contr\u00f4le \u00e0 ses fronti\u00e8res avec l&rsquo;Allemagne et la Lituanie &#8211; 01\/07\/2025 \u00e0 14:47"},"content":{"rendered":"<p> \u00ab\u00a0Nous avons \u00e9t\u00e9 les d\u00e9fenseurs de Schengen, assure la Pologne. Mais Varsovie consid\u00e8re que l&rsquo;Allemagne ne joue plus le jeu.<\/p>\n<p>        <img fetchpriority=\"high\" decoding=\"async\" src=\"https:\/\/www.europesays.com\/fr\/wp-content\/uploads\/2025\/07\/e7b7f8257a08cd11ee75e91a25167bea-760x539.jpg\" alt=\"Un policier polonais \u00e0 S\u0142ubice, \u00e0 la fronti\u00e8re germano-polonaise. (illustration) ( AFP \/ TOBIAS SCHWARZ )\" loading=\"eager\" width=\"760\" height=\"539\" style=\"max-width: 100%!important; height: auto;\"\/><\/p>\n<p class=\"c-image-news__legend\">Un policier polonais \u00e0 S\u0142ubice, \u00e0 la fronti\u00e8re germano-polonaise. (illustration) ( AFP \/ TOBIAS SCHWARZ )<\/p>\n<p>\n Alors que l&rsquo;Allemagne a r\u00e9introduit les contr\u00f4les \u00e0 la fronti\u00e8re avec la Pologne, Varsovie a annonc\u00e9 mardi 1er juillet faire de m\u00eame -ainsi qu&rsquo;\u00e0 sa fronti\u00e8re avec la Lituanie-, \u00e0 partir du 7 juillet. Une mesure destin\u00e9e notamment \u00e0 endiguer le flux de l&rsquo;immigration ill\u00e9gale.\n<\/p>\n<p>\n Cette mesure est \u00ab\u00a0n\u00e9cessaire pour limiter,<br \/>\n <strong><br \/>\n  r\u00e9duire au minimum ces flux non contr\u00f4l\u00e9s par nos services\u00a0\u00bb, les \u00ab\u00a0va-et-vient des migrants\u00a0\u00bb<br \/>\n <\/strong><br \/>\n , a d\u00e9clar\u00e9 le Premier ministre polonais Donald Tusk devant la presse.\n<\/p>\n<p>\n Le nouveau gouvernement allemand a r\u00e9introduit des contr\u00f4les temporaires \u00e0 la fronti\u00e8re avec la Pologne en septembre, et depuis Varsovie reproche \u00e0 Berlin de refouler des migrants vers ce pays.\n<\/p>\n<p>\n L&rsquo;immigration est un des principaux sujets du d\u00e9bat politique en Pologne depuis la campagne pour l&rsquo;\u00e9lection pr\u00e9sidentielle du 1er juin, remport\u00e9e par l&rsquo;historien Karol Nawrocki soutenu par l&rsquo;opposition nationaliste populiste, face au candidat pro-europ\u00e9en Rafal Trzaskowski, appuy\u00e9 par Donald Tusk.\n<\/p>\n<p>\n \u00ab\u00a0Depuis environ un mois, la pratique \u00e0 la fronti\u00e8re polono-allemande a clairement \u00e9t\u00e9 modifi\u00e9e. Contrairement aux dix derni\u00e8res ann\u00e9es,<br \/>\n <strong><br \/>\n  le c\u00f4t\u00e9 allemand refuse d\u00e9sormais r\u00e9ellement d&rsquo;autoriser l&rsquo;entr\u00e9e sur son territoire des migrants<br \/>\n <\/strong><br \/>\n qui se dirigent vers l&rsquo;Allemagne pour, par exemple, demander l&rsquo;asile ou obtenir un autre type de statut\u00a0\u00bb, a expliqu\u00e9 Donald Tusk.\n<\/p>\n<p> \u00ab\u00a0Un sentiment d&rsquo;asym\u00e9trie\u00a0\u00bb<\/p>\n<p>\n \u00ab\u00a0Ce changement de pratique \u00e0 cette fronti\u00e8re a \u00e9galement entra\u00een\u00e9 des tensions et un sentiment d&rsquo;asym\u00e9trie justifi\u00e9\u00a0\u00bb, a-t-il ajout\u00e9.\n<\/p>\n<p>\n \u00ab\u00a0Nous avons \u00e9t\u00e9 les d\u00e9fenseurs de Schengen et nous resterons les partisans d&rsquo;une Europe avec une circulation sans fronti\u00e8res et sans restrictions, mais cela doit \u00eatre une volont\u00e9 partag\u00e9e et sym\u00e9trique de tous les voisins\u00a0\u00bb, a encore dit le Premier ministre polonais.\n<\/p>\n<p>\n La r\u00e9introduction des contr\u00f4les \u00e0 la fronti\u00e8re avec la Lituanie est, quant \u00e0 elle, n\u00e9cessaire pour<br \/>\n <strong><br \/>\n  bloquer les migrants passant par le B\u00e9larus<br \/>\n <\/strong><br \/>\n , a encore pr\u00e9cis\u00e9 Donald Tusk, indiquant que son gouvernement avait contact\u00e9 Berlin et Vilnius avant d&rsquo;annoncer les nouvelles mesures.\n<\/p>\n<p>\n Le chancelier allemand Friedrich Merz a indiqu\u00e9 avoir \u00e9t\u00e9 pr\u00e9venu par Varsovie.\n<\/p>\n<p>\n \u00ab\u00a0Nous sommes conscients des pr\u00e9occupations du gouvernement polonais, et nous savons que le gouvernement polonais souhaite d\u00e9sormais \u00e9galement mettre en place des contr\u00f4les aux fronti\u00e8res avec la Lituanie afin de limiter les passages ill\u00e9gaux de la fronti\u00e8re de la Lituanie vers la Pologne\u00a0\u00bb, a-t-il d\u00e9clar\u00e9 mardi matin \u00e0 Berlin peu avant l&rsquo;annonce de la d\u00e9cision polonaise.\n<\/p>\n<p>\n Il a soulign\u00e9 \u00ab\u00a0une coop\u00e9ration tr\u00e8s \u00e9troite, tr\u00e8s coll\u00e9giale et amicale entre les chefs de gouvernement, c&rsquo;est-\u00e0-dire entre Donald Tusk et moi-m\u00eame, ainsi qu&rsquo;entre les ministres de l&rsquo;Int\u00e9rieur, car nous avons un probl\u00e8me commun. Nous le r\u00e9solvons ensemble\u00a0\u00bb.<\/p>\n","protected":false},"excerpt":{"rendered":"\u00ab\u00a0Nous avons \u00e9t\u00e9 les d\u00e9fenseurs de Schengen, assure la Pologne. Mais Varsovie consid\u00e8re que l&rsquo;Allemagne ne joue plus&hellip;\n","protected":false},"author":2,"featured_media":218411,"comment_status":"","ping_status":"","sticky":false,"template":"","format":"standard","meta":{"footnotes":""},"categories":[1587],"tags":[400,11,672,398,408,1804,405,1805,1803,1777,674,1801,403,402,399,404,12,1802,401,406,407],"class_list":{"0":"post-218410","1":"post","2":"type-post","3":"status-publish","4":"format-standard","5":"has-post-thumbnail","7":"category-allemagne","8":"tag-action-cac-40","9":"tag-actualites","10":"tag-allemagne","11":"tag-bourse-de-paris","12":"tag-boursorama","13":"tag-bundesrepublik-deutschland","14":"tag-cotations","15":"tag-de","16":"tag-deutschland","17":"tag-eu","18":"tag-europe","19":"tag-germany","20":"tag-indices-devises","21":"tag-investir","22":"tag-investissement","23":"tag-marche-boursier","24":"tag-news","25":"tag-republique-federale-dallemagne","26":"tag-sicav","27":"tag-trackers","28":"tag-warrants"},"share_on_mastodon":{"url":"https:\/\/pubeurope.com\/@fr\/114778590711158609","error":""},"_links":{"self":[{"href":"https:\/\/www.europesays.com\/fr\/wp-json\/wp\/v2\/posts\/218410","targetHints":{"allow":["GET"]}}],"collection":[{"href":"https:\/\/www.europesays.com\/fr\/wp-json\/wp\/v2\/posts"}],"about":[{"href":"https:\/\/www.europesays.com\/fr\/wp-json\/wp\/v2\/types\/post"}],"author":[{"embeddable":true,"href":"https:\/\/www.europesays.com\/fr\/wp-json\/wp\/v2\/users\/2"}],"replies":[{"embeddable":true,"href":"https:\/\/www.europesays.com\/fr\/wp-json\/wp\/v2\/comments?post=218410"}],"version-history":[{"count":0,"href":"https:\/\/www.europesays.com\/fr\/wp-json\/wp\/v2\/posts\/218410\/revisions"}],"wp:featuredmedia":[{"embeddable":true,"href":"https:\/\/www.europesays.com\/fr\/wp-json\/wp\/v2\/media\/218411"}],"wp:attachment":[{"href":"https:\/\/www.europesays.com\/fr\/wp-json\/wp\/v2\/media?parent=218410"}],"wp:term":[{"taxonomy":"category","embeddable":true,"href":"https:\/\/www.europesays.com\/fr\/wp-json\/wp\/v2\/categories?post=218410"},{"taxonomy":"post_tag","embeddable":true,"href":"https:\/\/www.europesays.com\/fr\/wp-json\/wp\/v2\/tags?post=218410"}],"curies":[{"name":"wp","href":"https:\/\/api.w.org\/{rel}","templated":true}]}}