{"id":218412,"date":"2025-07-01T15:04:10","date_gmt":"2025-07-01T15:04:10","guid":{"rendered":"https:\/\/www.europesays.com\/fr\/218412\/"},"modified":"2025-07-01T15:04:10","modified_gmt":"2025-07-01T15:04:10","slug":"les-vagues-de-chaleur-pourraient-couter-05-point-de-pib-a-leurope-en-2025-allianz-trade","status":"publish","type":"post","link":"https:\/\/www.europesays.com\/fr\/218412\/","title":{"rendered":"Les vagues de chaleur pourraient co\u00fbter 0,5 point de PIB \u00e0 l&rsquo;Europe en 2025-Allianz Trade"},"content":{"rendered":"<p>\u00ab\u00a0Pour mettre cela en perspective, une journ\u00e9e de chaleur extr\u00eame (sup\u00e9rieure \u00e0 32\u00b0C) \u00e9quivaut \u00e0 une demi-journ\u00e9e de gr\u00e8ve\u00a0\u00bb, estiment les experts d&rsquo;Allianz Trade, filiale sp\u00e9cialis\u00e9e dans l&rsquo;assurance-cr\u00e9dit entreprises d&rsquo;Allianz. <\/p>\n<p>En se basant sur deux articles acad\u00e9miques analysant les cons\u00e9quences sur la productivit\u00e9 et sur la production d&rsquo;une journ\u00e9e de chaleur extr\u00eame, les experts d&rsquo;Allianz Trade ont effectu\u00e9 \u00ab\u00a0un premier calcul simple\u00a0\u00bb des cons\u00e9quences sur le PIB du nombre de jours o\u00f9 les temp\u00e9ratures devraient d\u00e9passer les 32\u00b0C, selon les pr\u00e9visions, entre le 1er mai et le 14 juillet. <\/p>\n<p>\u00ab\u00a0Globalement, en utilisant les poids du PIB mondial, la canicule se traduit par une r\u00e9duction de 0,5 point de pourcentage de la croissance du PIB de l&rsquo;Europe pour 2025, et d&rsquo;environ 0,6 point de pourcentage au niveau mondial, soulignant le fardeau croissant du risque climatique physique\u00a0\u00bb, rapporte Allianz Trade.<\/p>\n<p>La Chine, l&rsquo;Espagne, l&rsquo;Italie et la Gr\u00e8ce pourraient subir une perte de PIB de pr\u00e8s d&rsquo;un point de pourcentage en raison de la vague de chaleur actuelle, d\u00e9taillent les experts d&rsquo;Allianz Trade, contre 0,6 point pour les \u00c9tats-Unis, 0,3 point pour la France et seulement 0,1 point pour l&rsquo;Allemagne. <\/p>\n<p> (R\u00e9dig\u00e9 par Bertrand De Meyer, \u00e9dit\u00e9 par Blandine H\u00e9nault)<\/p>\n","protected":false},"excerpt":{"rendered":"\u00ab\u00a0Pour mettre cela en perspective, une journ\u00e9e de chaleur extr\u00eame (sup\u00e9rieure \u00e0 32\u00b0C) \u00e9quivaut \u00e0 une demi-journ\u00e9e de&hellip;\n","protected":false},"author":2,"featured_media":218413,"comment_status":"","ping_status":"","sticky":false,"template":"","format":"standard","meta":{"footnotes":""},"categories":[1586],"tags":[11,2125,1777,674,1011,27,2124,12,25],"class_list":{"0":"post-218412","1":"post","2":"type-post","3":"status-publish","4":"format-standard","5":"has-post-thumbnail","7":"category-europe","8":"tag-actualites","9":"tag-depeches-reuters","10":"tag-eu","11":"tag-europe","12":"tag-fr","13":"tag-france","14":"tag-infos-reuters","15":"tag-news","16":"tag-republique-francaise"},"share_on_mastodon":{"url":"https:\/\/pubeurope.com\/@fr\/114778594619572809","error":""},"_links":{"self":[{"href":"https:\/\/www.europesays.com\/fr\/wp-json\/wp\/v2\/posts\/218412","targetHints":{"allow":["GET"]}}],"collection":[{"href":"https:\/\/www.europesays.com\/fr\/wp-json\/wp\/v2\/posts"}],"about":[{"href":"https:\/\/www.europesays.com\/fr\/wp-json\/wp\/v2\/types\/post"}],"author":[{"embeddable":true,"href":"https:\/\/www.europesays.com\/fr\/wp-json\/wp\/v2\/users\/2"}],"replies":[{"embeddable":true,"href":"https:\/\/www.europesays.com\/fr\/wp-json\/wp\/v2\/comments?post=218412"}],"version-history":[{"count":0,"href":"https:\/\/www.europesays.com\/fr\/wp-json\/wp\/v2\/posts\/218412\/revisions"}],"wp:featuredmedia":[{"embeddable":true,"href":"https:\/\/www.europesays.com\/fr\/wp-json\/wp\/v2\/media\/218413"}],"wp:attachment":[{"href":"https:\/\/www.europesays.com\/fr\/wp-json\/wp\/v2\/media?parent=218412"}],"wp:term":[{"taxonomy":"category","embeddable":true,"href":"https:\/\/www.europesays.com\/fr\/wp-json\/wp\/v2\/categories?post=218412"},{"taxonomy":"post_tag","embeddable":true,"href":"https:\/\/www.europesays.com\/fr\/wp-json\/wp\/v2\/tags?post=218412"}],"curies":[{"name":"wp","href":"https:\/\/api.w.org\/{rel}","templated":true}]}}