{"id":218416,"date":"2025-07-01T15:06:09","date_gmt":"2025-07-01T15:06:09","guid":{"rendered":"https:\/\/www.europesays.com\/fr\/218416\/"},"modified":"2025-07-01T15:06:09","modified_gmt":"2025-07-01T15:06:09","slug":"les-presidents-de-clubs-approuvent-le-projet-de-chaine-ligue-1","status":"publish","type":"post","link":"https:\/\/www.europesays.com\/fr\/218416\/","title":{"rendered":"les pr\u00e9sidents de clubs approuvent le projet de cha\u00eene Ligue 1"},"content":{"rendered":"<p>INFO LE FIGARO &#8211; La d\u00e9cision, prise \u00e0 l\u2019unanimit\u00e9, doit \u00eatre ent\u00e9rin\u00e9e par un conseil d\u2019administration en fin d\u2019apr\u00e8s-midi.<\/p>\n<p class=\"fig-paragraph\">R\u00e9unis ce mardi en coll\u00e8ge, les pr\u00e9sidents de clubs de Ligue 1 ont approuv\u00e9 \u00e0 l\u2019unanimit\u00e9 le projet de cr\u00e9ation d\u2019une cha\u00eene d\u00e9di\u00e9e au Championnat de foot fran\u00e7ais et sa distribution non exclusive. Le Conseil d\u2019administration devrait ent\u00e9riner cette d\u00e9cision dans les prochaines heures.<\/p>\n<p class=\"fig-paragraph\">Apr\u00e8s le divorce d\u00e9but mai entre la LFP et la plateforme de streaming DAZN, qui \u00e9tait le diffuseur principal de la Ligue 1 depuis le d\u00e9but de la saison 2024-25, la Ligue a opt\u00e9 pour la cr\u00e9ation d\u2019une cha\u00eene 100% L1 dont elle sera propri\u00e9taire.<\/p>\n<p class=\"fig-paragraph\">Plus d\u2019informations \u00e0 suivre&#8230;<\/p>\n","protected":false},"excerpt":{"rendered":"INFO LE FIGARO &#8211; La d\u00e9cision, prise \u00e0 l\u2019unanimit\u00e9, doit \u00eatre ent\u00e9rin\u00e9e par un conseil d\u2019administration en fin&hellip;\n","protected":false},"author":2,"featured_media":23468,"comment_status":"","ping_status":"","sticky":false,"template":"","format":"standard","meta":{"footnotes":""},"categories":[2],"tags":[11,5717,1011,27,5724,5720,5725,5719,66,5723,5722,5721,5718,12,5715,5714,1834,25,5726,252,1364,5716],"class_list":{"0":"post-218416","1":"post","2":"type-post","3":"status-publish","4":"format-standard","5":"has-post-thumbnail","7":"category-actualites","8":"tag-actualites","9":"tag-bibendum","10":"tag-fr","11":"tag-france","12":"tag-geant-vert","13":"tag-herisson-ernie-spontex","14":"tag-la-laitiere","15":"tag-lapin-duracell","16":"tag-ligue-1","17":"tag-mms","18":"tag-mamie-nova","19":"tag-mr-marie","20":"tag-mr-propre","21":"tag-news","22":"tag-personnage-publicitaire","23":"tag-pub","24":"tag-publicite","25":"tag-republique-francaise","26":"tag-tele","27":"tag-television","28":"tag-tv","29":"tag-vache-qui-rit"},"share_on_mastodon":{"url":"https:\/\/pubeurope.com\/@fr\/114778602495422697","error":""},"_links":{"self":[{"href":"https:\/\/www.europesays.com\/fr\/wp-json\/wp\/v2\/posts\/218416","targetHints":{"allow":["GET"]}}],"collection":[{"href":"https:\/\/www.europesays.com\/fr\/wp-json\/wp\/v2\/posts"}],"about":[{"href":"https:\/\/www.europesays.com\/fr\/wp-json\/wp\/v2\/types\/post"}],"author":[{"embeddable":true,"href":"https:\/\/www.europesays.com\/fr\/wp-json\/wp\/v2\/users\/2"}],"replies":[{"embeddable":true,"href":"https:\/\/www.europesays.com\/fr\/wp-json\/wp\/v2\/comments?post=218416"}],"version-history":[{"count":0,"href":"https:\/\/www.europesays.com\/fr\/wp-json\/wp\/v2\/posts\/218416\/revisions"}],"wp:featuredmedia":[{"embeddable":true,"href":"https:\/\/www.europesays.com\/fr\/wp-json\/wp\/v2\/media\/23468"}],"wp:attachment":[{"href":"https:\/\/www.europesays.com\/fr\/wp-json\/wp\/v2\/media?parent=218416"}],"wp:term":[{"taxonomy":"category","embeddable":true,"href":"https:\/\/www.europesays.com\/fr\/wp-json\/wp\/v2\/categories?post=218416"},{"taxonomy":"post_tag","embeddable":true,"href":"https:\/\/www.europesays.com\/fr\/wp-json\/wp\/v2\/tags?post=218416"}],"curies":[{"name":"wp","href":"https:\/\/api.w.org\/{rel}","templated":true}]}}