{"id":218421,"date":"2025-07-01T15:09:14","date_gmt":"2025-07-01T15:09:14","guid":{"rendered":"https:\/\/www.europesays.com\/fr\/218421\/"},"modified":"2025-07-01T15:09:14","modified_gmt":"2025-07-01T15:09:14","slug":"martin-couvra-aux-portes-du-top-100-mondial-matthieu-pavon-recule","status":"publish","type":"post","link":"https:\/\/www.europesays.com\/fr\/218421\/","title":{"rendered":"Martin Couvra aux portes du top 100 mondial. Matthieu Pavon recule !"},"content":{"rendered":"<p>\t\t\t\t\t\t<img width=\"770\" height=\"556\" src=\"https:\/\/www.europesays.com\/fr\/wp-content\/uploads\/2025\/05\/martincouvrasingapour-770x556.jpg\" class=\"img-responsive wp-post-image\" alt=\"\" decoding=\"async\" fetchpriority=\"high\"  \/>\t\t\t\t\t<\/p>\n<p>\t\t\t\t\t\t Partager cet article <\/p>\n<p class=\"screen-reader-text juiz_sps_maybe_hidden_text\">Partager la publication \u00ab\u00a0Martin Couvra aux portes du top 100 mondial. Matthieu Pavon recule !\u00a0\u00bb<\/p>\n<p><strong>Deuxi\u00e8me de l\u2019Italian Open \u2013 son sixi\u00e8me top 10 de la saison sur le DP World Tour en plus de sa victoire en Turquie le 11 mai \u2013 Martin Couvra se rapproche sensiblement du top 100 mondial. Gr\u00e2ce \u00e0 un bond de 34 places, l\u2019Azur\u00e9en, 22 ans seulement, pointe en 108e position, juste derri\u00e8re Victor Perez (97e). Au repos la semaine pass\u00e9e, Matthieu Pavon sort du top 80 : 81e !\u00a0<\/strong><\/p>\n<p>\u00a0<\/p>\n<p>Deux Fran\u00e7ais aux deux premi\u00e8res places de l\u2019<strong>Italian Open<\/strong>, les r\u00e9percussions au classement mondial du 29 juin 2025 ont \u00e9t\u00e9 imm\u00e9diates. <a href=\"https:\/\/www.golfplanete.com\/actualites\/a-son-200e-depart-sur-le-tour-europeen-adrien-saddier-lemporte-en-italie-et-se-qualifie-avec-martin-couvra-2e-au-153e-the-open-de-lhistoire\/\" target=\"_blank\" rel=\"noopener nofollow\">Vainqueur de l\u2019\u00e9dition 2025<\/a> en Toscane, <strong>Adrien Saddier<\/strong> gagne 72 places. Le Haut-Savoyard est d\u00e9sormais 129e. Son meilleur classement jusque-l\u00e0 \u00e9tait une 178e place obtenue le 30 mars dernier.\u00a0<\/p>\n<p><strong>Martin Couvra<\/strong>, l\u2019autre grand b\u00e9n\u00e9ficiaire de ce superbe doubl\u00e9 tricolore transalpin, fait encore plus fort puisqu\u2019il frappe d\u00e9sormais aux portes du top 100 mondial. Rappelons que le 5 janvier dernier, il \u00e9tait encore 345e !<\/p>\n<p>\u00a0<\/p>\n<p>Pavon : -50 places en six mois<\/p>\n<p><strong>Matthieu Pavon<\/strong> assure toujours les commandes de la maison bleu-blanc-rouge mais le Bordelais perd de nouveau du terrain. Au repos pour encore une semaine avant de d\u00e9fier <strong>The Renaissance Club<\/strong>, h\u00f4te du <strong>Genesis Scottish Open<\/strong>, il recule de quatre places et sort en m\u00eame temps du top 80. Le voil\u00e0 81e (-4).\u00a0<\/p>\n<p>\t\t\t\t\t<a id=\"178042\" href=\"https:\/\/leclub-golf.com\/fr\/actualites\/team-sud-ouest-vs-team-sud-est-le-duel-de-lete?utm_source=golf+planete&amp;utm_medium=referral&amp;utm_campaign=team+sud&amp;utm_id=team+sud_golf+planete_referral_banner\" target=\"_blank\" rel=\"sponsorised nofollow noopener\"><img decoding=\"async\" src=\"data:image\/svg+xml,%3Csvg%20xmlns=\" http:=\"\" class=\"img-responsive\" alt=\"\" data-lazy-src=\"https:\/\/www.europesays.com\/fr\/wp-content\/uploads\/2025\/07\/leclubgolf-e08-duel-teams-1170x275-1.png\"\/><\/a><\/p>\n<p>Trois autres Fran\u00e7ais positionn\u00e9s dans le top 200 enclenchent eux aussi la marche arri\u00e8re : <strong>Romain Langasque<\/strong>, 137e (-6) ; <strong>Antoine Rozner<\/strong>, 146e (-5) ; <strong>Julien Guerrier<\/strong>, 172e (-4).\u00a0<\/p>\n<p>\u00a0<\/p>\n<p><img loading=\"lazy\" decoding=\"async\" class=\"wp-image-178202 size-large aligncenter\" src=\"data:image\/svg+xml,%3Csvg%20xmlns=\" http:=\"\" alt=\"\" width=\"770\" height=\"459\" data-lazy- data-lazy- data-lazy-src=\"https:\/\/www.europesays.com\/fr\/wp-content\/uploads\/2025\/07\/captureclassmondfrench1-770x459.jpg\"\/><\/p>\n<p><img loading=\"lazy\" decoding=\"async\" class=\"wp-image-178203 size-large aligncenter\" src=\"data:image\/svg+xml,%3Csvg%20xmlns=\" http:=\"\" alt=\"\" width=\"770\" height=\"556\" data-lazy- data-lazy- data-lazy-src=\"https:\/\/www.europesays.com\/fr\/wp-content\/uploads\/2025\/07\/captureclassmondfrench2-770x556.jpg\"\/><\/p>\n<p>\u00a0<\/p>\n<p>Le seul changement au sein du top 10 en ce d\u00e9but de semaine 27 est \u00e0 mettre \u00e0 l\u2019actif de <strong>Ludvig \u00c5berg<\/strong> qui gagne un rang et entre de nouveau dans le top 10 \u00e0 la\u2026 10e place (+1), juste devant <strong>Hideki Matsuyama<\/strong>, 11e (+1). <a href=\"https:\/\/www.golfplanete.com\/actualites\/aldrich-potgieter-sort-vainqueur-dun-play-off-a-trois-a-detroit-week-end-a-oublier-pour-perez-et-rozner\/\" target=\"_blank\" rel=\"noopener nofollow\">Vainqueur en play-off du Rocket Classic<\/a>, le Sud-Africain <strong>Aldrich Potgieter<\/strong> avance de 74 places et pointe maintenant en 49e position. Derri\u00e8re <strong>Jordan Spieth<\/strong> (48e) mais devant <strong>Tom Hoge<\/strong> (50e).\u00a0<\/p>\n<p>\u00a0<\/p>\n<p><img loading=\"lazy\" decoding=\"async\" class=\"wp-image-178204 size-large aligncenter\" src=\"data:image\/svg+xml,%3Csvg%20xmlns=\" http:=\"\" alt=\"\" width=\"770\" height=\"463\" data-lazy- data-lazy- data-lazy-src=\"https:\/\/www.europesays.com\/fr\/wp-content\/uploads\/2025\/07\/capture1classmond-1-770x463.jpg\"\/><\/p>\n<p><img loading=\"lazy\" decoding=\"async\" class=\"wp-image-178205 size-large aligncenter\" src=\"data:image\/svg+xml,%3Csvg%20xmlns=\" http:=\"\" alt=\"\" width=\"770\" height=\"461\" data-lazy- data-lazy- data-lazy-src=\"https:\/\/www.europesays.com\/fr\/wp-content\/uploads\/2025\/07\/capture2classmond-1-770x461.jpg\"\/><\/p>\n<p>\u00a0<\/p>\n<p>Photo : Pakawich Damrongkiattisak \/ GETTY IMAGES ASIAPAC \/ Getty Images via AFP<\/p>\n","protected":false},"excerpt":{"rendered":"Partager cet article Partager la publication \u00ab\u00a0Martin Couvra aux portes du top 100 mondial. Matthieu Pavon recule !\u00a0\u00bb&hellip;\n","protected":false},"author":2,"featured_media":140070,"comment_status":"","ping_status":"","sticky":false,"template":"","format":"standard","meta":{"footnotes":""},"categories":[1418],"tags":[1011,27,1472,60],"class_list":{"0":"post-218421","1":"post","2":"type-post","3":"status-publish","4":"format-standard","5":"has-post-thumbnail","7":"category-golf","8":"tag-fr","9":"tag-france","10":"tag-golf","11":"tag-sports"},"share_on_mastodon":{"url":"https:\/\/pubeurope.com\/@fr\/114778614389912056","error":""},"_links":{"self":[{"href":"https:\/\/www.europesays.com\/fr\/wp-json\/wp\/v2\/posts\/218421","targetHints":{"allow":["GET"]}}],"collection":[{"href":"https:\/\/www.europesays.com\/fr\/wp-json\/wp\/v2\/posts"}],"about":[{"href":"https:\/\/www.europesays.com\/fr\/wp-json\/wp\/v2\/types\/post"}],"author":[{"embeddable":true,"href":"https:\/\/www.europesays.com\/fr\/wp-json\/wp\/v2\/users\/2"}],"replies":[{"embeddable":true,"href":"https:\/\/www.europesays.com\/fr\/wp-json\/wp\/v2\/comments?post=218421"}],"version-history":[{"count":0,"href":"https:\/\/www.europesays.com\/fr\/wp-json\/wp\/v2\/posts\/218421\/revisions"}],"wp:featuredmedia":[{"embeddable":true,"href":"https:\/\/www.europesays.com\/fr\/wp-json\/wp\/v2\/media\/140070"}],"wp:attachment":[{"href":"https:\/\/www.europesays.com\/fr\/wp-json\/wp\/v2\/media?parent=218421"}],"wp:term":[{"taxonomy":"category","embeddable":true,"href":"https:\/\/www.europesays.com\/fr\/wp-json\/wp\/v2\/categories?post=218421"},{"taxonomy":"post_tag","embeddable":true,"href":"https:\/\/www.europesays.com\/fr\/wp-json\/wp\/v2\/tags?post=218421"}],"curies":[{"name":"wp","href":"https:\/\/api.w.org\/{rel}","templated":true}]}}