{"id":218430,"date":"2025-07-01T15:16:10","date_gmt":"2025-07-01T15:16:10","guid":{"rendered":"https:\/\/www.europesays.com\/fr\/218430\/"},"modified":"2025-07-01T15:16:10","modified_gmt":"2025-07-01T15:16:10","slug":"tdf-tour-de-france-ef-education-easypost-a-la-chasse-aux-etapes-sans-carapaz","status":"publish","type":"post","link":"https:\/\/www.europesays.com\/fr\/218430\/","title":{"rendered":"TDF. Tour de France &#8211; EF Education-EasyPost \u00e0 la chasse aux \u00e9tapes&#8230; sans Carapaz"},"content":{"rendered":"<p>M\u00eame priv\u00e9e de sa principale t\u00eate d&rsquo;affiche <strong><a href=\"https:\/\/www.cyclismactu.net\/..\/news-tour-de-france-route-richard-carapaz-malade-a-declare-forfait-pour-tour-88607.html\" target=\"_blank\" rel=\"nofollow noopener\">Richard Carapaz<\/a><\/strong>, le maillot \u00e0 pois du <strong>Tour 2024<\/strong> et 3e du <strong>Tour d&rsquo;Italie<\/strong> ayant d\u00fb d\u00e9clarer forfait apr\u00e8s \u00eatre\u00a0tomb\u00e9 malade chez lui en Equateur, l&rsquo;\u00e9quipe\u00a0<strong><a href=\"https:\/\/efprocycling.com\/racing\/2025-tour-de-france-roster-ef-education-easypost\/\" target=\"_blank\" rel=\"nofollow noopener\">EF Education-EasyPost<\/a><\/strong>\u00a0aura fi\u00e8re allure sur les routes du <strong><a href=\"https:\/\/www.cyclismactu.net\/..\/news-tdf-route-tour-de-france-la-startlist-du-tour-presque-complete-dernieres-infos-88207.html\" target=\"_blank\" rel=\"nofollow noopener\">Tour de France 2025<\/a><\/strong>, du 5 au 27 juillet prochain ! La formation am\u00e9ricaine a d\u00e9voil\u00e9 une s\u00e9lection offensive et \u00e0 m\u00eame de faire le spectacle tous les jours avec un seul objectif en t\u00eate : d\u00e9crocher une voire plusieurs victoires d&rsquo;\u00e9tape. \u00ab\u00a021 \u00e9tapes, 21 chances.\u00a0Nous allons illuminer ce Tour de France sur tous les terrains.\u00a0Du Nord \u00e0 la Picardie, en Bretagne et en Normandie, nos coureurs passeront \u00e0 l&rsquo;attaque d\u00e8s que le moment sera venu, ils profiteront de chaque opportunit\u00e9. Attendez-vous \u00e0 les voir attaquer jusqu&rsquo;au dernier circuit parisien\u00a0\u00bb, pr\u00e9vient l&rsquo;\u00e9curie dirig\u00e9e par\u00a0<strong>Jonathan Vaughters<\/strong> dans son communiqu\u00e9.<\/p>\n<p>Vid\u00e9o &#8211; Alex Baudin va d\u00e9couvrir le Tour de France Lire la suite de l&rsquo;article&#13;<\/p>\n<p>\u00a0<\/p>\n<p>&#13;<br \/>\nAlex Baudin, son 1er Tour : \u00ab\u00a0C&rsquo;est mon r\u00eave depuis que je suis tout petit&#8230;\u00a0\u00bb&#13;<\/p>\n<p>Il faut dire qu&rsquo;avec de sacr\u00e9 baroudeurs comme l&rsquo;Irlandais\u00a0<strong>Ben Healy<\/strong>, l&rsquo;Am\u00e9ricain\u00a0<strong>Neilson Powless<\/strong>, le Fran\u00e7ais\u00a0<strong><a href=\"https:\/\/www.cyclismactu.net\/..\/news-criterium-du-dauphine-route-baudin-je-voulais-voir-combien-pogacar-montait-et-88341.html\" target=\"_blank\" rel=\"nofollow noopener\">Alex Baudin<\/a><\/strong> (qui disputera son tout premier Tour de France), les Danois\u00a0<strong>Michael Valgren<\/strong> et\u00a0<strong>Kasper Asgreen<\/strong> (qui vient de retrouver le succ\u00e8s sur le Giro cette ann\u00e9e et a d\u00e9j\u00e0 lev\u00e9 les bras sur le Tour en 2023), l&rsquo;Australien\u00a0<strong>Harry Sweeney<\/strong> et les rapides\u00a0<strong>Vincenzo Albanese<\/strong> et\u00a0<strong>Marijn van den Berg<\/strong>, on risque de voir des maillots roses \u00e0 l&rsquo;avant sur chacune des 21 \u00e9tapes. Le sprinteur n\u00e9erlandais sera \u00e9galement une belle carte \u00e0 jouer lors des sprints massifs, m\u00eame s&rsquo;il n&rsquo;h\u00e9site jamais \u00e0 lui-m\u00eame passer \u00e0 l&rsquo;attaque au vu de ses qualit\u00e9s d&rsquo;endurance et pour franchir les bosses. Un huit de d\u00e9part redoutable qui devrait \u00eatre l&rsquo;un des principaux animateurs de la course tout au long de ces trois semaines.<\/p>\n<p>&#13;<\/p>\n<p><strong>Alex Baudin<\/strong> : \u00ab\u00a0Depuis mes cinq ans, quand j&rsquo;ai commenc\u00e9 \u00e0 faire du v\u00e9lo, je regarde le Tour chaque ann\u00e9e. La plupart du temps, le Tour passait pr\u00e8s de chez moi, dans les Alpes, et on y allait d\u00e8s qu&rsquo;on le pouvait pour voir les coureurs. C&rsquo;est la plus grande course du monde. En France, on parle de la Coupe du monde de football, des Jeux olympiques, puis du Tour de France. Tout le monde regarde le Tour de France en \u00e9t\u00e9. D\u00e8s que tu dis \u00e0 quelqu&rsquo;un que tu es cycliste, on te demande si tu fais le Tour. Maintenant, je vais pouvoir dire oui, et \u00e7a fait vraiment du bien. C&rsquo;est mon r\u00eave depuis que je suis tout petit, donc c&rsquo;est vraiment sp\u00e9cial.<\/p>\n<p>&#13;<\/p>\n<p>Mes amis et ma famille sont encore plus impatients que moi. Je me suis concentr\u00e9 sur la course et sur ma pr\u00e9paration. Je veux vraiment \u00eatre au top de ma forme. Ce parcours a commenc\u00e9 il y a longtemps, lorsque je voulais devenir pro. Courir le Tour est l&rsquo;une des \u00e9tapes cl\u00e9s dans une carri\u00e8re. D&rsquo;abord, on fait un grand tour, puis on court le Tour de France. C&rsquo;est ma troisi\u00e8me ann\u00e9e en tant que professionnel et je suis pr\u00eat. Mon prochain objectif et mon prochain r\u00eave est de remporter une \u00e9tape. Il y a toujours des surprises sur le Tour et on ne sait jamais ce qui va se passer.\u00a0\u00bb<\/p>\n<p>&#13;<\/p>\n<p>\u00a0<\/p>\n<p>&#13;<\/p>\n<p><strong>La compo EF Education-EasyPost pour le Tour de France 2025<\/strong> :<\/p>\n<p>&#13;<\/p>\n<p>&#8211; Kasper Asgreen <br \/>&#8211; Marijn van den Berg <br \/>&#8211; Ben Healy <br \/>&#8211; Alex Baudin <br \/>&#8211; Michael Valgren <br \/>&#8211; Neilson Powless <br \/>&#8211; Harry Sweeney <br \/>&#8211; Vincenzo Albanese<\/p>\n","protected":false},"excerpt":{"rendered":"M\u00eame priv\u00e9e de sa principale t\u00eate d&rsquo;affiche Richard Carapaz, le maillot \u00e0 pois du Tour 2024 et 3e&hellip;\n","protected":false},"author":2,"featured_media":218431,"comment_status":"","ping_status":"","sticky":false,"template":"","format":"standard","meta":{"footnotes":""},"categories":[1411],"tags":[1154,207,211,1011,27,209,60,210,212,208,213],"class_list":{"0":"post-218430","1":"post","2":"type-post","3":"status-publish","4":"format-standard","5":"has-post-thumbnail","7":"category-cyclisme","8":"tag-cycling","9":"tag-cyclisme","10":"tag-ffc","11":"tag-fr","12":"tag-france","13":"tag-route","14":"tag-sports","15":"tag-tour-de-france","16":"tag-uci","17":"tag-velo","18":"tag-world-tour"},"share_on_mastodon":{"url":"https:\/\/pubeurope.com\/@fr\/114778641792974029","error":""},"_links":{"self":[{"href":"https:\/\/www.europesays.com\/fr\/wp-json\/wp\/v2\/posts\/218430","targetHints":{"allow":["GET"]}}],"collection":[{"href":"https:\/\/www.europesays.com\/fr\/wp-json\/wp\/v2\/posts"}],"about":[{"href":"https:\/\/www.europesays.com\/fr\/wp-json\/wp\/v2\/types\/post"}],"author":[{"embeddable":true,"href":"https:\/\/www.europesays.com\/fr\/wp-json\/wp\/v2\/users\/2"}],"replies":[{"embeddable":true,"href":"https:\/\/www.europesays.com\/fr\/wp-json\/wp\/v2\/comments?post=218430"}],"version-history":[{"count":0,"href":"https:\/\/www.europesays.com\/fr\/wp-json\/wp\/v2\/posts\/218430\/revisions"}],"wp:featuredmedia":[{"embeddable":true,"href":"https:\/\/www.europesays.com\/fr\/wp-json\/wp\/v2\/media\/218431"}],"wp:attachment":[{"href":"https:\/\/www.europesays.com\/fr\/wp-json\/wp\/v2\/media?parent=218430"}],"wp:term":[{"taxonomy":"category","embeddable":true,"href":"https:\/\/www.europesays.com\/fr\/wp-json\/wp\/v2\/categories?post=218430"},{"taxonomy":"post_tag","embeddable":true,"href":"https:\/\/www.europesays.com\/fr\/wp-json\/wp\/v2\/tags?post=218430"}],"curies":[{"name":"wp","href":"https:\/\/api.w.org\/{rel}","templated":true}]}}