{"id":218442,"date":"2025-07-01T15:22:13","date_gmt":"2025-07-01T15:22:13","guid":{"rendered":"https:\/\/www.europesays.com\/fr\/218442\/"},"modified":"2025-07-01T15:22:13","modified_gmt":"2025-07-01T15:22:13","slug":"vanille-clerc-qui-est-son-compagnon-gigi-qui-a-remplace-le-pere-de-son-fils","status":"publish","type":"post","link":"https:\/\/www.europesays.com\/fr\/218442\/","title":{"rendered":"Vanille Clerc : qui est son compagnon Gigi, qui a remplac\u00e9 le p\u00e8re de son fils ?"},"content":{"rendered":"<p>C\u2019est avec Virginie Coup\u00e9rie-Eiffel que Julien Clerc a eu une<br \/>\nfille, pr\u00e9nomm\u00e9e Vanille. Cette derni\u00e8re a d\u00e9voil\u00e9 un nouvel album,<br \/>\nbaptis\u00e9 Regarde. Le premier \u00ab\u00a0racontait l&rsquo;insouciance et les<br \/>\nvoyages\u00a0\u00bb, alors que le second fut \u00ab\u00a0r\u00e9alis\u00e9 pendant le<br \/>\nconfinement avec son amoureux, un musicien br\u00e9silien qui deviendra<br \/>\nle p\u00e8re de son fils\u00a0\u00bb, un petit gar\u00e7on de 5 ans pr\u00e9nomm\u00e9 L\u00e9on.<br \/>\nC\u2019est avec <a href=\"https:\/\/www.closermag.fr\/people\/vanille-clerc-se-confie-comme-rarement-sur-la-rupture-avec-le-pere-de-son-fils-leon-plus-desperance-3556691\" target=\"_blank\" rel=\"noopener\"><br \/>\nRobinho Tavares<\/a> qu\u2019elle a eu <strong>ce petit<br \/>\ngar\u00e7on.<\/strong><\/p>\n<p>Mais leur relation \u201cn\u2019a pas dur\u00e9\u00a0\u00bb. \u00ab\u00a0Il avait le mal du pays,<br \/>\nla saudade&#8230; Il \u00e9tait malheureux ici. \u00c7a a \u00e9t\u00e9 un gros chagrin<br \/>\nd&rsquo;amour parce que j&rsquo;y croyais dur comme fer. Quand j&rsquo;ai commenc\u00e9 \u00e0<br \/>\ntravailler sur de nouvelles chansons, j&rsquo;avais d\u00e9j\u00e0 fait le deuil de<br \/>\nnotre union. Je ne voulais pas avoir de ressentiment \u00e0 vie. Alors<br \/>\nje parle (aujourd&rsquo;hui, dans son nouvel album, ndlr) d&rsquo;espoir et de<br \/>\nreconstruction\u201d, confie-t-elle \u00e0 nos confr\u00e8res de Paris<br \/>\nMatch.\u00a0<\/p>\n<p>La fille de Julien Clerc se confie sur sa relation d&rsquo;amour avec<br \/>\nGigi, qui joue le r\u00f4le du papa de son fils<\/p>\n<p>La <a href=\"https:\/\/www.closermag.fr\/people\/julien-clerc-robe-ultra-moulante-bottes-en-cuir-sa-fille-vanille-fait-sensation-sans-soutien-gorge-3552305\" target=\"_blank\" rel=\"noopener\"><br \/>\nfille de Julien Clerc<\/a> a alors refait sa vie avec un homme<br \/>\npr\u00e9nomm\u00e9 <strong>Gigi<\/strong>, qui travaille dans une entreprise<br \/>\nde haute technologie au service de la m\u00e9decine : \u00ab\u00a0En repartant<br \/>\nau Br\u00e9sil, le p\u00e8re de mon fils a laiss\u00e9 une place vacante que Gigi<br \/>\na prise. Quand mon fils le regarde, je vois des<br \/>\n\u00e9tincelles dans ses yeux\u201d.<\/p>\n<p>D\u2019ailleurs dans son nouvel album, Vanille Clerc fait une jolie<br \/>\nd\u00e9claration d\u2019amour \u00e0 son amoureux : \u00ab\u00a0Entre nous, il n&rsquo;y a plus<br \/>\nl&rsquo;esp\u00e9rance, une chance d&rsquo;une vie \u00e0 deux, mais il y a tellement<br \/>\nplus&#8230; <strong>Il y a<\/strong> <strong>L\u00e9on , le meilleur<br \/>\nde nous<\/strong> (&#8230;) Lorsque vous \u00eates m\u00e8re, les priorit\u00e9s<br \/>\nchangent. En amour comme en amiti\u00e9, vous n&rsquo;avez plus le temps que<br \/>\npour les jolies choses.\u00a0\u00bb<\/p>\n<p>Vanille Clerc n&rsquo;a jamais \u00e9t\u00e9 aid\u00e9e par<br \/>\nson c\u00e9l\u00e8bre papa<\/p>\n<p>De jolies d\u00e9clarations de la part de <a href=\"https:\/\/www.closermag.fr\/people\/vanille-la-fille-de-julien-clerc-fait-de-rares-confidences-sur-son-pere-et-son-enfance-1714610\" target=\"_blank\" rel=\"noopener\"><br \/>\nVanille Clerc<\/a> qui a toujours fait ses armes toute seule. En<br \/>\neffet, hors de question pour Julien Clerc de pistonner son enfant<br \/>\ndans sa carri\u00e8re musicale. \u00ab\u00a0Il \u00e9tait tr\u00e8s inquiet pour sa fille<br \/>\ncar il conna\u00eet la fragilit\u00e9 du m\u00e9tier et redoutait les pi\u00e8ges de la<br \/>\nc\u00e9l\u00e9brit\u00e9\u00a0\u00bb, explique Virginie Coup\u00e9rie-Eiffel \u00e0 Paris<br \/>\nMatch.<\/p>\n<p>Julien Clerc\u00a0sait \u00f4 combien l\u2019image de \u00ab\u00a0filles et fils<br \/>\nde\u00a0\u00bb peut nuire \u00e0 une carri\u00e8re. \u00ab\u00a0Julien n\u2019a jamais pris son<br \/>\nt\u00e9l\u00e9phone pour appeler un producteur. Il n\u2019a pas voulu aider<br \/>\nVanille \u00e0 affiner le rythme de ses m\u00e9lodies ni \u00e0 trouver un agent.<br \/>\nDeal tacite entre p\u00e8re et fille\u00a0\u00bb, \u00e9crit nos confr\u00e8res.<br \/>\n\u00ab\u00a0J\u2019avais quand m\u00eame ce poids sur les \u00e9paules. Quand votre p\u00e8re<br \/>\nest un monstre de la chanson fran\u00e7aise, <strong>vous ne partez pas<br \/>\nd\u00e9contract\u00e9e<\/strong> (\u2026) Il a eu l\u2019intelligence de me laisser<br \/>\ntracer seule mon chemin vers la musique\u00a0\u00bb.<\/p>\n","protected":false},"excerpt":{"rendered":"C\u2019est avec Virginie Coup\u00e9rie-Eiffel que Julien Clerc a eu une fille, pr\u00e9nomm\u00e9e Vanille. Cette derni\u00e8re a d\u00e9voil\u00e9 un&hellip;\n","protected":false},"author":2,"featured_media":218443,"comment_status":"","ping_status":"","sticky":false,"template":"","format":"standard","meta":{"footnotes":""},"categories":[1355],"tags":[548,58,59,1011,27,1735,1361,873],"class_list":{"0":"post-218442","1":"post","2":"type-post","3":"status-publish","4":"format-standard","5":"has-post-thumbnail","7":"category-musique","8":"tag-article-simple","9":"tag-divertissement","10":"tag-entertainment","11":"tag-fr","12":"tag-france","13":"tag-julien-clerc","14":"tag-music","15":"tag-musique"},"share_on_mastodon":{"url":"https:\/\/pubeurope.com\/@fr\/114778665383851956","error":""},"_links":{"self":[{"href":"https:\/\/www.europesays.com\/fr\/wp-json\/wp\/v2\/posts\/218442","targetHints":{"allow":["GET"]}}],"collection":[{"href":"https:\/\/www.europesays.com\/fr\/wp-json\/wp\/v2\/posts"}],"about":[{"href":"https:\/\/www.europesays.com\/fr\/wp-json\/wp\/v2\/types\/post"}],"author":[{"embeddable":true,"href":"https:\/\/www.europesays.com\/fr\/wp-json\/wp\/v2\/users\/2"}],"replies":[{"embeddable":true,"href":"https:\/\/www.europesays.com\/fr\/wp-json\/wp\/v2\/comments?post=218442"}],"version-history":[{"count":0,"href":"https:\/\/www.europesays.com\/fr\/wp-json\/wp\/v2\/posts\/218442\/revisions"}],"wp:featuredmedia":[{"embeddable":true,"href":"https:\/\/www.europesays.com\/fr\/wp-json\/wp\/v2\/media\/218443"}],"wp:attachment":[{"href":"https:\/\/www.europesays.com\/fr\/wp-json\/wp\/v2\/media?parent=218442"}],"wp:term":[{"taxonomy":"category","embeddable":true,"href":"https:\/\/www.europesays.com\/fr\/wp-json\/wp\/v2\/categories?post=218442"},{"taxonomy":"post_tag","embeddable":true,"href":"https:\/\/www.europesays.com\/fr\/wp-json\/wp\/v2\/tags?post=218442"}],"curies":[{"name":"wp","href":"https:\/\/api.w.org\/{rel}","templated":true}]}}