{"id":218446,"date":"2025-07-01T15:24:11","date_gmt":"2025-07-01T15:24:11","guid":{"rendered":"https:\/\/www.europesays.com\/fr\/218446\/"},"modified":"2025-07-01T15:24:11","modified_gmt":"2025-07-01T15:24:11","slug":"les-puffs-sont-une-vraie-bombe-a-retardement","status":"publish","type":"post","link":"https:\/\/www.europesays.com\/fr\/218446\/","title":{"rendered":"les \u00ab\u00a0puffs\u00a0\u00bb sont une vraie bombe \u00e0 retardement"},"content":{"rendered":"<p>Depuis pr\u00e8s de 20\u00a0ans, <a href=\"https:\/\/www.presse-citron.net\/les-cigarettes-electroniques-de-juul-vont-davantage-deserter-leurope\/\" rel=\"nofollow noopener\" target=\"_blank\">les cigarettes \u00e9lectroniques<\/a> gagnent en popularit\u00e9 d\u2019ann\u00e9e en ann\u00e9e. Derri\u00e8re l\u2019\u00e9mergence de ce produit, une promesse. Ces \u00ab\u00a0vapoteuses\u00a0\u00bb seraient bien moins dangereuses que les cigarettes classiques. Face \u00e0 un danger moindre (sur le papier du moins), les jeunes ont \u00e9t\u00e9 les premiers \u00e0 adopter ces cigarettes d\u2019un nouveau genre.<\/p>\n<p>Mais dans une \u00e9tude publi\u00e9e ce 25\u00a0juin au sein de la revue ACS Central Science, des scientifiques viennent de mettre le doigt sur un probl\u00e8me majeur pour ces \u00ab\u00a0<a href=\"https:\/\/www.presse-citron.net\/les-cigarettes-electroniques-sont-vraiment-nefastes-pour-votre-sante\/\" rel=\"false nofollow noopener\" target=\"_blank\">vapoteuses<\/a>\u00a0\u00bb. Ils ont test\u00e9 des produits jetables tr\u00e8s populaires, or ils contenaient tous des m\u00e9taux dangereux tels que du plomb, du chrome et du nickel.<\/p>\n<p> Des cigarettes tr\u00e8s nocives <\/p>\n<p>Il est av\u00e9r\u00e9 que l\u2019inhalation de ces toxines augmente le risque de cancer, de maladies respiratoires et de l\u00e9sions nerveuses. Or les cigarettes \u00e9lectroniques jetables sont celles qui \u00e9mettent le plus de ces m\u00e9taux. Leurs taux sont largement sup\u00e9rieurs aux autres cigarettes, qu\u2019elles soient traditionnelles ou \u00e9lectroniques.<\/p>\n<p>L\u2019une des marques test\u00e9es dans cette exp\u00e9rience a lib\u00e9r\u00e9 de plus grandes quantit\u00e9s de plomb en une journ\u00e9e d\u2019utilisation que 20\u00a0paquets de cigarettes classiques. Les chercheurs en ont logiquement conclu, <a href=\"https:\/\/www.presse-citron.net\/nouvelle-loi-anti-tabac-fumer-dans-tous-ces-lieux-vous-vaudra-bientot-une-lourde-amende\/\" rel=\"nofollow noopener\" target=\"_blank\">qu\u2019une nouvelle r\u00e9glementation devait arriver au plus vite<\/a>. Ils pointent notamment du doigt l\u2019utilisation massive de ces \u00ab\u00a0vapoteuses\u00a0\u00bb chez les adolescents et les jeunes de mani\u00e8re g\u00e9n\u00e9rale.<\/p>\n<p>Pour le professeur Brett Poulin, co-auteur de cette \u00e9tude et professeur adjoint de toxicologie environnementale \u00e0 l\u2019Universit\u00e9 de Californie, ce travail de recherche met en \u00e9vidence \u00ab\u00a0le risque cach\u00e9 de ces nouvelles et populaires cigarettes \u00e9lectroniques jetables.\u00a0\u00bb\u00a0<\/p>\n<p> Des produits interdits\u00a0? <\/p>\n<p>En France<strong> les cigarettes \u00e9lectroniques jetables sont interdites \u00e0 la vente<\/strong> depuis le 26\u00a0f\u00e9vrier dernier. Selon le minist\u00e8re de la Sant\u00e9, ces produits \u00e9taient \u00ab\u00a0particuli\u00e8rement pris\u00e9s chez les adolescents\u00a0\u00bb. Outre le risque sanitaire \u00e9vident que repr\u00e9sente les \u00ab\u00a0puffs\u00a0\u00bb, ces appareils, \u00e0 usage unique, \u00e9taient des d\u00e9chets environnementaux tr\u00e8s dangereux.<\/p>\n<p>Pens\u00e9es pour \u00eatre jet\u00e9es, elles ne sont pas ou tr\u00e8s peu recycl\u00e9es, et leur concentration en m\u00e9taux lourds est un vrai probl\u00e8me pour la plan\u00e8te. Une seule de ces cigarettes jetables peut polluer des centaines de litres d\u2019eau.<\/p>\n<p>Ce n\u2019est pas la premi\u00e8re fois que la science s\u2019attaque au probl\u00e8me des cigarettes jetables. D\u2019autres \u00e9tudes ant\u00e9rieures avaient d\u00e9j\u00e0 mis en avant la composition tr\u00e8s nocive de ces produits. Ce nouveau travail de recherche se concentre sur le dispositif en lui-m\u00eame, tout aussi n\u00e9faste pour la sant\u00e9 des utilisateurs.<\/p>\n<p>Pour rappel, <a href=\"https:\/\/www.presse-citron.net\/6-conseils-pour-arreter-de-fumer-en-douceur\/\" rel=\"false nofollow noopener\" target=\"_blank\">fumer tue<\/a>. Chaque ann\u00e9e 8\u00a0millions de personnes d\u00e9c\u00e8dent \u00e0 cause des produits li\u00e9s au tabac. Il a \u00e9t\u00e9 maintes fois prouv\u00e9 que la cigarette \u00e9lectronique n\u2019est pas anecdotique. Son usage augmente grandement les risques de cardiopathies et de troubles pulmonaires.<\/p>\n<p>Pour avoir des informations sur le tabac et \u00eatre accompagn\u00e9, consulter le site <a href=\"https:\/\/www.tabac-info-service.fr\/je-me-fais-accompagner\/le-39-89\" rel=\"nofollow noopener\" target=\"_blank\">Tabac Info Service<\/a> ou appeler le 39 89.\u00a0<\/p>\n<blockquote>\n<p class=\"text-base text-neutral-700 dark:text-neutral-300\">\ud83d\udccd Pour ne manquer aucune actualit\u00e9 de Presse-citron, suivez-nous sur <a href=\"https:\/\/news.google.com\/publications\/CAAqBggKMIPiNTC70wU?hl=fr&amp;gl=FR&amp;ceid=FR%3Afr\" target=\"_blank\" rel=\"nofollow noopener\">Google Actualit\u00e9s<\/a> et <a href=\"https:\/\/whatsapp.com\/channel\/0029VaCkGuz4NViitBXbEr0b\" target=\"_blank\" rel=\"nofollow noopener\">WhatsApp<\/a>.<\/p>\n<\/blockquote>\n<p>            <img decoding=\"async\" src=\"https:\/\/www.europesays.com\/fr\/wp-content\/uploads\/2025\/03\/tous-anti-covid.png\" alt=\"TousAntiCovid\" loading=\"lazy\"\/>                            <\/p>\n","protected":false},"excerpt":{"rendered":"Depuis pr\u00e8s de 20\u00a0ans, les cigarettes \u00e9lectroniques gagnent en popularit\u00e9 d\u2019ann\u00e9e en ann\u00e9e. Derri\u00e8re l\u2019\u00e9mergence de ce produit,&hellip;\n","protected":false},"author":2,"featured_media":218447,"comment_status":"","ping_status":"","sticky":false,"template":"","format":"standard","meta":{"footnotes":""},"categories":[10],"tags":[1011,27,72,71],"class_list":{"0":"post-218446","1":"post","2":"type-post","3":"status-publish","4":"format-standard","5":"has-post-thumbnail","7":"category-sante","8":"tag-fr","9":"tag-france","10":"tag-health","11":"tag-sante"},"share_on_mastodon":{"url":"https:\/\/pubeurope.com\/@fr\/114778673333321463","error":""},"_links":{"self":[{"href":"https:\/\/www.europesays.com\/fr\/wp-json\/wp\/v2\/posts\/218446","targetHints":{"allow":["GET"]}}],"collection":[{"href":"https:\/\/www.europesays.com\/fr\/wp-json\/wp\/v2\/posts"}],"about":[{"href":"https:\/\/www.europesays.com\/fr\/wp-json\/wp\/v2\/types\/post"}],"author":[{"embeddable":true,"href":"https:\/\/www.europesays.com\/fr\/wp-json\/wp\/v2\/users\/2"}],"replies":[{"embeddable":true,"href":"https:\/\/www.europesays.com\/fr\/wp-json\/wp\/v2\/comments?post=218446"}],"version-history":[{"count":0,"href":"https:\/\/www.europesays.com\/fr\/wp-json\/wp\/v2\/posts\/218446\/revisions"}],"wp:featuredmedia":[{"embeddable":true,"href":"https:\/\/www.europesays.com\/fr\/wp-json\/wp\/v2\/media\/218447"}],"wp:attachment":[{"href":"https:\/\/www.europesays.com\/fr\/wp-json\/wp\/v2\/media?parent=218446"}],"wp:term":[{"taxonomy":"category","embeddable":true,"href":"https:\/\/www.europesays.com\/fr\/wp-json\/wp\/v2\/categories?post=218446"},{"taxonomy":"post_tag","embeddable":true,"href":"https:\/\/www.europesays.com\/fr\/wp-json\/wp\/v2\/tags?post=218446"}],"curies":[{"name":"wp","href":"https:\/\/api.w.org\/{rel}","templated":true}]}}