{"id":218450,"date":"2025-07-01T15:26:13","date_gmt":"2025-07-01T15:26:13","guid":{"rendered":"https:\/\/www.europesays.com\/fr\/218450\/"},"modified":"2025-07-01T15:26:13","modified_gmt":"2025-07-01T15:26:13","slug":"en-photos-stormi-la-fille-de-kylie-jenner-agee-de-7-ans-et-ses-tenues-chanel-vintage-a-venise","status":"publish","type":"post","link":"https:\/\/www.europesays.com\/fr\/218450\/","title":{"rendered":"En photos, Stormi, la fille de Kylie Jenner, \u00e2g\u00e9e de 7 ans, et ses tenues Chanel vintage \u00e0 Venise"},"content":{"rendered":"<p>    Stormi Webster et Kylie Jenner \u00e0 Venise. (Italie, le 29 juin 2025.)<br \/>\n                Piovanotto Marco\/ABACA<\/p>\n<p>Aper\u00e7ue ce 29 juin dans les rues de Venise, Stormi Webster, la fille de Kylie Jenner, arborait des looks Chanel vintage et a fait sensation.<\/p>\n<p class=\"fig-paragraph\">Telle m\u00e8re, telle fille. Ce week-end,\u00a0<a href=\"http:\/\/madame.lefigaro.fr\/celebrites\/actu-people\/que-la-semaine-d-anniversaire-commence-kylie-jenner-celebre-les-6-ans-de-sa-fille-stormi-20240202\" target=\"_blank\" data-fig-type=\"Article\" rel=\"noopener\" data-gtm-custom-categorie=\"navigation\" data-gtm-custom-action=\"crossclick\" data-gtm-custom-label=\"Contextuel\" data-gtm-event=\"customEventSPE\" data-fig-domain=\"MADAME\">Stormi Webster<\/a>, la fille a\u00een\u00e9e de Kylie Jenner, issue de sa relation avec le rappeur Travis Scott, \u00e9tait \u00e0 Venise \u00e0 l\u2019occasion du mariage de Lauren S\u00e1nchez et Jeff Bezos, auquel sa m\u00e8re, aujourd\u2019hui en couple avec Timoth\u00e9e Chalamet, \u00e9tait invit\u00e9e. Tandis que le gotha c\u00e9l\u00e9brait l\u2019\u00e9v\u00e9nement, au d\u00e9tour d\u2019un bateau-taxi, c\u2019est une petite silhouette qui a capt\u00e9 l\u2019attention et d\u00e9clench\u00e9 l\u2019admiration des modeuses. La fillette s\u2019est en effet illustr\u00e9e en arborant deux looks\u00a0<a href=\"https:\/\/madame.lefigaro.fr\/defiles\/chanel\/automne-hiver-25-26\/pret-a-porter\/defile-chanel-pret-a-porter-automne-hiver-25-26-20250207\" target=\"_blank\" data-fig-type=\"Article\" rel=\"noopener\" data-gtm-custom-categorie=\"navigation\" data-gtm-custom-action=\"crossclick\" data-gtm-custom-label=\"Contextuel\" data-gtm-event=\"customEventSPE\" data-fig-domain=\"MADAME\">Chanel<\/a>\u00a0vintage, issus des archives de la maison fran\u00e7aise.<\/p>\n<p class=\"fig-paragraph\">Du haut de ses 7 ans, la fille de la vedette am\u00e9ricaine de t\u00e9l\u00e9r\u00e9alit\u00e9 a prouv\u00e9 que le sens du style se cultivait d\u00e8s l\u2019enfance (surtout lorsque l\u2019on a une m\u00e8re \u00e0 la garde-robe impressionnante). Au fil des publications Instagram de\u00a0<a href=\"http:\/\/madame.lefigaro.fr\/style\/news\/un-crime-simone-biles-tacle-la-marque-de-vetements-de-kylie-jenner-20250605\" target=\"_blank\" data-fig-type=\"Article\" rel=\"noopener\" data-gtm-custom-categorie=\"navigation\" data-gtm-custom-action=\"crossclick\" data-gtm-custom-label=\"Contextuel\" data-gtm-event=\"customEventSPE\" data-fig-domain=\"MADAME\">Kylie Jenner<\/a>, on d\u00e9couvre l\u2019enfant tout sourire, perch\u00e9e sur les genoux de sa m\u00e8re, v\u00eatue de pi\u00e8ces Chanel. Son premier look\u00a0? Un d\u00e9bardeur \u00e0 volants en velours noir, assorti d\u2019une jupe de la m\u00eame mati\u00e8re. Une silhouette chic et intemporelle qui semble \u00eatre une version miniature (et sur-mesure) d\u2019une pi\u00e8ce de la collection automne 2001 de Chanel \u2014 soit 17 ans de plus que Stormi. Affichant l\u2019ensemble en story, la fondatrice de Kylie Cosmetics a l\u00e9gend\u00e9\u00a0: \u00abFancy Girl\u00bb.<\/p>\n<p>Minirobe en velours magenta<\/p>\n<p class=\"fig-paragraph\">Mais c\u2019est le deuxi\u00e8me look de Stormi qui a encore plus attir\u00e9 l\u2019attention des fans de mode\u00a0: une minirobe en velours magenta, brod\u00e9e des logos Chanel. Cette pi\u00e8ce rappelle une cr\u00e9ation culte du printemps 1996, initialement port\u00e9e par\u00a0<a href=\"http:\/\/madame.lefigaro.fr\/celebrites\/actu-people\/les-larmes-de-linda-evangelista-devant-l-objectif-de-salma-hayek-20250603\" target=\"_blank\" data-fig-type=\"Article\" rel=\"noopener\" data-gtm-custom-categorie=\"navigation\" data-gtm-custom-action=\"crossclick\" data-gtm-custom-label=\"Contextuel\" data-gtm-event=\"customEventSPE\" data-fig-domain=\"MADAME\">Linda Evangelista<\/a>\u00a0et r\u00e9interpr\u00e9t\u00e9e par Kylie en 2019 dans une version sans manches. Aussi, elle \u00e9voque l\u2019une des tenues port\u00e9es par Iggy Azalea dans son clip Fancy, elle-m\u00eame inspir\u00e9e du film Clueless. Une r\u00e9f\u00e9rence entre mode et culture pop. Durant ce m\u00eame voyage, la petite fille a \u00e9galement port\u00e9 un mini-sac \u00e0 main matelass\u00e9 de la maison fran\u00e7aise.<\/p>\n<p>    Kylie Jenner et sa fille Stormi Webster au d\u00e9fil\u00e9 Valentino. (Paris, le 24 janvier 2024.)<br \/>\n                Jacopo Raule \/ Getty Images<\/p>\n<p>Assorties<\/p>\n<p class=\"fig-paragraph\">Ce n\u2019est pas une premi\u00e8re fois que Stormi Webster appara\u00eet dans des tenues fashion. Comme une \u00abmini me\u00bb, elle avait assist\u00e9 au d\u00e9fil\u00e9 Valentino de janvier 2024 dans un<a href=\"http:\/\/madame.lefigaro.fr\/style\/news\/kylie-jenner-et-sa-fille-stormi-5-ans-apparaissent-en-robes-assorties-au-defile-valentino-a-paris-20240125\" target=\"_blank\" data-fig-type=\"Article\" rel=\"noopener\" data-gtm-custom-categorie=\"navigation\" data-gtm-custom-action=\"crossclick\" data-gtm-custom-label=\"Contextuel\" data-gtm-event=\"customEventSPE\" data-fig-domain=\"MADAME\">\u00a0look assorti\u00a0<\/a>\u00e0 celui de sa m\u00e8re\u00a0: robe noire, fourrure, ballerines vernies, lunettes de soleil et mini-sac de la griffe. Bien que ses apparitions publiques soient encore rares, elles donnent le ton sur son potentiel mode.<\/p>\n","protected":false},"excerpt":{"rendered":"Stormi Webster et Kylie Jenner \u00e0 Venise. (Italie, le 29 juin 2025.) Piovanotto Marco\/ABACA Aper\u00e7ue ce 29 juin&hellip;\n","protected":false},"author":2,"featured_media":218451,"comment_status":"","ping_status":"","sticky":false,"template":"","format":"standard","meta":{"footnotes":""},"categories":[8],"tags":[998,988,991,1000,1890,993,58,994,847,2773,59,992,638,1011,27,19295,997,977,999,989,995,973,990,16787,996],"class_list":{"0":"post-218450","1":"post","2":"type-post","3":"status-publish","4":"format-standard","5":"has-post-thumbnail","7":"category-divertissement","8":"tag-accessoire","9":"tag-actu-mode","10":"tag-actualite-mode","11":"tag-celebrites","12":"tag-chanel","13":"tag-defiles","14":"tag-divertissement","15":"tag-egerie-mode","16":"tag-enfant","17":"tag-enfants-de","18":"tag-entertainment","19":"tag-fashion-week","20":"tag-figaro","21":"tag-fr","22":"tag-france","23":"tag-kylie-jenner","24":"tag-lingerie","25":"tag-madame","26":"tag-mode-fashion-femme","27":"tag-mode-femme","28":"tag-nouvelle-tendance","29":"tag-people","30":"tag-tendance-mode","31":"tag-venise","32":"tag-vetement"},"share_on_mastodon":{"url":"https:\/\/pubeurope.com\/@fr\/114778681197133643","error":""},"_links":{"self":[{"href":"https:\/\/www.europesays.com\/fr\/wp-json\/wp\/v2\/posts\/218450","targetHints":{"allow":["GET"]}}],"collection":[{"href":"https:\/\/www.europesays.com\/fr\/wp-json\/wp\/v2\/posts"}],"about":[{"href":"https:\/\/www.europesays.com\/fr\/wp-json\/wp\/v2\/types\/post"}],"author":[{"embeddable":true,"href":"https:\/\/www.europesays.com\/fr\/wp-json\/wp\/v2\/users\/2"}],"replies":[{"embeddable":true,"href":"https:\/\/www.europesays.com\/fr\/wp-json\/wp\/v2\/comments?post=218450"}],"version-history":[{"count":0,"href":"https:\/\/www.europesays.com\/fr\/wp-json\/wp\/v2\/posts\/218450\/revisions"}],"wp:featuredmedia":[{"embeddable":true,"href":"https:\/\/www.europesays.com\/fr\/wp-json\/wp\/v2\/media\/218451"}],"wp:attachment":[{"href":"https:\/\/www.europesays.com\/fr\/wp-json\/wp\/v2\/media?parent=218450"}],"wp:term":[{"taxonomy":"category","embeddable":true,"href":"https:\/\/www.europesays.com\/fr\/wp-json\/wp\/v2\/categories?post=218450"},{"taxonomy":"post_tag","embeddable":true,"href":"https:\/\/www.europesays.com\/fr\/wp-json\/wp\/v2\/tags?post=218450"}],"curies":[{"name":"wp","href":"https:\/\/api.w.org\/{rel}","templated":true}]}}