{"id":218454,"date":"2025-07-01T15:28:10","date_gmt":"2025-07-01T15:28:10","guid":{"rendered":"https:\/\/www.europesays.com\/fr\/218454\/"},"modified":"2025-07-01T15:28:10","modified_gmt":"2025-07-01T15:28:10","slug":"oppose-a-une-loi-budgetaire-suicidaire-elon-musk-menace-de-fracturer-la-droite-americaine-liberation","status":"publish","type":"post","link":"https:\/\/www.europesays.com\/fr\/218454\/","title":{"rendered":"Oppos\u00e9 \u00e0 une loi budg\u00e9taire \u00absuicidaire\u00bb, Elon Musk menace de fracturer la droite am\u00e9ricaine &#8211; Lib\u00e9ration"},"content":{"rendered":"<ol>\n<li><a href=\"https:\/\/news.google.com\/rss\/articles\/CBMihgJBVV95cUxOMExGbzlZSm1UOXBHRkdfOEVvV3E3eHhZY09IdXg5ZTlxWWsyYzBHV3l3TWdrcHBWLWtPVUZtYjJpSFlYbDJDbllMWS0telhLdVFtRkFPSlpFenRoTnVmX3hpNFYxVVp2SE5ocmlHeW9TZUJ5U1lQcHVpREh5ZE5UU1pJTTB0ZHRSM2EtbVA3M2VDWmhYX3FVQS15eTFwb1B1ckZaVjBoRjVmck5nQm41Wm8zQUItLVJHbGNXZUw4NUh1REZ6ZnRtdmZ2dk5PRC1MS2l2ZkRBZkM5U3psVG1HUGFDcVd2Snlra0xUYjR4N29sQXRGOFcyQUhQd29yNmFacG12TzJn?oc=5\" target=\"_blank\" rel=\"noopener\">Oppos\u00e9 \u00e0 une loi budg\u00e9taire \u00absuicidaire\u00bb, Elon Musk menace de fracturer la droite am\u00e9ricaine<\/a>&nbsp;&nbsp;Lib\u00e9ration<\/li>\n<li><a href=\"https:\/\/news.google.com\/rss\/articles\/CBMingJBVV95cUxQa0xLNm1QcmU1RnFJSWpmSHp2MkFFbFUwMXQ3ZzNOT01YVlRRWUpueEtHZi1HclhNTDd6cjFoOVpuNWo0TDY0d25SVy0zQndreGN4cW5WMW92RC01QmYtVFRoR1NJTTJ6SVpnbGhQRjdXMnBjbmVWUXByZmFTejZHS200VVA0bWdqTG5HX3JrNmVURXFIdUhQa0FtQlJjZnhzZkk2bUVIVE5FTThSSlFxc3pkVG0tOFdSR3VBMnc4dGcxaThPLVBjRklpMmZsaXdvZzVVQ3hsWFRGbnFveklpRUd3WGpuZWtHLTBrM2tCZ3JZXzRmbDBzbnJDdERQU2Z2Z3FFbTcxRGw2dlh6UThLaUdmb2ZXa3p6dXJwLUN3?oc=5\" target=\"_blank\" rel=\"noopener\">\u00ab\u00a0Il devrait rentrer chez lui en Afrique du Sud\u00a0\u00bb: Trump r\u00e9pond brutalement \u00e0 Musk qui veut faire campagne contre lui avec son \u00ab\u00a0parti de l&rsquo;Am\u00e9rique\u00a0\u00bb<\/a>&nbsp;&nbsp;BFMTV<\/li>\n<li><a href=\"https:\/\/news.google.com\/rss\/articles\/CBMipgJBVV95cUxOVjA4QWh6c1Z2Z0c2SjFDZTJTYTRpMkFTODJiMDJ2NmFmdVB3QXhfNWZjQnhrdUpTUHNGRVV5dmQxUjdLcnAtQUlzTEo2UHF0SFNsQUdmZ1hzZV9fX1pVR1gwVVFNektod2hoNkR3Yjg0dHRLOW1SQ1RVWVdDQ0lILVZtYjNiaFFoeEI5cUg2OEJBcTVlY083U3BxRnlnb0pVVTVfVlZNWFFOSVRjbXlaS1pFMFYyMHlBUGtMcmxnU1FwaWZaQ0xlSWx5R0k0bGNXWkZiS0hKX3dIVktTOEZjSDc2OW0zS0gzV1ltTWxiN3JzaU82TFhjQk1yYU9yUTB5UlhPcnhqYmtpRnhBd2VhSXg2d0tQMk4ySFJtMzZ0ODV4M3h6VWfSAasCQVVfeXFMUEw0OVUwVW5UcmlPVUkxSGpsblIxd1FuRnUxajdKZkFPTGJMc1FOM2wza3ZiWXFJc3dzS1RpbHEwTEt1ZHVYdFpQTTM4eVo4a1dNal80Vm1TbWcwQTlJaXpGV0xUMzg1V0M1WENhU1hjOTdCSmNsTEllTE5MNGU0QkluUVdWQ09BVlhPWlZmX1hrS0QyYTJXYmkzMFg2SGx6RnhJMkhaRXh6OXVWSmVMZFMxQlVOOTFLV2NQZExnUnFNaWVTN2hZdVg5OWxRelB5QzZxZF9ZUUptUVFUbm9qRmJJb2g2cU93clpkUlo3VDZLeEhQelktQUcxdE1DNzZPRFBxaVktalJQZ3FYM3dNMmFrY0syNVRJZ3hsT2Jld1Iwa2xHeHVkMWI3QUU?oc=5\" target=\"_blank\" rel=\"noopener\">Tesla atteint son niveau le plus bas depuis plus de trois semaines alors que la querelle entre Trump et Musk s<\/a>&nbsp;&nbsp;Boursorama<\/li>\n<li><a href=\"https:\/\/news.google.com\/rss\/articles\/CBMi3AFBVV95cUxObW8weVpSYWdWRlNvU2FaTXVFaDR0MU1SV3dRT3Z2UUdYcXN2RUEtUDgzUTZFeUlvcEctSWZSbTNoVm5VeXJxMmlZeUI5aUlNaTNsRWxjYlFrRFc0MkxFcU5Ea2lGQVVXV0xWdGRTZWxtckt0S0lzalc4SmpWNngyUU9GNkw0YWlwLUZmdG1LUlBHNzY5d0V5WEx3aUdaUTY1NFVJZFVUZTJwbnlvTDd3VzQ4OVp6bzNHTjJSazNjOVd3ak5JcVZpOEJjdHAyVUplbjBtcy1MMEFtckM2?oc=5\" target=\"_blank\" rel=\"noopener\">Donald Trump relance les hostilit\u00e9s contre Elon Musk : \u00ab\u00a0Qu\u2019il retourne en Afrique du Sud !\u00a0\u00bb<\/a>&nbsp;&nbsp;Actualit\u00e9s \u2013 Orange<\/li>\n<li><a href=\"https:\/\/news.google.com\/rss\/articles\/CBMi_gFBVV95cUxNajRRNGRRbWZaR195bGliZXlGZVphTmRJcDBRaGlHYlFkM0VuVXZBUERHLXF0akhLbjJXd3N1U25TS2hCNnVzVm13OUdTeDRWbG1MZXZTV2VOaTRJcERkUnNxQWo1ajU3YUtxSWtieGliQnR2eXNrMm95cDIzV3g4WENHWUtfMmd4Slo5QnRFWThCY1hjNkxSTFIzbXNtQzZqOWxCTmFwOU5ZYi1HRGlPdklDaGxZUW8tVEFnZW1LT1NuQ0ZBWTJGeVpyS1JhS2VvYzdzSkRBeFhjbFJYaGVNYTJOdFlfRmZnQW1jR2pIWG1mUTJ4LUNPRjZXbUJ5QQ?oc=5\" target=\"_blank\" rel=\"noopener\">\u00abNous devrions peut-\u00eatre mettre le Doge sur Elon\u00bb : quand Trump tance Musk apr\u00e8s son opposition au grand projet de loi budg\u00e9taire<\/a>&nbsp;&nbsp;Le Figaro<\/li>\n<\/ol>\n","protected":false},"excerpt":{"rendered":"Oppos\u00e9 \u00e0 une loi budg\u00e9taire \u00absuicidaire\u00bb, Elon Musk menace de fracturer la droite am\u00e9ricaine&nbsp;&nbsp;Lib\u00e9ration \u00ab\u00a0Il devrait rentrer chez&hellip;\n","protected":false},"author":2,"featured_media":218455,"comment_status":"","ping_status":"","sticky":false,"template":"","format":"standard","meta":{"footnotes":""},"categories":[6],"tags":[35,23964,75,33,34,46,73,1011,27,9150],"class_list":{"0":"post-218454","1":"post","2":"type-post","3":"status-publish","4":"format-standard","5":"has-post-thumbnail","7":"category-economie","8":"tag-business","9":"tag-congres-americain","10":"tag-donald-trump","11":"tag-economie","12":"tag-economy","13":"tag-elon-musk","14":"tag-etats-unis","15":"tag-fr","16":"tag-france","17":"tag-parti-republicain"},"share_on_mastodon":{"url":"https:\/\/pubeurope.com\/@fr\/114778688960108542","error":""},"_links":{"self":[{"href":"https:\/\/www.europesays.com\/fr\/wp-json\/wp\/v2\/posts\/218454","targetHints":{"allow":["GET"]}}],"collection":[{"href":"https:\/\/www.europesays.com\/fr\/wp-json\/wp\/v2\/posts"}],"about":[{"href":"https:\/\/www.europesays.com\/fr\/wp-json\/wp\/v2\/types\/post"}],"author":[{"embeddable":true,"href":"https:\/\/www.europesays.com\/fr\/wp-json\/wp\/v2\/users\/2"}],"replies":[{"embeddable":true,"href":"https:\/\/www.europesays.com\/fr\/wp-json\/wp\/v2\/comments?post=218454"}],"version-history":[{"count":0,"href":"https:\/\/www.europesays.com\/fr\/wp-json\/wp\/v2\/posts\/218454\/revisions"}],"wp:featuredmedia":[{"embeddable":true,"href":"https:\/\/www.europesays.com\/fr\/wp-json\/wp\/v2\/media\/218455"}],"wp:attachment":[{"href":"https:\/\/www.europesays.com\/fr\/wp-json\/wp\/v2\/media?parent=218454"}],"wp:term":[{"taxonomy":"category","embeddable":true,"href":"https:\/\/www.europesays.com\/fr\/wp-json\/wp\/v2\/categories?post=218454"},{"taxonomy":"post_tag","embeddable":true,"href":"https:\/\/www.europesays.com\/fr\/wp-json\/wp\/v2\/tags?post=218454"}],"curies":[{"name":"wp","href":"https:\/\/api.w.org\/{rel}","templated":true}]}}