{"id":218487,"date":"2025-07-01T15:45:11","date_gmt":"2025-07-01T15:45:11","guid":{"rendered":"https:\/\/www.europesays.com\/fr\/218487\/"},"modified":"2025-07-01T15:45:11","modified_gmt":"2025-07-01T15:45:11","slug":"des-engins-explosifs-decouverts-dans-le-centre-ville-de-rennes-les-demineurs-arrivent","status":"publish","type":"post","link":"https:\/\/www.europesays.com\/fr\/218487\/","title":{"rendered":"des engins explosifs d\u00e9couverts dans le centre-ville de Rennes, les d\u00e9mineurs arrivent"},"content":{"rendered":"<p>            Par<br \/>\n        <strong><br \/>\n            <a href=\"https:\/\/actu.fr\/auteur\/laurene-fertin\" title=\"Consulter tous les articles de Laur\u00e8ne Fertin\" target=\"_blank\" rel=\"noopener\">Laur\u00e8ne Fertin<\/a><br \/>\n        <\/strong><\/p>\n<p>        Publi\u00e9 le<\/p>\n<p>            1 juil. 2025 \u00e0 17h39        <\/p>\n<p>Ce mardi 1er\u00a0juillet 2025, <strong>des engins explosifs<\/strong> ont \u00e9t\u00e9 d\u00e9couverts \u00e0 Rennes, au niveau du<strong> pont de la Mission<\/strong>.<\/p>\n<p class=\" wall-content\">Selon nos informations, <strong>un \u00e9clusier<\/strong> a d\u00e9couvert ce qui s\u2019apparenterait \u00e0 des \u00ab\u2009\u00e9l\u00e9ments potentiellement explosifs\u2009\u00bb, indique la police \u00e0 la r\u00e9daction d<a href=\"https:\/\/actu.fr\/rennes\/\" target=\"_blank\" rel=\"noopener\">\u2019actu Rennes<\/a>. Il pourrait s\u2019agir, vraisemblablement, <strong>d\u2019un obus de la Seconde Guerre mondiale <\/strong>et de diff\u00e9rentes <strong>munitions.<\/strong><\/p>\n<p>Les d\u00e9mineurs bient\u00f4t sur place<\/p>\n<p class=\" wall-content\"><strong>Un p\u00e9rim\u00e8tre de s\u00e9curit\u00e9<\/strong> a \u00e9t\u00e9 \u00e9tabli, indique <a href=\"https:\/\/x.com\/PoliceNat35\/status\/1940066708506497449\">la police sur X (ex-Twitter)<\/a>. Les forces de l\u2019ordre enjoignent \u00e0<strong> \u00ab\u2009\u00e9viter le secteur\u2009\u00bb\u2009; pr\u00e9cis\u00e9ment le mail Fran\u00e7ois-Mitterrand <\/strong>et <strong>la place de Bretagne.<\/strong><\/p>\n<p class=\" wall-content\">Des <strong>d\u00e9mineurs,<\/strong> venant de la ville de Nantes, devraient rapidement \u00eatre sur place.<\/p>\n<p class=\" wall-content\">Plus d\u2019informations \u00e0 venir\u2026<\/p>\n<p class=\" wall-content\">Suivez toute l\u2019actualit\u00e9 de vos villes et m\u00e9dias favoris en vous inscrivant \u00e0 <a href=\"https:\/\/moncompte.actu.fr\" title=\"D\u00e9couvez Mon Actu\" rel=\"nofollow noopener\" data-trk=\"{&quot;cta&quot;:{&quot;action&quot;:&quot;https:\\\/\\\/moncompte.actu.fr&quot;,&quot;category&quot;:&quot;mon compte&quot;,&quot;from&quot;:&quot;article footer&quot;,&quot;name&quot;:&quot;Mon actu&quot;,&quot;type&quot;:&quot;cta&quot;}}\" target=\"_blank\">Mon Actu<\/a>.<\/p>\n<ul class=\"ac-article-tag wall-content\">\n<li><a href=\"https:\/\/actu.fr\/tag\/police\" data-trk=\"{&quot;cta&quot;:{&quot;action&quot;:&quot;Police&quot;,&quot;category&quot;:&quot;tag&quot;,&quot;from&quot;:&quot;article footer&quot;,&quot;name&quot;:&quot;Police&quot;,&quot;type&quot;:&quot;cta&quot;}}\" target=\"_blank\" rel=\"noopener\">#Police<\/a><\/li>\n<li><a href=\"https:\/\/actu.fr\/tag\/seconde-guerre-mondiale\" data-trk=\"{&quot;cta&quot;:{&quot;action&quot;:&quot;Seconde Guerre mondiale&quot;,&quot;category&quot;:&quot;tag&quot;,&quot;from&quot;:&quot;article footer&quot;,&quot;name&quot;:&quot;Seconde Guerre mondiale&quot;,&quot;type&quot;:&quot;cta&quot;}}\" target=\"_blank\" rel=\"noopener\">#Seconde Guerre mondiale<\/a><\/li>\n<\/ul>\n","protected":false},"excerpt":{"rendered":"Par Laur\u00e8ne Fertin Publi\u00e9 le 1 juil. 2025 \u00e0 17h39 Ce mardi 1er\u00a0juillet 2025, des engins explosifs ont&hellip;\n","protected":false},"author":2,"featured_media":218488,"comment_status":"","ping_status":"","sticky":false,"template":"","format":"standard","meta":{"footnotes":""},"categories":[2821],"tags":[1111,11,829,1777,674,118,1011,27,12,1072,584,25,935],"class_list":{"0":"post-218487","1":"post","2":"type-post","3":"status-publish","4":"format-standard","5":"has-post-thumbnail","7":"category-rennes","8":"tag-actu","9":"tag-actualites","10":"tag-bretagne","11":"tag-eu","12":"tag-europe","13":"tag-faits-divers","14":"tag-fr","15":"tag-france","16":"tag-news","17":"tag-police","18":"tag-rennes","19":"tag-republique-francaise","20":"tag-seconde-guerre-mondiale"},"share_on_mastodon":{"url":"https:\/\/pubeurope.com\/@fr\/114778755818920302","error":""},"_links":{"self":[{"href":"https:\/\/www.europesays.com\/fr\/wp-json\/wp\/v2\/posts\/218487","targetHints":{"allow":["GET"]}}],"collection":[{"href":"https:\/\/www.europesays.com\/fr\/wp-json\/wp\/v2\/posts"}],"about":[{"href":"https:\/\/www.europesays.com\/fr\/wp-json\/wp\/v2\/types\/post"}],"author":[{"embeddable":true,"href":"https:\/\/www.europesays.com\/fr\/wp-json\/wp\/v2\/users\/2"}],"replies":[{"embeddable":true,"href":"https:\/\/www.europesays.com\/fr\/wp-json\/wp\/v2\/comments?post=218487"}],"version-history":[{"count":0,"href":"https:\/\/www.europesays.com\/fr\/wp-json\/wp\/v2\/posts\/218487\/revisions"}],"wp:featuredmedia":[{"embeddable":true,"href":"https:\/\/www.europesays.com\/fr\/wp-json\/wp\/v2\/media\/218488"}],"wp:attachment":[{"href":"https:\/\/www.europesays.com\/fr\/wp-json\/wp\/v2\/media?parent=218487"}],"wp:term":[{"taxonomy":"category","embeddable":true,"href":"https:\/\/www.europesays.com\/fr\/wp-json\/wp\/v2\/categories?post=218487"},{"taxonomy":"post_tag","embeddable":true,"href":"https:\/\/www.europesays.com\/fr\/wp-json\/wp\/v2\/tags?post=218487"}],"curies":[{"name":"wp","href":"https:\/\/api.w.org\/{rel}","templated":true}]}}